
{"id":33213,"date":"2026-09-05T08:39:05","date_gmt":"2026-09-05T06:39:05","guid":{"rendered":"https:\/\/africanova.info\/?p=33213"},"modified":"2026-09-05T08:39:08","modified_gmt":"2026-09-05T06:39:08","slug":"mouvements-dans-le-corps-prefectoral-nomination-de-nouvelles-sous-prefetes-publiee-au-journal-officiel","status":"publish","type":"post","link":"https:\/\/africanova.info\/?p=33213","title":{"rendered":"Mouvements dans le Corps Pr\u00e9fectoral : Nomination de Nouvelles Sous-Pr\u00e9f\u00e8tes Publi\u00e9e au Journal Officiel"},"content":{"rendered":"<p class=\"wp-block-paragraph\"><strong>1. Modernisation de la Haute Administration et Promotion de la Parit\u00e9<\/strong><\/p><p class=\"wp-block-paragraph\">Le d\u00e9cret pr\u00e9sidentiel portant sur la mobilit\u00e9, la nomination et la restructuration de la haute administration de l&rsquo;\u00c9tat fran\u00e7ais a \u00e9t\u00e9 officiellement publi\u00e9 ce matin au Journal Officiel de la R\u00e9publique Fran\u00e7aise. Ce mouvement d&rsquo;envergure au sein du corps pr\u00e9fectoral met en lumi\u00e8re la promotion et l&rsquo;affectation strat\u00e9gique de plusieurs nouvelles sous-pr\u00e9f\u00e8tes, appel\u00e9es \u00e0 occuper des postes de direction territoriale de premier plan dans les d\u00e9partements et les arrondissements de l&rsquo;Hexagone ainsi que dans les territoires ultramarins.<\/p><p class=\"wp-block-paragraph\">Ces nominations s&rsquo;inscrivent dans la droite ligne de la volont\u00e9 r\u00e9it\u00e9r\u00e9e de l&rsquo;ex\u00e9cutif de moderniser les services d\u00e9concentr\u00e9s de l&rsquo;\u00c9tat, en pla\u00e7ant au c\u0153ur des missions pr\u00e9fectorales la transition \u00e9cologique op\u00e9rationnelle, la coh\u00e9sion sociale des territoires et l&rsquo;efficacit\u00e9 intransigeante de l&rsquo;action publique de proximit\u00e9. Les profils nouvellement promus se distinguent par leurs parcours interminist\u00e9riels riches et diversifi\u00e9s, combinant des expertises av\u00e9r\u00e9es en mati\u00e8re de gestion des crises s\u00e9curitaires et sanitaires, de planification budg\u00e9taire locale et d&rsquo;accompagnement des mutations industrielles et \u00e9nerg\u00e9tiques.<\/p><p class=\"wp-block-paragraph\">La f\u00e9minisation accrue des instances dirigeantes de l&rsquo;administration territoriale t\u00e9moigne \u00e9galement des progr\u00e8s constants r\u00e9alis\u00e9s en mati\u00e8re de parit\u00e9 au sein de la haute fonction publique, un signal fort envoy\u00e9 pour encourager l&rsquo;excellence et la diversit\u00e9 des comp\u00e9tences au service de l&rsquo;\u00c9tat. Les nouvelles sous-pr\u00e9f\u00e8tes auront la lourde charge de incarner l&rsquo;autorit\u00e9 r\u00e9publicaine et d&rsquo;assurer le relais permanent entre les orientations strat\u00e9giques nationales et les r\u00e9alit\u00e9s concr\u00e8tes des territoires qu&rsquo;elles administreront.<\/p><figure class=\"wp-block-image size-large\"><img fetchpriority=\"high\" decoding=\"async\" width=\"1024\" height=\"683\" src=\"https:\/\/africanova.info\/wp-content\/uploads\/2026\/09\/photo_1773170684-1024x683.jpg\" alt=\"\" class=\"wp-image-33215\" srcset=\"https:\/\/africanova.info\/wp-content\/uploads\/2026\/09\/photo_1773170684-1024x683.jpg 1024w, https:\/\/africanova.info\/wp-content\/uploads\/2026\/09\/photo_1773170684-300x200.jpg 300w, https:\/\/africanova.info\/wp-content\/uploads\/2026\/09\/photo_1773170684-767x512.jpg 767w, https:\/\/africanova.info\/wp-content\/uploads\/2026\/09\/photo_1773170684-1170x781.jpg 1170w, https:\/\/africanova.info\/wp-content\/uploads\/2026\/09\/photo_1773170684-585x390-1.jpg 585w, https:\/\/africanova.info\/wp-content\/uploads\/2026\/09\/photo_1773170684-263x175.jpg 263w, https:\/\/africanova.info\/wp-content\/uploads\/2026\/09\/photo_1773170684-1319x880.jpg 1319w, https:\/\/africanova.info\/wp-content\/uploads\/2026\/09\/photo_1773170684-599x400.jpg 599w, https:\/\/africanova.info\/wp-content\/uploads\/2026\/09\/photo_1773170684.jpg 1500w\" sizes=\"(max-width: 1024px) 100vw, 1024px\" \/><\/figure><p class=\"wp-block-paragraph\"><strong>2. Enjeux Territoriaux et Pilotage Op\u00e9rationnel des R\u00e9formes de l&rsquo;\u00c9tat<\/strong><\/p><p class=\"wp-block-paragraph\">Dans un contexte national et international complexe, les missions confi\u00e9es aux repr\u00e9sentants locaux de l&rsquo;\u00c9tat n&rsquo;ont jamais \u00e9t\u00e9 aussi exigeantes. Les nouvelles sous-pr\u00e9f\u00e8tes auront pour mandat prioritaire d&rsquo;accompagner les \u00e9lus locaux et les acteurs \u00e9conomiques dans la mise en \u0153uvre des grands chantiers de la nation, notamment le d\u00e9ploiement des contrats de relance et de transition \u00e9cologique (CRTE), la simplification des proc\u00e9dures d&rsquo;implantation industrielle et le renforcement de la s\u00e9curit\u00e9 publique et de la pr\u00e9vention de la d\u00e9linquance.<\/p><p class=\"wp-block-paragraph\">Les organisations syndicales du corps pr\u00e9fectoral ont salu\u00e9 la rigueur et la transparence de ce mouvement de mutation, tout en insistant sur la n\u00e9cessit\u00e9 absolue de doter les pr\u00e9fectures de moyens humains et technologiques \u00e0 la hauteur des d\u00e9fis contemporains. Qu&rsquo;il s&rsquo;agisse de la gestion des al\u00e9as climatiques extr\u00eames, de l&rsquo;accueil et de l&rsquo;int\u00e9gration des populations ou de l&rsquo;accompagnement des mutations agricoles, le pr\u00e9fet et ses sous-pr\u00e9fets demeurent les garants indispensables de la continuit\u00e9 r\u00e9publicaine et de l&rsquo;\u00e9galit\u00e9 des territoires.<\/p><p class=\"wp-block-paragraph\"><strong>3. Perspectives pour la Gouvernance Publique de Proximit\u00e9<\/strong><\/p><p class=\"wp-block-paragraph\">L&rsquo;arriv\u00e9e de cette nouvelle g\u00e9n\u00e9ration de hauts fonctionnaires insuffle une dynamique renouvel\u00e9e \u00e0 l&rsquo;action administrative de l&rsquo;\u00c9tat. Leur capacit\u00e9 \u00e0 tisser des partenariats \u00e9troits avec l&rsquo;ensemble des forces vives locales \u2014 collectivit\u00e9s, entreprises, associations et citoyens \u2014 sera le d\u00e9terminant cl\u00e9 de la r\u00e9ussite des politiques publiques dans les mois \u00e0 venir.<\/p><p class=\"wp-block-paragraph\"><strong>Note d&rsquo;analyse :<\/strong> \u00ab\u00a0La nomination de ces nouvelles sous-pr\u00e9f\u00e8tes t\u00e9moigne de l&rsquo;engagement constant de l&rsquo;\u00c9tat pour une administration moderne, paritaire et r\u00e9solument tourn\u00e9e vers les d\u00e9fis des territoires.\u00a0\u00bb \u2014 Porte-parole du Minist\u00e8re de l&rsquo;Int\u00e9rieur.<\/p><div class=\"gsp_post_data\" data-post_type=\"post\" data-cat=\"articles-populaires\" data-modified=\"-1\" data-title=\"Mouvements dans le Corps Pr\u00e9fectoral : Nomination de Nouvelles Sous-Pr\u00e9f\u00e8tes Publi\u00e9e au Journal Officiel\" data-home=\"https:\/\/africanova.info\"><\/div>","protected":false},"excerpt":{"rendered":"<p>1. Modernisation de la Haute Administration et Promotion de la Parit\u00e9 Le d\u00e9cret pr\u00e9sidentiel portant sur la mobilit\u00e9, la nomination et la restructuration de la haute administration de l&rsquo;\u00c9tat fran\u00e7ais&hellip;<\/p>\n","protected":false},"author":1,"featured_media":33214,"comment_status":"open","ping_status":"open","sticky":false,"template":"","format":"standard","meta":{"_bbp_topic_count":0,"_bbp_reply_count":0,"_bbp_total_topic_count":0,"_bbp_total_reply_count":0,"_bbp_voice_count":0,"_bbp_anonymous_reply_count":0,"_bbp_topic_count_hidden":0,"_bbp_reply_count_hidden":0,"_bbp_forum_subforum_count":0,"_lmt_disableupdate":"","_lmt_disable":"","_jetpack_memberships_contains_paid_content":false,"footnotes":""},"categories":[307],"tags":[],"class_list":["post-33213","post","type-post","status-publish","format-standard","has-post-thumbnail","hentry","category-articles-populaires"],"jetpack_featured_media_url":"https:\/\/africanova.info\/wp-content\/uploads\/2026\/09\/photo_1709830612.jpg","jetpack_sharing_enabled":true,"_links":{"self":[{"href":"https:\/\/africanova.info\/index.php?rest_route=\/wp\/v2\/posts\/33213","targetHints":{"allow":["GET"]}}],"collection":[{"href":"https:\/\/africanova.info\/index.php?rest_route=\/wp\/v2\/posts"}],"about":[{"href":"https:\/\/africanova.info\/index.php?rest_route=\/wp\/v2\/types\/post"}],"author":[{"embeddable":true,"href":"https:\/\/africanova.info\/index.php?rest_route=\/wp\/v2\/users\/1"}],"replies":[{"embeddable":true,"href":"https:\/\/africanova.info\/index.php?rest_route=%2Fwp%2Fv2%2Fcomments&post=33213"}],"version-history":[{"count":1,"href":"https:\/\/africanova.info\/index.php?rest_route=\/wp\/v2\/posts\/33213\/revisions"}],"predecessor-version":[{"id":33216,"href":"https:\/\/africanova.info\/index.php?rest_route=\/wp\/v2\/posts\/33213\/revisions\/33216"}],"wp:featuredmedia":[{"embeddable":true,"href":"https:\/\/africanova.info\/index.php?rest_route=\/wp\/v2\/media\/33214"}],"wp:attachment":[{"href":"https:\/\/africanova.info\/index.php?rest_route=%2Fwp%2Fv2%2Fmedia&parent=33213"}],"wp:term":[{"taxonomy":"category","embeddable":true,"href":"https:\/\/africanova.info\/index.php?rest_route=%2Fwp%2Fv2%2Fcategories&post=33213"},{"taxonomy":"post_tag","embeddable":true,"href":"https:\/\/africanova.info\/index.php?rest_route=%2Fwp%2Fv2%2Ftags&post=33213"}],"curies":[{"name":"wp","href":"https:\/\/api.w.org\/{rel}","templated":true}]}}