
{"id":33205,"date":"2026-09-05T08:21:32","date_gmt":"2026-09-05T06:21:32","guid":{"rendered":"https:\/\/africanova.info\/?p=33205"},"modified":"2026-09-05T08:21:35","modified_gmt":"2026-09-05T06:21:35","slug":"manille-sous-haute-tension-la-cour-de-justice-ordonne-larrestation-de-sara-duterte","status":"publish","type":"post","link":"https:\/\/africanova.info\/?p=33205","title":{"rendered":"Manille sous Haute Tension : La Cour de Justice Ordonne l&rsquo;Arrestation de Sara Duterte"},"content":{"rendered":"<p class=\"wp-block-paragraph\"><strong>1. Une Crise Institutionnelle et Politique Majeure aux Philippines<\/strong><\/p><p class=\"wp-block-paragraph\">La sc\u00e8ne politique philippine a bascul\u00e9 ce 5 septembre 2026 dans une crise institutionnelle d&rsquo;une gravit\u00e9 inou\u00efe. La Cour supr\u00eame de Manille a officiellement \u00e9mis un mandat d&rsquo;arr\u00eat ex\u00e9cutoire \u00e0 l&rsquo;encontre de Sara Duterte, personnalit\u00e9 majeure de l&rsquo;opposition politique et ancienne vice-pr\u00e9sidente de la R\u00e9publique. Cette d\u00e9cision historique fait suite \u00e0 des charges p\u00e9nales formellement retenues par le bureau du procureur g\u00e9n\u00e9ral, l&rsquo;inculpant pour des faits pr\u00e9sum\u00e9s de d\u00e9tournement massif de fonds publics, d&rsquo;utilisation abusive de budgets de renseignement confidentiels et de violations caract\u00e9ris\u00e9es de la Constitution dans l&rsquo;exercice de ses hautes fonctions administratives et ex\u00e9cutives ant\u00e9rieures.<\/p><p class=\"wp-block-paragraph\">L&rsquo;annonce de cette mesure judiciaire a imm\u00e9diatement provoqu\u00e9 un s\u00e9isme d&rsquo;une intensit\u00e9 rare dans la capitale et \u00e0 travers l&rsquo;archipel. Des milliers de militants, de sympathisants et de partisans de la famille Duterte se sont mass\u00e9s dans les rues adjacentes aux institutions judiciaires et gouvernementales de Manille, \u00e9rigeant des barricades de fortune et exigeant l&rsquo;annulation imm\u00e9diate de ce qu&rsquo;ils qualifient ouvertement de \u00ab cabale politico-judiciaire orchestr\u00e9e par l&rsquo;ex\u00e9cutif en place pour \u00e9liminer un adversaire de premier plan \u00bb. Les forces de l&rsquo;ordre, d\u00e9ploy\u00e9es en grand nombre, ont quadrill\u00e9 la m\u00e9tropole, pla\u00e7ant les points n\u00e9vralgiques de la capitale sous haute surveillance pour pr\u00e9venir tout d\u00e9bordement insurrectionnel de grande ampleur.<\/p><p class=\"wp-block-paragraph\">Cette confrontation directe entre le pouvoir judiciaire et l&rsquo;une des dynasties politiques les plus influentes d&rsquo;Asie du Sud-Est met en lumi\u00e8re la fragilit\u00e9 des \u00e9quilibres institutionnels aux Philippines. D&rsquo;un c\u00f4t\u00e9, l&rsquo;administration en place invoque l&rsquo;imp\u00e9ratif absolu de l&rsquo;\u00c9tat de droit et de la reddition des comptes face aux malversations financi\u00e8res pr\u00e9sum\u00e9es. De l&rsquo;autre, le camp Duterte d\u00e9nonce une instrumentalisation flagrante des institutions de la R\u00e9publique \u00e0 des fins de neutralisation \u00e9lectorale, rappelant que les tensions entre le clan pr\u00e9sidentiel et les partisans de l&rsquo;ancienne vice-pr\u00e9sidente n&rsquo;ont cess\u00e9 de s&rsquo;intensifier depuis la rupture de leur alliance politique.<\/p><p class=\"wp-block-paragraph\"><strong>2. R\u00e9percussions Macro-\u00c9conomiques et Volatilit\u00e9 des March\u00e9s Financiers<\/strong><\/p><p class=\"wp-block-paragraph\">Au-del\u00e0 de la tourmente politique imm\u00e9diate, la nervosit\u00e9 gagne rapidement les march\u00e9s financiers et la communaut\u00e9 des investisseurs internationaux. Les Philippines, reconnues comme l&rsquo;une des \u00e9conomies les plus dynamiques et r\u00e9silientes de l&rsquo;Asie du Sud-Est, subissent les contrecoups de cette instabilit\u00e9 institutionnelle. Le peso philippin a accus\u00e9 des pertes sensibles sur les march\u00e9s des changes de Singapour et de Tokyo, traduisant la d\u00e9fiance croissante des op\u00e9rateurs de march\u00e9 face \u00e0 la visibilit\u00e9 politique du pays \u00e0 court et moyen terme.<\/p><figure class=\"wp-block-image size-full\"><img fetchpriority=\"high\" decoding=\"async\" width=\"980\" height=\"653\" src=\"https:\/\/africanova.info\/wp-content\/uploads\/2026\/09\/86042d70b93511090764625246e63f7e3911800d.jpg\" alt=\"\" class=\"wp-image-33207\" srcset=\"https:\/\/africanova.info\/wp-content\/uploads\/2026\/09\/86042d70b93511090764625246e63f7e3911800d.jpg 980w, https:\/\/africanova.info\/wp-content\/uploads\/2026\/09\/86042d70b93511090764625246e63f7e3911800d-300x200.jpg 300w, https:\/\/africanova.info\/wp-content\/uploads\/2026\/09\/86042d70b93511090764625246e63f7e3911800d-767x511.jpg 767w, https:\/\/africanova.info\/wp-content\/uploads\/2026\/09\/86042d70b93511090764625246e63f7e3911800d-585x390-1.jpg 585w, https:\/\/africanova.info\/wp-content\/uploads\/2026\/09\/86042d70b93511090764625246e63f7e3911800d-263x175.jpg 263w, https:\/\/africanova.info\/wp-content\/uploads\/2026\/09\/86042d70b93511090764625246e63f7e3911800d-599x399.jpg 599w\" sizes=\"(max-width: 980px) 100vw, 980px\" \/><\/figure><p class=\"wp-block-paragraph\">La Bourse de Manille (PSE) enregistre des s\u00e9ances marqu\u00e9es par une volatilit\u00e9 accrue, les investisseurs institutionnels \u00e9trangers adoptant une position attentiste. Les agences de notation internationale, telles que Moody&rsquo;s et Standard &amp; Poor&rsquo;s, ont d&rsquo;ores et d\u00e9j\u00e0 plac\u00e9 les indicateurs de gouvernance des Philippines sous surveillance renforc\u00e9e. Une prolongation des troubles civils ou un enlisement de la crise institutionnelle risquent de compromettre les flux d&rsquo;investissements directs \u00e9trangers (IDE), en particulier dans les secteurs n\u00e9vralgiques de l&rsquo;externalisation des processus d&rsquo;affaires (BPO), des infrastructures de transport et des technologies num\u00e9riques. La capacit\u00e9 de l&rsquo;\u00c9tat \u00e0 garantir un climat des affaires stable et pr\u00e9visible constitue le d\u00e9fi majeur des prochaines semaines.<\/p><p class=\"wp-block-paragraph\"><strong>3. Perspectives de l&rsquo;\u00c9quilibre D\u00e9mocratique et R\u00e9actions Internationales<\/strong><\/p><p class=\"wp-block-paragraph\">Ce choc institutionnel rebat en profondeur les cartes de la g\u00e9ographie \u00e9lectorale philippine \u00e0 l&rsquo;approche des \u00e9ch\u00e9ances l\u00e9gislatives et pr\u00e9sidentielles \u00e0 venir. Les analystes politiques s&rsquo;accordent \u00e0 souligner que cet \u00e9pisode marque un point de non-retour dans la vie d\u00e9mocratique du pays, polarisant durablement l&rsquo;opinion publique entre les partisans d&rsquo;un renforcement autoritaire de l&rsquo;autorit\u00e9 \u00e9tatique et les d\u00e9fenseurs des contre-pouvoirs constitutionnels.<\/p><p class=\"wp-block-paragraph\">Alors que les conseils juridiques de Sara Duterte pr\u00e9parent un recours en urgence devant la plus haute instance constitutionnelle pour contester la l\u00e9galit\u00e9 et la proportionnalit\u00e9 du mandat d&rsquo;arr\u00eat, la communaut\u00e9 internationale, notamment les partenaires de l&rsquo;ASEAN et les puissances occidentales, appelle instamment l&rsquo;ensemble des acteurs politiques \u00e0 la retenue, au respect des proc\u00e9dures l\u00e9gales et \u00e0 la pr\u00e9servation de la paix civile.<\/p><p class=\"wp-block-paragraph\"><strong>Note d&rsquo;analyse :<\/strong> \u00ab\u00a0L&rsquo;arrestation ordonn\u00e9e de Sara Duterte plonge Manille dans un tourbillon politique sans pr\u00e9c\u00e9dent, testant la solidit\u00e9 des contre-pouvoirs d\u00e9mocratiques aux Philippines.\u00a0\u00bb \u2014 Analyste politique r\u00e9gional, Manille.<\/p><div class=\"gsp_post_data\" data-post_type=\"post\" data-cat=\"droits-humains-et-justice\" data-modified=\"15\" data-title=\"Manille sous Haute Tension : La Cour de Justice Ordonne l&rsquo;Arrestation de Sara Duterte\" data-home=\"https:\/\/africanova.info\"><\/div>","protected":false},"excerpt":{"rendered":"<p>1. Une Crise Institutionnelle et Politique Majeure aux Philippines La sc\u00e8ne politique philippine a bascul\u00e9 ce 5 septembre 2026 dans une crise institutionnelle d&rsquo;une gravit\u00e9 inou\u00efe. La Cour supr\u00eame de&hellip;<\/p>\n","protected":false},"author":1,"featured_media":33206,"comment_status":"open","ping_status":"open","sticky":false,"template":"","format":"standard","meta":{"_bbp_topic_count":0,"_bbp_reply_count":0,"_bbp_total_topic_count":0,"_bbp_total_reply_count":0,"_bbp_voice_count":0,"_bbp_anonymous_reply_count":0,"_bbp_topic_count_hidden":0,"_bbp_reply_count_hidden":0,"_bbp_forum_subforum_count":0,"_lmt_disableupdate":"","_lmt_disable":"","_jetpack_memberships_contains_paid_content":false,"footnotes":""},"categories":[267],"tags":[],"class_list":["post-33205","post","type-post","status-publish","format-standard","has-post-thumbnail","hentry","category-droits-humains-et-justice"],"jetpack_featured_media_url":"https:\/\/africanova.info\/wp-content\/uploads\/2026\/09\/1c94aeefd9fbd03083ff19eef245415556f5189d.jpg","jetpack_sharing_enabled":true,"_links":{"self":[{"href":"https:\/\/africanova.info\/index.php?rest_route=\/wp\/v2\/posts\/33205","targetHints":{"allow":["GET"]}}],"collection":[{"href":"https:\/\/africanova.info\/index.php?rest_route=\/wp\/v2\/posts"}],"about":[{"href":"https:\/\/africanova.info\/index.php?rest_route=\/wp\/v2\/types\/post"}],"author":[{"embeddable":true,"href":"https:\/\/africanova.info\/index.php?rest_route=\/wp\/v2\/users\/1"}],"replies":[{"embeddable":true,"href":"https:\/\/africanova.info\/index.php?rest_route=%2Fwp%2Fv2%2Fcomments&post=33205"}],"version-history":[{"count":1,"href":"https:\/\/africanova.info\/index.php?rest_route=\/wp\/v2\/posts\/33205\/revisions"}],"predecessor-version":[{"id":33208,"href":"https:\/\/africanova.info\/index.php?rest_route=\/wp\/v2\/posts\/33205\/revisions\/33208"}],"wp:featuredmedia":[{"embeddable":true,"href":"https:\/\/africanova.info\/index.php?rest_route=\/wp\/v2\/media\/33206"}],"wp:attachment":[{"href":"https:\/\/africanova.info\/index.php?rest_route=%2Fwp%2Fv2%2Fmedia&parent=33205"}],"wp:term":[{"taxonomy":"category","embeddable":true,"href":"https:\/\/africanova.info\/index.php?rest_route=%2Fwp%2Fv2%2Fcategories&post=33205"},{"taxonomy":"post_tag","embeddable":true,"href":"https:\/\/africanova.info\/index.php?rest_route=%2Fwp%2Fv2%2Ftags&post=33205"}],"curies":[{"name":"wp","href":"https:\/\/api.w.org\/{rel}","templated":true}]}}