
{"id":33163,"date":"2026-09-03T00:12:37","date_gmt":"2026-09-02T22:12:37","guid":{"rendered":"https:\/\/africanova.info\/?p=33163"},"modified":"2026-09-03T00:12:42","modified_gmt":"2026-09-02T22:12:42","slug":"climat-en-europe-vague-de-chaleur-tardive-et-regulation-energetique-durgence-a-bruxelles","status":"publish","type":"post","link":"https:\/\/africanova.info\/?p=33163","title":{"rendered":"Climat en Europe : Vague de Chaleur Tardive et R\u00e9gulation \u00c9nerg\u00e9tique d&rsquo;Urgence \u00e0 Bruxelles"},"content":{"rendered":"<p class=\"wp-block-paragraph\">L&rsquo;Europe fait face \u00e0 un \u00e9pisode m\u00e9t\u00e9orologique exceptionnel en ce d\u00e9but de mois de septembre 2026, marqu\u00e9 par une vague de chaleur tardive d&rsquo;une intensit\u00e9 in\u00e9dite sur l&rsquo;ensemble du bassin m\u00e9diterran\u00e9en et de l&rsquo;Europe occidentale. Face aux tensions accrues sur les r\u00e9seaux \u00e9lectriques et aux risques accrus de s\u00e9cheresse agricole, la Commission europ\u00e9enne \u00e0 Bruxelles active des mesures de coordination d&rsquo;urgence pour r\u00e9guler la consommation et garantir la stabilit\u00e9 des infrastructures critiques.<\/p><p class=\"wp-block-paragraph\"><strong>La vuln\u00e9rabilit\u00e9 des infrastructures face aux extr\u00eames climatiques<\/strong><\/p><p class=\"wp-block-paragraph\">La persistance de temp\u00e9ratures anormalement \u00e9lev\u00e9es \u00e0 la fin de l&rsquo;\u00e9t\u00e9 met \u00e0 rude \u00e9preuve les syst\u00e8mes \u00e9nerg\u00e9tiques europ\u00e9ens. La forte demande en climatisation conjugu\u00e9e aux contraintes de refroidissement des centrales nucl\u00e9aires et thermiques contraint les gestionnaires de r\u00e9seaux \u00e0 optimiser en temps r\u00e9el la r\u00e9partition de l&rsquo;\u00e9lectricit\u00e9 \u00e0 travers le continent.<\/p><p class=\"wp-block-paragraph\">Bruxelles a ainsi enjoint aux \u00c9tats membres d&rsquo;appliquer des protocoles stricts de sobri\u00e9t\u00e9 \u00e9nerg\u00e9tique pour les b\u00e2timents administratifs et commerciaux, tout en mobilisant les r\u00e9serves strat\u00e9giques transfrontali\u00e8res pour parer \u00e0 toute d\u00e9faillance locale des r\u00e9seaux d&rsquo;approvisionnement.<\/p><figure class=\"wp-block-image size-large\"><img fetchpriority=\"high\" decoding=\"async\" width=\"1024\" height=\"576\" src=\"https:\/\/africanova.info\/wp-content\/uploads\/2026\/09\/1200x675_cmsv2_ec4dbacc-f051-53f2-b50e-516dea8cb54f-3977332-1024x576.webp\" alt=\"\" class=\"wp-image-33165\" srcset=\"https:\/\/africanova.info\/wp-content\/uploads\/2026\/09\/1200x675_cmsv2_ec4dbacc-f051-53f2-b50e-516dea8cb54f-3977332-1024x576.webp 1024w, https:\/\/africanova.info\/wp-content\/uploads\/2026\/09\/1200x675_cmsv2_ec4dbacc-f051-53f2-b50e-516dea8cb54f-3977332-300x169.webp 300w, https:\/\/africanova.info\/wp-content\/uploads\/2026\/09\/1200x675_cmsv2_ec4dbacc-f051-53f2-b50e-516dea8cb54f-3977332-768x432.webp 768w, https:\/\/africanova.info\/wp-content\/uploads\/2026\/09\/1200x675_cmsv2_ec4dbacc-f051-53f2-b50e-516dea8cb54f-3977332-1170x658.webp 1170w, https:\/\/africanova.info\/wp-content\/uploads\/2026\/09\/1200x675_cmsv2_ec4dbacc-f051-53f2-b50e-516dea8cb54f-3977332-585x329.webp 585w, https:\/\/africanova.info\/wp-content\/uploads\/2026\/09\/1200x675_cmsv2_ec4dbacc-f051-53f2-b50e-516dea8cb54f-3977332-600x338.webp 600w, https:\/\/africanova.info\/wp-content\/uploads\/2026\/09\/1200x675_cmsv2_ec4dbacc-f051-53f2-b50e-516dea8cb54f-3977332.webp 1200w\" sizes=\"(max-width: 1024px) 100vw, 1024px\" \/><\/figure><p class=\"wp-block-paragraph\"><strong>L&rsquo;acc\u00e9l\u00e9ration forc\u00e9e des politiques d&rsquo;adaptation climatique<\/strong><\/p><p class=\"wp-block-paragraph\">Cet \u00e9v\u00e9nement m\u00e9t\u00e9orologique extr\u00eame relance avec acuit\u00e9 le d\u00e9bat sur la vitesse de mise en \u0153uvre du Pacte Vert europ\u00e9en. Les experts climatologiques soulignent que ces vagues de chaleur tardives ne constituent plus des anomalies passag\u00e8res, mais la nouvelle norme climatique \u00e0 laquelle les \u00e9conomies europ\u00e9ennes doivent imp\u00e9rativement s&rsquo;adapter.<\/p><ul class=\"wp-block-list\"><li><strong>Le renforcement des interconnexions \u00e9lectriques :<\/strong> Optimisation des transferts d&rsquo;\u00e9nergie renouvelable entre les pays du Nord et du Sud de l&rsquo;Europe pour lisser les pics de consommation.<\/li>\n\n<li><strong>La protection des travailleurs et des cultures :<\/strong> Adoption de directives sanitaires contraignantes pour limiter l&rsquo;exposition des salari\u00e9s en ext\u00e9rieur et soutien d&rsquo;urgence aux exploitations agricoles touch\u00e9es par la s\u00e9cheresse.<\/li>\n\n<li><strong>L&rsquo;efficacit\u00e9 thermique des b\u00e2timents :<\/strong> Acc\u00e9l\u00e9ration des programmes de r\u00e9novation \u00e9nerg\u00e9tique pour r\u00e9duire la d\u00e9pendance aux syst\u00e8mes de climatisation \u00e9nergivores.<\/li><\/ul><p class=\"wp-block-paragraph\"><strong>Un d\u00e9fi g\u00e9opolitique et soci\u00e9tal durable<\/strong><\/p><p class=\"wp-block-paragraph\">La gestion de cette crise climatique rappelle \u00e0 l&rsquo;Union europ\u00e9enne l&rsquo;urgence absolue de concilier transition \u00e9cologique et r\u00e9silience op\u00e9rationnelle. La capacit\u00e9 de Bruxelles \u00e0 coordonner une r\u00e9ponse solidaire et contraignante face aux al\u00e9as climatiques sera d\u00e9terminante pour pr\u00e9server la coh\u00e9sion \u00e9conomique et sociale du continent au cours des prochaines d\u00e9cennies.<\/p><div class=\"gsp_post_data\" data-post_type=\"post\" data-cat=\"articles-populaires\" data-modified=\"-6\" data-title=\"Climat en Europe : Vague de Chaleur Tardive et R\u00e9gulation \u00c9nerg\u00e9tique d&rsquo;Urgence \u00e0 Bruxelles\" data-home=\"https:\/\/africanova.info\"><\/div>","protected":false},"excerpt":{"rendered":"<p>L&rsquo;Europe fait face \u00e0 un \u00e9pisode m\u00e9t\u00e9orologique exceptionnel en ce d\u00e9but de mois de septembre 2026, marqu\u00e9 par une vague de chaleur tardive d&rsquo;une intensit\u00e9 in\u00e9dite sur l&rsquo;ensemble du bassin&hellip;<\/p>\n","protected":false},"author":1,"featured_media":33164,"comment_status":"open","ping_status":"open","sticky":false,"template":"","format":"standard","meta":{"_bbp_topic_count":0,"_bbp_reply_count":0,"_bbp_total_topic_count":0,"_bbp_total_reply_count":0,"_bbp_voice_count":0,"_bbp_anonymous_reply_count":0,"_bbp_topic_count_hidden":0,"_bbp_reply_count_hidden":0,"_bbp_forum_subforum_count":0,"_lmt_disableupdate":"","_lmt_disable":"","_jetpack_memberships_contains_paid_content":false,"footnotes":""},"categories":[307],"tags":[20976,20977,20975,20978,20974],"class_list":["post-33163","post","type-post","status-publish","format-standard","has-post-thumbnail","hentry","category-articles-populaires","tag-canicule-septembre-europe","tag-politique-climatique-ue","tag-regulation-energetique-bruxelles","tag-transition-verte-union-europeenne","tag-vague-de-chaleur-europe-2026"],"jetpack_featured_media_url":"https:\/\/africanova.info\/wp-content\/uploads\/2026\/09\/images-73.jpg","jetpack_sharing_enabled":true,"_links":{"self":[{"href":"https:\/\/africanova.info\/index.php?rest_route=\/wp\/v2\/posts\/33163","targetHints":{"allow":["GET"]}}],"collection":[{"href":"https:\/\/africanova.info\/index.php?rest_route=\/wp\/v2\/posts"}],"about":[{"href":"https:\/\/africanova.info\/index.php?rest_route=\/wp\/v2\/types\/post"}],"author":[{"embeddable":true,"href":"https:\/\/africanova.info\/index.php?rest_route=\/wp\/v2\/users\/1"}],"replies":[{"embeddable":true,"href":"https:\/\/africanova.info\/index.php?rest_route=%2Fwp%2Fv2%2Fcomments&post=33163"}],"version-history":[{"count":1,"href":"https:\/\/africanova.info\/index.php?rest_route=\/wp\/v2\/posts\/33163\/revisions"}],"predecessor-version":[{"id":33166,"href":"https:\/\/africanova.info\/index.php?rest_route=\/wp\/v2\/posts\/33163\/revisions\/33166"}],"wp:featuredmedia":[{"embeddable":true,"href":"https:\/\/africanova.info\/index.php?rest_route=\/wp\/v2\/media\/33164"}],"wp:attachment":[{"href":"https:\/\/africanova.info\/index.php?rest_route=%2Fwp%2Fv2%2Fmedia&parent=33163"}],"wp:term":[{"taxonomy":"category","embeddable":true,"href":"https:\/\/africanova.info\/index.php?rest_route=%2Fwp%2Fv2%2Fcategories&post=33163"},{"taxonomy":"post_tag","embeddable":true,"href":"https:\/\/africanova.info\/index.php?rest_route=%2Fwp%2Fv2%2Ftags&post=33163"}],"curies":[{"name":"wp","href":"https:\/\/api.w.org\/{rel}","templated":true}]}}