
{"id":33116,"date":"2026-09-01T12:46:43","date_gmt":"2026-09-01T10:46:43","guid":{"rendered":"https:\/\/africanova.info\/?p=33116"},"modified":"2026-09-01T12:46:46","modified_gmt":"2026-09-01T10:46:46","slug":"lafrique-centrale-pourquoi-tant-de-pouvoirs-vieux-et-immobiles-la-malediction-des-reseaux-de-la-francafrique-qui-ne-veut-pas-mourir","status":"publish","type":"post","link":"https:\/\/africanova.info\/?p=33116","title":{"rendered":"L&rsquo;Afrique Centrale : Pourquoi tant de pouvoirs vieux et immobiles ? La mal\u00e9diction des r\u00e9seaux de la Fran\u00e7afrique qui ne veut pas mourir"},"content":{"rendered":"<p class=\"wp-block-paragraph\"><strong>Meta Description SEO :<\/strong> Enqu\u00eate exclusive sur l&rsquo;immobilisme politique et la long\u00e9vit\u00e9 des r\u00e9gimes en Afrique Centrale au 1er septembre 2026. Analyse des structures renti\u00e8res, de la garde pr\u00e9torienne et de la m\u00e9tamorphose des r\u00e9seaux de la Fran\u00e7afrique.<\/p><p class=\"wp-block-paragraph\"><strong>Une exception d\u00e9mocratique et politique continentale<\/strong><\/p><p class=\"wp-block-paragraph\">Alors que plusieurs r\u00e9gions du continent africain connaissent des alternances d\u00e9mocratiques r\u00e9guli\u00e8res, des mutations institutionnelles tir\u00e9es par des jeunesses urbaines hyperconnect\u00e9es ou des recompositions s\u00e9curitaires majeures, l&rsquo;Afrique Centrale fait figure en ce 1\u1d49\u02b3 septembre 2026 d&rsquo;anomalie politique mondiale. De Yaound\u00e9 \u00e0 Malabo, de Brazzaville \u00e0 Libreville et Bangui, la r\u00e9gion d\u00e9tient le record absolu de long\u00e9vit\u00e9 des chefs d&rsquo;\u00c9tat, o\u00f9 des r\u00e9gimes politiques en place depuis quatre, voire cinq d\u00e9cennies, poursuivent leur existence dans un \u00e9tat de stagnation institutionnelle presque totale.<\/p><p class=\"wp-block-paragraph\">Comment expliquer cette r\u00e9sistance exceptionnelle de l&rsquo;immobilisme au c\u0153ur d&rsquo;une Afrique en pleine mutation ? Pourquoi les transitions politiques y prennent-elles syst\u00e9matiquement la forme de successions dynastiques, de r\u00e9volutions de palais ou de restaurations militaires conservatrices ? Pour comprendre cette trajectoire unique, il convient d&rsquo;analyser la convergence entre la nature renti\u00e8re des \u00e9conomies locales et la survie adaptative des anciens r\u00e9seaux de cooptation internationale connus sous le nom g\u00e9n\u00e9rique de \u00ab Fran\u00e7afrique \u00bb.<\/p><p class=\"wp-block-paragraph\"><strong>La rente p\u00e9troli\u00e8re et mini\u00e8re comme instrument d&rsquo;asphyxie d\u00e9mocratique<\/strong><\/p><p class=\"wp-block-paragraph\">Le premier pilier de cet immobilisme politique repose sur la structure \u00e9conomique m\u00eame des \u00c9tats d&rsquo;Afrique Centrale. Dot\u00e9s de ressources naturelles colossales \u2014 p\u00e9trole brut, gaz naturel, bois pr\u00e9cieux, diamant, cobalt, mangan\u00e8se \u2014, ces pays vivent sous le r\u00e9gime de l&rsquo;\u00ab \u00c9tat rentier \u00bb.<\/p><p class=\"wp-block-paragraph\">Dans ces \u00e9conomies, le pouvoir politique ne d\u00e9pend pas de la fiscalit\u00e9 lev\u00e9e sur une population active dynamique ou sur un tissu de petites et moyennes entreprises innovantes. La ressource budg\u00e9taire de l&rsquo;\u00c9tat provient quasi exclusivement des redevances vers\u00e9es par des compagnies mini\u00e8res et p\u00e9troli\u00e8res \u00e9trang\u00e8res pour l&rsquo;acc\u00e8s aux gisements.<\/p><p class=\"wp-block-paragraph\">Cette configuration cr\u00e9e une \u00e9tanch\u00e9it\u00e9 totale entre les \u00e9lites dirigeantes et les citoyens. Le gouvernement n&rsquo;a aucun compte \u00e0 rendre \u00e0 sa population sur la gestion des deniers publics, puisque sa l\u00e9gitimit\u00e9 financi\u00e8re ne d\u00e9coule pas de l&rsquo;imp\u00f4t populaire mais de la signature de contrats d&rsquo;extraction offshore. La rente capt\u00e9e par la pr\u00e9sidence et son premier cercle sert prioritairement \u00e0 entretenir un vaste r\u00e9seau de patronage politique, \u00e0 financer l&rsquo;achat de consciences au sein de l&rsquo;opposition et \u00e0 entretenir des forces de s\u00e9curit\u00e9 sur\u00e9quip\u00e9es d\u00e9di\u00e9es \u00e0 la protection exclusive du r\u00e9gime.<\/p><p class=\"wp-block-paragraph\"><strong>La garde pr\u00e9torienne et l&rsquo;ing\u00e9nierie du contr\u00f4le s\u00e9curitaire interne<\/strong><\/p><p class=\"wp-block-paragraph\">Le deuxi\u00e8me verrou de la long\u00e9vit\u00e9 de ces pouvoirs vieillissants r\u00e9side dans l&rsquo;architecture s\u00e9curitaire b\u00e2tie au fil des d\u00e9cennies. Contrairement aux arm\u00e9es nationales conventionnelles charg\u00e9es de la d\u00e9fense des fronti\u00e8res, les r\u00e9gimes d&rsquo;Afrique Centrale ont d\u00e9velopp\u00e9 des garde-pr\u00e9sidentielles ultra-d\u00e9cor\u00e9es et surarm\u00e9es, souvent recrut\u00e9es sur des bases communautaires ou r\u00e9gionales strictes pour garantir une loyaut\u00e9 absolue au clan dirigeant.<\/p><p class=\"wp-block-paragraph\">Ces unit\u00e9s d&rsquo;\u00e9lite b\u00e9n\u00e9ficient d&rsquo;une priorit\u00e9 budg\u00e9taire absolue, d&rsquo;entra\u00eenements dispens\u00e9s par des conseillers militaires \u00e9trangers (qu&rsquo;ils soient historiques ou issus de nouvelles soci\u00e9t\u00e9s priv\u00e9es de s\u00e9curit\u00e9) et d&rsquo;un contr\u00f4le direct sur l&rsquo;appareil de renseignement int\u00e9rieur.<\/p><p class=\"wp-block-paragraph\">Toute contestation populaire, toute tentative de gr\u00e8ve syndicale ou toute \u00e9mergence d&rsquo;un leadership d&rsquo;opposition cr\u00e9dible est \u00e9touff\u00e9e dans l&rsquo;\u0153uf par un maillage policier f\u00e9roce. La magistrature et les commissions \u00e9lectorales dites \u00ab ind\u00e9pendantes \u00bb sont enti\u00e8rement verrouill\u00e9es par l&rsquo;ex\u00e9cutif, transformant les scrutins pr\u00e9sidentiels en de simples c\u00e9r\u00e9monies de validation bureaucratique de la continuit\u00e9 du pouvoir.<\/p><p class=\"wp-block-paragraph\"><strong>La m\u00e9tamorphose de la Fran\u00e7afrique : Du monopole historique au march\u00e9 de la protection concurentielle<\/strong><\/p><p class=\"wp-block-paragraph\">Si la \u00ab Fran\u00e7afrique \u00bb dans sa forme historique (symbolis\u00e9e par les liaisons d&rsquo;affaires opaques, les accords de d\u00e9fense secrets et le r\u00f4le des multinationales p\u00e9troli\u00e8res de l&rsquo;\u00e9poque post-coloniale) semblait en d\u00e9clin, elle s&rsquo;est en r\u00e9alit\u00e9 m\u00e9tamorphos\u00e9e pour s&rsquo;adapter au nouveau contexte international du XXI\u1d49 si\u00e8cle.<\/p><p class=\"wp-block-paragraph\">Pendant longtemps, Paris a apport\u00e9 une garantie ultime de s\u00e9curit\u00e9 aux r\u00e9gimes alli\u00e9s d&rsquo;Afrique Centrale en \u00e9change d&rsquo;un acc\u00e8s privil\u00e9gi\u00e9 aux ressources strat\u00e9giques et d&rsquo;un soutien diplomatique constant dans les enceintes internationales. Aujourd&rsquo;hui, face au d\u00e9sengagement progressif de la pr\u00e9sence militaire fran\u00e7aise officielle et \u00e0 la mont\u00e9e d&rsquo;un sentiment anticolonial virulent au sein de la jeunesse francophone, les pouvoirs vieux d&rsquo;Afrique Centrale ont appliqu\u00e9 une strat\u00e9gie de diversification des parrains s\u00e9curitaires.<\/p><p class=\"wp-block-paragraph\">Loin d&rsquo;assister \u00e0 la mort de la Fran\u00e7afrique, on observe sa mutation vers une \u00ab Fran\u00e7afrique multilat\u00e9rale et concurrentielle \u00bb. Les dirigeants de la r\u00e9gion mettent d\u00e9sormais en concurrence la France avec de nouvelles puissances comme la Russie, la Chine, les pays du Golfe ou la Turquie. Si les mercenaires russes ou les investisseurs asiatiques remplacent progressivement les anciens conseillers fran\u00e7ais dans certains d\u00e9partements minist\u00e9riels ou palais pr\u00e9sidents, la logique profonde de domination et de captation de la rente reste rigoureusement identique. Les \u00e9lites locales continuent de placer leur fortune personnelle dans des paradis fiscaux ou dans l&rsquo;immobilier de luxe occidental, tout en utilisant la rh\u00e9torique de la \u00ab souverainet\u00e9 \u00bb pour discr\u00e9diter les exigences d\u00e9mocratiques de leurs peuples.<\/p><figure class=\"wp-block-image size-full is-resized\"><img fetchpriority=\"high\" decoding=\"async\" width=\"514\" height=\"476\" src=\"https:\/\/africanova.info\/wp-content\/uploads\/2026\/09\/afrique_colonies_fr.jpg\" alt=\"\" class=\"wp-image-33118\" style=\"width:780px;height:auto\" srcset=\"https:\/\/africanova.info\/wp-content\/uploads\/2026\/09\/afrique_colonies_fr.jpg 514w, https:\/\/africanova.info\/wp-content\/uploads\/2026\/09\/afrique_colonies_fr-300x278.jpg 300w\" sizes=\"(max-width: 514px) 100vw, 514px\" \/><\/figure><p class=\"wp-block-paragraph\"><strong>L&rsquo;impact de la g\u00e9rontocratie sur la jeunesse et la fuite massive des cerveaux<\/strong><\/p><p class=\"wp-block-paragraph\">Les cons\u00e9quences sociales et \u00e9conomiques de cet immobilisme politique sont d\u00e9vastatrices. Dans des pays o\u00f9 plus de 60 % de la population a moins de 25 ans, \u00eatre gouvern\u00e9 par des dirigeants octog\u00e9naires ou nonag\u00e9naires cr\u00e9e un foss\u00e9 culturel et technologique infranchissable.<\/p><p class=\"wp-block-paragraph\">L&rsquo;absence d&rsquo;alternance et de perspectives de carri\u00e8re fond\u00e9es sur le m\u00e9rite pousse les jeunes dipl\u00f4m\u00e9s, les m\u00e9decins, les ing\u00e9nieurs et les entrepreneurs d&rsquo;Afrique Centrale \u00e0 l&rsquo;exil massif. La fuite des cerveaux vers l&rsquo;Europe, l&rsquo;Am\u00e9rique du Nord ou d&rsquo;autres r\u00e9gions plus dynamiques du continent prive l&rsquo;\u00e9conomie locale des comp\u00e9tences indispensables \u00e0 son d\u00e9veloppement.<\/p><p class=\"wp-block-paragraph\">Pendant ce temps, les syst\u00e8mes d&rsquo;enseignement sup\u00e9rieur et de sant\u00e9 publique r\u00e9gionaux souffrent d&rsquo;un sous-investissement chronique. Les \u00e9lites au pouvoir pr\u00e9f\u00e8rent se faire soigner dans les h\u00f4pitaux parisiens, genevois ou duba\u00efotes et envoyer leurs enfants dans les universit\u00e9s anglo-saxonnes plut\u00f4t que de reb\u00e2tir les services publics de leurs propres pays.<\/p><p class=\"wp-block-paragraph\"><strong>Les sc\u00e9narios de rupture pour 2030 : Successions dynastiques ou explosions sociales ?<\/strong><\/p><p class=\"wp-block-paragraph\">\u00c0 la date du 1\u1d49\u02b3 septembre 2026, l&rsquo;Afrique Centrale se trouve \u00e0 la crois\u00e9e des chemins face \u00e0 l&rsquo;in\u00e9vitable usure biologique de ses dirigeants historiques. Deux sc\u00e9narios majeurs se dessinent pour la fin de cette d\u00e9cennie :<\/p><p class=\"wp-block-paragraph\">Le premier est celui des <strong>successions dynastiques verrouill\u00e9es<\/strong>. Les clans au pouvoir pr\u00e9parent activement la transmission du flambeau pr\u00e9sidentiel aux fils, filles ou dauphins s\u00e9curitaires du s\u00e9rail, en s&rsquo;appuyant sur l&rsquo;appareil d&rsquo;\u00c9tat et l&rsquo;aval tacite des puissances \u00e9trang\u00e8res soucieuses de pr\u00e9server la stabilit\u00e9 de leurs contrats miniers et p\u00e9troliers.<\/p><p class=\"wp-block-paragraph\">Le second sc\u00e9nario est celui de l&rsquo;<strong>explosion sociale et s\u00e9curitaire incontr\u00f4l\u00e9e<\/strong>. Si les voies de la transition d\u00e9mocratique pacifique restent d\u00e9finitivement ferm\u00e9es, la frustration accumul\u00e9e par les jeunesses urbaines pr\u00e9caires, coupl\u00e9e \u00e0 la d\u00e9t\u00e9rioration du pouvoir d&rsquo;achat et aux tensions successorales au sein m\u00eame des gardes pr\u00e9toriennes, pourrait provoquer des mutineries militaires ou des soul\u00e8vements populaires massifs susceptibles d&#8217;emporter l&rsquo;ensemble du syst\u00e8me institutionnel.<\/p><p class=\"wp-block-paragraph\"><strong>Conclusion : Repenser la souverainet\u00e9 populaire au-del\u00e0 des illusions post-coloniales<\/strong><\/p><p class=\"wp-block-paragraph\">L&rsquo;immobilisme politique d&rsquo;Afrique Centrale et la long\u00e9vit\u00e9 de ses r\u00e9gimes ne sont pas une fatalit\u00e9 culturelle ni une mal\u00e9diction inh\u00e9rente au continent. Ils sont le r\u00e9sultat direct d&rsquo;un syst\u00e8me \u00e9conomique et s\u00e9curitaire pr\u00e9dateur co-construit par des \u00e9lites locales sans vision et des int\u00e9r\u00eats ext\u00e9rieurs cyniques. La v\u00e9ritable lib\u00e9ration de la r\u00e9gion ne viendra ni d&rsquo;un simple changement de partenaire g\u00e9opolitique ni d&rsquo;un ravalement de fa\u00e7ade dynastique, mais de la reconqu\u00eate par les peuples d&rsquo;Afrique Centrale de leur souverainet\u00e9 politique, \u00e9conomique et citoyenne.<\/p><div class=\"gsp_post_data\" data-post_type=\"post\" data-cat=\"articles-populaires\" data-modified=\"44\" data-title=\"L&rsquo;Afrique Centrale : Pourquoi tant de pouvoirs vieux et immobiles ? La mal\u00e9diction des r\u00e9seaux de la Fran\u00e7afrique qui ne veut pas mourir\" data-home=\"https:\/\/africanova.info\"><\/div>","protected":false},"excerpt":{"rendered":"<p>Meta Description SEO : Enqu\u00eate exclusive sur l&rsquo;immobilisme politique et la long\u00e9vit\u00e9 des r\u00e9gimes en Afrique Centrale au 1er septembre 2026. Analyse des structures renti\u00e8res, de la garde pr\u00e9torienne et&hellip;<\/p>\n","protected":false},"author":1,"featured_media":33117,"comment_status":"open","ping_status":"open","sticky":false,"template":"","format":"standard","meta":{"_bbp_topic_count":0,"_bbp_reply_count":0,"_bbp_total_topic_count":0,"_bbp_total_reply_count":0,"_bbp_voice_count":0,"_bbp_anonymous_reply_count":0,"_bbp_topic_count_hidden":0,"_bbp_reply_count_hidden":0,"_bbp_forum_subforum_count":0,"_lmt_disableupdate":"","_lmt_disable":"","_jetpack_memberships_contains_paid_content":false,"footnotes":""},"categories":[307],"tags":[],"class_list":["post-33116","post","type-post","status-publish","format-standard","has-post-thumbnail","hentry","category-articles-populaires"],"jetpack_featured_media_url":"https:\/\/africanova.info\/wp-content\/uploads\/2026\/09\/Carte-2-Les-traites-militaires-franco-africains-un-aspect-important-de-Francafrique_Q320.webp","jetpack_sharing_enabled":true,"_links":{"self":[{"href":"https:\/\/africanova.info\/index.php?rest_route=\/wp\/v2\/posts\/33116","targetHints":{"allow":["GET"]}}],"collection":[{"href":"https:\/\/africanova.info\/index.php?rest_route=\/wp\/v2\/posts"}],"about":[{"href":"https:\/\/africanova.info\/index.php?rest_route=\/wp\/v2\/types\/post"}],"author":[{"embeddable":true,"href":"https:\/\/africanova.info\/index.php?rest_route=\/wp\/v2\/users\/1"}],"replies":[{"embeddable":true,"href":"https:\/\/africanova.info\/index.php?rest_route=%2Fwp%2Fv2%2Fcomments&post=33116"}],"version-history":[{"count":1,"href":"https:\/\/africanova.info\/index.php?rest_route=\/wp\/v2\/posts\/33116\/revisions"}],"predecessor-version":[{"id":33119,"href":"https:\/\/africanova.info\/index.php?rest_route=\/wp\/v2\/posts\/33116\/revisions\/33119"}],"wp:featuredmedia":[{"embeddable":true,"href":"https:\/\/africanova.info\/index.php?rest_route=\/wp\/v2\/media\/33117"}],"wp:attachment":[{"href":"https:\/\/africanova.info\/index.php?rest_route=%2Fwp%2Fv2%2Fmedia&parent=33116"}],"wp:term":[{"taxonomy":"category","embeddable":true,"href":"https:\/\/africanova.info\/index.php?rest_route=%2Fwp%2Fv2%2Fcategories&post=33116"},{"taxonomy":"post_tag","embeddable":true,"href":"https:\/\/africanova.info\/index.php?rest_route=%2Fwp%2Fv2%2Ftags&post=33116"}],"curies":[{"name":"wp","href":"https:\/\/api.w.org\/{rel}","templated":true}]}}