
{"id":33108,"date":"2026-09-01T12:34:05","date_gmt":"2026-09-01T10:34:05","guid":{"rendered":"https:\/\/africanova.info\/?p=33108"},"modified":"2026-09-01T12:34:08","modified_gmt":"2026-09-01T10:34:08","slug":"diplomatie-globale-gouvernance-mondiale-g20-monde","status":"publish","type":"post","link":"https:\/\/africanova.info\/?p=33108","title":{"rendered":"DIPLOMATIE GLOBALE &#038; GOUVERNANCE MONDIALE (G20 \/ MONDE)"},"content":{"rendered":"<p class=\"wp-block-paragraph\"><strong>Sommet du G20 au 1er septembre 2026 : Le pacte mondial pour la r\u00e9forme de la gouvernance financi\u00e8re et la transition \u00e9nerg\u00e9tique des pays \u00e9mergents<\/strong><\/p><p class=\"wp-block-paragraph\"><strong>Meta Description SEO :<\/strong> Enqu\u00eate exclusive sur l&rsquo;ouverture du Sommet du G20 du 1er septembre 2026. D\u00e9couvrez les d\u00e9tails de la r\u00e9forme du FMI et de la Banque Mondiale et le nouveau pacte de financement de la transition \u00e9nerg\u00e9tique du Sud Global.<\/p><p class=\"wp-block-paragraph\"><strong>Une refonte historique du syst\u00e8me financier issu de Bretton Woods<\/strong><\/p><p class=\"wp-block-paragraph\">En ce 1\u1d49\u02b3 septembre 2026, s&rsquo;ouvre la session pl\u00e9ni\u00e8re du Sommet des chefs d&rsquo;\u00c9tat et de gouvernement du G20, r\u00e9unissant les plus grandes \u00e9conomies d\u00e9velopp\u00e9es, les g\u00e9ants \u00e9mergents et les repr\u00e9sentants de l&rsquo;Union Africaine d\u00e9sormais pleinement int\u00e9gr\u00e9e aux travaux de la gouvernance globale. Au centre de l&rsquo;agenda diplomatique de cette \u00e9dition 2026 figure l&rsquo;adoption d&rsquo;un compromis financier et environnemental historique : la restructuration profonde des institutions de Bretton Woods (Fonds Mon\u00e9taire International et Banque Mondiale) coupl\u00e9e \u00e0 un m\u00e9canisme mondial de financement de la transition \u00e9nerg\u00e9tique et de l&rsquo;adaptation climatique destin\u00e9 au Sud Global.<\/p><p class=\"wp-block-paragraph\"><strong>La fin du d\u00e9calage financier entre le Nord et le Sud<\/strong><\/p><p class=\"wp-block-paragraph\">Depuis des d\u00e9cennies, la structure du syst\u00e8me financier international faisait l&rsquo;objet de critiques acerbes de la part des pays en d\u00e9veloppement. Les conditions d&rsquo;octroi de cr\u00e9dits, les taux d&rsquo;int\u00e9r\u00eat prohibitifs appliqu\u00e9s aux \u00e9conomies du Sud en raison de primes de risque sur\u00e9valu\u00e9es, et la sous-repr\u00e9sentation des pays d&rsquo;Afrique, d&rsquo;Am\u00e9rique latine et d&rsquo;Asie du Sud au sein des organes de d\u00e9cision du FMI cr\u00e9aient une fracture insupportable.<\/p><p class=\"wp-block-paragraph\">Au 1\u1d49\u02b3 septembre 2026, sous la pression combin\u00e9e des pays \u00e9mergents et d&rsquo;une prise de conscience du co\u00fbt de l&rsquo;inaction climatique, le G20 ent\u00e9rine un r\u00e9\u00e9quilibrage majeur des droits de vote au sein des institutions financi\u00e8res multilat\u00e9rales. Cette r\u00e9allocation des quotas redistribue une part du pouvoir d\u00e9cisionnel au profit des nations du Sud Global, refl\u00e9tant enfin la r\u00e9alit\u00e9 d\u00e9mographique et \u00e9conomique du monde contemporain.<\/p><p class=\"wp-block-paragraph\"><strong>Le m\u00e9canisme mondial de recapitalisation verte et d&rsquo;annulation des dettes \u00e9cologiques<\/strong><\/p><p class=\"wp-block-paragraph\">La mesure la plus concr\u00e8te adopt\u00e9e lors de ce sommet r\u00e9side dans la cr\u00e9ation du <strong>Fonds de Garantie pour la Transition Juste<\/strong>. Ce dispositif permet d&rsquo;annuler ou de convertir des tranches massives de dette souveraine en investissements directs dans les infrastructures d&rsquo;\u00e9nergie propre (solaire, hydro\u00e9lectricit\u00e9, hydrog\u00e8ne vert) et dans la pr\u00e9servation des grands bassins forestiers mondiaux (Amazonie, Bassin du Congo, for\u00eats d&rsquo;Asie du Sud-Est).<\/p><p class=\"wp-block-paragraph\">Au lieu d&rsquo;asphyxier le budget des nations en d\u00e9veloppement par le service de la dette ext\u00e9rieure, ce pacte financier autorise les gouvernements concern\u00e9s \u00e0 r\u00e9orienter leurs capitaux vers la modernisation de leurs r\u00e9seaux \u00e9lectriques et l&rsquo;acc\u00e8s universel \u00e0 l&rsquo;\u00e9lectricit\u00e9 pour leurs populations. Les pays industrialis\u00e9s du G20 apportent de leur c\u00f4t\u00e9 des garanties publiques permettant de lever des centaines de milliards de dollars aupr\u00e8s des march\u00e9s financiers priv\u00e9s \u00e0 des taux concessionnels tr\u00e8s bas.<\/p><figure class=\"wp-block-image size-full\"><img fetchpriority=\"high\" decoding=\"async\" width=\"1024\" height=\"803\" src=\"https:\/\/africanova.info\/wp-content\/uploads\/2026\/09\/AU-1024x803-1.jpg\" alt=\"\" class=\"wp-image-33110\" srcset=\"https:\/\/africanova.info\/wp-content\/uploads\/2026\/09\/AU-1024x803-1.jpg 1024w, https:\/\/africanova.info\/wp-content\/uploads\/2026\/09\/AU-1024x803-1-300x235.jpg 300w, https:\/\/africanova.info\/wp-content\/uploads\/2026\/09\/AU-1024x803-1-768x602.jpg 768w, https:\/\/africanova.info\/wp-content\/uploads\/2026\/09\/AU-1024x803-1-585x459.jpg 585w, https:\/\/africanova.info\/wp-content\/uploads\/2026\/09\/AU-1024x803-1-600x471.jpg 600w\" sizes=\"(max-width: 1024px) 100vw, 1024px\" \/><\/figure><p class=\"wp-block-paragraph\"><strong>La tarification mondiale du carbone et la r\u00e9gulation du commerce transfrontalier<\/strong><\/p><p class=\"wp-block-paragraph\">Le deuxi\u00e8me volet des n\u00e9gociations de ce 1\u1d49\u02b3 septembre concerne l&rsquo;harmonisation de la fiscalit\u00e9 carbone au niveau international. Face \u00e0 la multiplication des m\u00e9canismes d&rsquo;ajustement carbone aux fronti\u00e8res d\u00e9velopp\u00e9s par certains blocs r\u00e9gionaux, le G20 parvient \u00e0 un accord-cadre visant \u00e0 \u00e9viter les distorsions de concurrence et le protectionnisme d\u00e9guis\u00e9.<\/p><p class=\"wp-block-paragraph\">L&rsquo;accord pr\u00e9voit la cr\u00e9ation d&rsquo;un plancher mondial de tarification du carbone modul\u00e9 en fonction du niveau de d\u00e9veloppement \u00e9conomique de chaque nation. Les recettes fiscales g\u00e9n\u00e9r\u00e9es par cette tarification internationale sont directement r\u00e9inject\u00e9es dans un fonds de transfert technologique g\u00e9r\u00e9 conjointement par les nations d\u00e9velopp\u00e9es et les pays \u00e9mergents. Ce m\u00e9canisme facilite l&rsquo;acc\u00e8s du Sud Global aux brevets industriels d&rsquo;\u00e9nergies propres et aux technologies de captage de dioxyde de carbone.<\/p><p class=\"wp-block-paragraph\"><strong>La souverainet\u00e9 num\u00e9rique, l&rsquo;IA et l&rsquo;\u00e9thique dans le nouvel ordre \u00e9conomique international<\/strong><\/p><p class=\"wp-block-paragraph\">Outre le climat et la finance, les dirigeants du G20 consacrent une part centrale de leurs travaux au contr\u00f4le multilat\u00e9ral des technologies d&rsquo;intelligence artificielle. Face aux risques de fracture num\u00e9rique entre les nations poss\u00e9dant la puissance de calcul avanc\u00e9e et celles r\u00e9duites au statut de simples utilisateurs de donn\u00e9es, le G20 valide la cr\u00e9ation d&rsquo;un Haut-Conseil International sur l&rsquo;Ethique et la Gouvernance de l&rsquo;IA.<\/p><p class=\"wp-block-paragraph\">Ce nouvel organe sous \u00e9gide onusienne est charg\u00e9 d&rsquo;\u00e9tablir des r\u00e8gles communes pour la transparence des algorithmes, la protection des donn\u00e9es personnelles et l&rsquo;acc\u00e8s \u00e9quitable des pays en d\u00e9veloppement aux infrastructures informatiques de pointe. L&rsquo;objectif explicite est d&#8217;emp\u00eacher que la r\u00e9volution de l&rsquo;intelligence artificielle ne devienne un nouveau facteur de creusement des in\u00e9galit\u00e9s \u00e9conomiques mondiales.<\/p><p class=\"wp-block-paragraph\"><strong>Conclusion : La naissance d&rsquo;un multipolarisme pragmatique et coop\u00e9ratif<\/strong><\/p><p class=\"wp-block-paragraph\">Le Sommet du G20 du 1\u1d49\u02b3 septembre 2026 s&rsquo;impose comme un tournant fondamental dans l&rsquo;histoire de la diplomatie mondiale. En parvenant \u00e0 concilier les exigences de la transition \u00e9cologique, la r\u00e9\u00e9quilibrage de la finance internationale et la r\u00e9gulation des technologies de rupture, les grands dirigeants mondiaux posent les bases d&rsquo;un multipolarisme plus juste, capable de r\u00e9pondre collectivement aux d\u00e9fis globaux du XXI\u1d49 si\u00e8cle.<\/p><div class=\"gsp_post_data\" data-post_type=\"post\" data-cat=\"geopolitique-et-conflits-international\" data-modified=\"57\" data-title=\"DIPLOMATIE GLOBALE &#038; GOUVERNANCE MONDIALE (G20 \/ MONDE)\" data-home=\"https:\/\/africanova.info\"><\/div>","protected":false},"excerpt":{"rendered":"<p>Sommet du G20 au 1er septembre 2026 : Le pacte mondial pour la r\u00e9forme de la gouvernance financi\u00e8re et la transition \u00e9nerg\u00e9tique des pays \u00e9mergents Meta Description SEO : Enqu\u00eate&hellip;<\/p>\n","protected":false},"author":1,"featured_media":33109,"comment_status":"open","ping_status":"open","sticky":false,"template":"","format":"standard","meta":{"_bbp_topic_count":0,"_bbp_reply_count":0,"_bbp_total_topic_count":0,"_bbp_total_reply_count":0,"_bbp_voice_count":0,"_bbp_anonymous_reply_count":0,"_bbp_topic_count_hidden":0,"_bbp_reply_count_hidden":0,"_bbp_forum_subforum_count":0,"_lmt_disableupdate":"","_lmt_disable":"","_jetpack_memberships_contains_paid_content":false,"footnotes":""},"categories":[6657],"tags":[],"class_list":["post-33108","post","type-post","status-publish","format-standard","has-post-thumbnail","hentry","category-geopolitique-et-conflits-international"],"jetpack_featured_media_url":"https:\/\/africanova.info\/wp-content\/uploads\/2026\/09\/rc2n1ia8hpy3-scaled-1.jpg","jetpack_sharing_enabled":true,"_links":{"self":[{"href":"https:\/\/africanova.info\/index.php?rest_route=\/wp\/v2\/posts\/33108","targetHints":{"allow":["GET"]}}],"collection":[{"href":"https:\/\/africanova.info\/index.php?rest_route=\/wp\/v2\/posts"}],"about":[{"href":"https:\/\/africanova.info\/index.php?rest_route=\/wp\/v2\/types\/post"}],"author":[{"embeddable":true,"href":"https:\/\/africanova.info\/index.php?rest_route=\/wp\/v2\/users\/1"}],"replies":[{"embeddable":true,"href":"https:\/\/africanova.info\/index.php?rest_route=%2Fwp%2Fv2%2Fcomments&post=33108"}],"version-history":[{"count":1,"href":"https:\/\/africanova.info\/index.php?rest_route=\/wp\/v2\/posts\/33108\/revisions"}],"predecessor-version":[{"id":33111,"href":"https:\/\/africanova.info\/index.php?rest_route=\/wp\/v2\/posts\/33108\/revisions\/33111"}],"wp:featuredmedia":[{"embeddable":true,"href":"https:\/\/africanova.info\/index.php?rest_route=\/wp\/v2\/media\/33109"}],"wp:attachment":[{"href":"https:\/\/africanova.info\/index.php?rest_route=%2Fwp%2Fv2%2Fmedia&parent=33108"}],"wp:term":[{"taxonomy":"category","embeddable":true,"href":"https:\/\/africanova.info\/index.php?rest_route=%2Fwp%2Fv2%2Fcategories&post=33108"},{"taxonomy":"post_tag","embeddable":true,"href":"https:\/\/africanova.info\/index.php?rest_route=%2Fwp%2Fv2%2Ftags&post=33108"}],"curies":[{"name":"wp","href":"https:\/\/api.w.org\/{rel}","templated":true}]}}