
{"id":33079,"date":"2026-09-01T11:07:43","date_gmt":"2026-09-01T09:07:43","guid":{"rendered":"https:\/\/africanova.info\/?p=33079"},"modified":"2026-09-01T11:07:48","modified_gmt":"2026-09-01T09:07:48","slug":"politique-gouvernance-afrique-de-louest-benin","status":"publish","type":"post","link":"https:\/\/africanova.info\/?p=33079","title":{"rendered":"POLITIQUE &#038; GOUVERNANCE (AFRIQUE DE L&rsquo;OUEST \/ B\u00c9NIN)"},"content":{"rendered":"<p class=\"wp-block-paragraph\"><strong>Rentr\u00e9e gouvernementale \u00e0 Cotonou : Les priorit\u00e9s strat\u00e9giques de Patrice Talon et les enjeux socio-\u00e9conomiques post-vacances de septembre 2026<\/strong><\/p><p class=\"wp-block-paragraph\"><strong>Meta Description SEO :<\/strong> Analyse politique exclusive du Conseil des ministres de rentr\u00e9e au B\u00e9nin ce 1er septembre 2026. D\u00e9couvrez les r\u00e9formes \u00e9conomiques de Patrice Talon, les chantiers d&rsquo;infrastructures \u00e0 Cotonou et les perspectives budg\u00e9taires de l&rsquo;UEMOA.<\/p><p class=\"wp-block-paragraph\"><strong>Un Conseil des ministres d\u00e9cisif au Palais de la Marina pour ouvrir l&rsquo;\u00e9ch\u00e9ance de l&rsquo;automne 2026<\/strong><\/p><p class=\"wp-block-paragraph\">En ce mardi 1\u1d49\u02b3 septembre 2026, l&rsquo;ex\u00e9cutif b\u00e9ninois effectue sa rentr\u00e9e politique officielle au Palais de la Marina \u00e0 Cotonou sous la pr\u00e9sidence du chef de l&rsquo;\u00c9tat, Patrice Talon. Apr\u00e8s la pause estivale traditionnelle, ce premier Conseil des ministres de septembre fixe la feuille de route prioritaire du gouvernement pour le dernier quadrimestre de l&rsquo;ann\u00e9e financi\u00e8re. Dans un contexte marqu\u00e9 par les exigences d&rsquo;assainissement budg\u00e9taire au sein de la zone UEMOA et la n\u00e9cessit\u00e9 de soutenir la consommation des m\u00e9nages face aux pouss\u00e9es inflationnistes r\u00e9gionales, cette rentr\u00e9e politique rev\u00eat une dimension \u00e9conomique et sociale particuli\u00e8rement strat\u00e9gique.<\/p><p class=\"wp-block-paragraph\"><strong>La consolidation des investissements massifs dans la Zone \u00c9conomique Sp\u00e9ciale de Glo-Djigb\u00e9 (GDIZ)<\/strong><\/p><p class=\"wp-block-paragraph\">Au premier rang de l&rsquo;agenda gouvernemental figure l&rsquo;acc\u00e9l\u00e9ration du mod\u00e8le d&rsquo;industrialisation locale symbolis\u00e9 par la Zone \u00c9conomique Sp\u00e9ciale de Glo-Djigb\u00e9 (GDIZ). Le B\u00e9nin a fait le choix strat\u00e9gique de bannir l&rsquo;exportation brute de ses mati\u00e8res premi\u00e8res agricoles, au premier rang desquelles le coton et la noix de cajou, pour imposer une transformation \u00e0 valeur ajout\u00e9e sur le territoire national.<\/p><p class=\"wp-block-paragraph\">Cette rentr\u00e9e de septembre 2026 voit l&rsquo;inauguration de nouvelles unit\u00e9s de confection textile et de d\u00e9corticage de noix d&rsquo;acajou, con\u00e7ues pour approvisionner directement les march\u00e9s europ\u00e9ens et nord-am\u00e9ricains. L&rsquo;enjeu central pour le gouvernement \u00e0 Cotonou r\u00e9side dans l&rsquo;expansion du bassin d&#8217;emplois industriels pour les jeunes dipl\u00f4m\u00e9s et techniciens locaux, tout en assurant une juste r\u00e9mun\u00e9ration aux producteurs ruraux du Nord et du Centre du pays. Les arbitrages minist\u00e9riels de ce d\u00e9but de mois doivent valider de nouvelles incitations fiscales et douani\u00e8res pour maintenir le flux des investissements directs \u00e9trangers vers la zone franche.<\/p><p class=\"wp-block-paragraph\"><strong>L&rsquo;am\u00e9nagement urbain du Grand Cotonou et le d\u00e9fi du financement des infrastructures routi\u00e8res<\/strong><\/p><p class=\"wp-block-paragraph\">Le deuxi\u00e8me pilier de l&rsquo;action gouvernementale pour cette fin d&rsquo;ann\u00e9e r\u00e9side dans la poursuite des grands travaux de modernisation urbaine et d&rsquo;assainissement du cadre de vie. Le programme de pavage et de bitonnage des axes secondaires du Grand Cotonou, d&rsquo;Abomey-Calavi et de Porto-Novo entre dans sa phase d&rsquo;ach\u00e8vement. Ces chantiers d&rsquo;envergure ont transform\u00e9 la mobilit\u00e9 urbaine, r\u00e9duit les risques de stagnation des eaux pluviales lors des saisons humides et valoris\u00e9 le foncier local.<\/p><p class=\"wp-block-paragraph\">Cependant, le financement \u00e0 long terme de ces infrastructures implique une gestion rigoureuse des finances publiques. Le ministre de l\u2019\u00c9conomie et des Finances doit pr\u00e9senter lors des prochaines sessions budg\u00e9taires les m\u00e9canismes d&rsquo;amortissement de la dette souveraine, en maintenant un ratio d&rsquo;endettement conforme aux crit\u00e8res de convergence communautaires de l&rsquo;UEMOA. La mobilisation des recettes fiscales int\u00e9rieures, gr\u00e2ce \u00e0 la num\u00e9risation compl\u00e8te des services de la douane et des imp\u00f4ts, constitue le levier privil\u00e9gi\u00e9 par l&rsquo;administration Talon pour pr\u00e9server les marges de man\u0153uvre de l&rsquo;\u00c9tat sans alourdir la pression fiscale sur les petites entreprises.<\/p><figure class=\"wp-block-image size-full\"><img fetchpriority=\"high\" decoding=\"async\" width=\"1024\" height=\"683\" src=\"https:\/\/africanova.info\/wp-content\/uploads\/2026\/09\/38133511314_0c566a1f92_b.jpg\" alt=\"\" class=\"wp-image-33081\" srcset=\"https:\/\/africanova.info\/wp-content\/uploads\/2026\/09\/38133511314_0c566a1f92_b.jpg 1024w, https:\/\/africanova.info\/wp-content\/uploads\/2026\/09\/38133511314_0c566a1f92_b-300x200.jpg 300w, https:\/\/africanova.info\/wp-content\/uploads\/2026\/09\/38133511314_0c566a1f92_b-768x512.jpg 768w, https:\/\/africanova.info\/wp-content\/uploads\/2026\/09\/38133511314_0c566a1f92_b-585x390.jpg 585w, https:\/\/africanova.info\/wp-content\/uploads\/2026\/09\/38133511314_0c566a1f92_b-263x175.jpg 263w, https:\/\/africanova.info\/wp-content\/uploads\/2026\/09\/38133511314_0c566a1f92_b-600x400.jpg 600w\" sizes=\"(max-width: 1024px) 100vw, 1024px\" \/><\/figure><p class=\"wp-block-paragraph\"><strong>La stabilit\u00e9 s\u00e9curitaire aux fronti\u00e8res nord et la coh\u00e9sion sociale dans les d\u00e9partements ruraux<\/strong><\/p><p class=\"wp-block-paragraph\">Au-del\u00e0 des chantiers \u00e9conomiques et industriels, la rentr\u00e9e gouvernementale du 1\u1d49\u02b3 septembre aborde les enjeux cruciaux de la s\u00e9curit\u00e9 nationale et de la pr\u00e9vention des tensions dans les r\u00e9gions septentrionales limitrophes du Sahel. La strat\u00e9gie b\u00e9ninoise combine une r\u00e9ponse militaire professionnelle sur la ligne fronti\u00e8re et un plan d&rsquo;urgence socio-\u00e9conomique destin\u00e9 \u00e0 d\u00e9senclaver les communes du Nord.<\/p><p class=\"wp-block-paragraph\">Le gouvernement renforce les budgets allou\u00e9s \u00e0 la construction de coll\u00e8ges de proximit\u00e9, de centres de sant\u00e9 communautaires et de points d&rsquo;acc\u00e8s \u00e0 l&rsquo;eau potable dans les d\u00e9partements de l&rsquo;Alibori et Atacora. L&rsquo;objectif politique est de pr\u00e9venir le sentiment de marginalisation sociale qui favorise l&rsquo;infiltration des groupes arm\u00e9s irr\u00e9guliers. En garantissant des services publics de qualit\u00e9 et des d\u00e9bouch\u00e9s agricoles stables dans les zones frontali\u00e8res, Cotonou entend consolider le mod\u00e8le b\u00e9ninois de r\u00e9silience et de stabilit\u00e9 d\u00e9mocratique.<\/p><p class=\"wp-block-paragraph\"><strong>Les r\u00e9formes \u00e9ducatives et la pr\u00e9paration de la rentr\u00e9e scolaire 2026-2027<\/strong><\/p><p class=\"wp-block-paragraph\">Enfin, les arbitrages de ce d\u00e9but de mois portent sur la pr\u00e9paration logistique et budg\u00e9taire de la rentr\u00e9e scolaire et universitaire programm\u00e9e pour les prochaines semaines. La mise en place progressive des cantines scolaires dans toutes les \u00e9coles primaires publiques rurales demeure l&rsquo;un des programmes phares du quinquennat, affichant des r\u00e9sultats probants sur les taux de scolarisation et de r\u00e9tention des \u00e9l\u00e8ves, en particulier des jeunes filles.<\/p><p class=\"wp-block-paragraph\">L&rsquo;ex\u00e9cutif b\u00e9ninois doit \u00e9galement valider le plan de recrutement de nouveaux enseignants qualifi\u00e9s et l&rsquo;\u00e9quipement des lyc\u00e9es techniques en mat\u00e9riels informatiques et industriels de pointe. Il s&rsquo;agit d&rsquo;aligner la formation des \u00e9l\u00e8ves sur les besoins r\u00e9els des fili\u00e8res \u00e9mergentes de la GDIZ et des services num\u00e9riques \u00e0 valeur ajout\u00e9e d\u00e9velopp\u00e9s dans le pays.<\/p><p class=\"wp-block-paragraph\"><strong>Conclusion : La derni\u00e8re ligne droite d&rsquo;un mod\u00e8le de transformation structurelle<\/strong><\/p><p class=\"wp-block-paragraph\">Cette rentr\u00e9e gouvernementale du 1\u1d49\u02b3 septembre 2026 illustre la volont\u00e9 de la pr\u00e9sidence b\u00e9ninoise de maintenir un rythme \u00e9lev\u00e9 d&rsquo;ex\u00e9cution des r\u00e9formes de structure. En couplant l&rsquo;attractivit\u00e9 industrielle de la GDIZ, la modernisation des infrastructures urbaines de Cotonou et une discipline budg\u00e9taire salu\u00e9e par les agences de notation financi\u00e8res internationales, le B\u00e9nin entend r\u00e9affirmer son statut de mod\u00e8le de gouvernance et de stabilit\u00e9 \u00e9conomique en Afrique de l&rsquo;Ouest.<\/p><div class=\"gsp_post_data\" data-post_type=\"post\" data-cat=\"politique\" data-modified=\"-2\" data-title=\"POLITIQUE &#038; GOUVERNANCE (AFRIQUE DE L&rsquo;OUEST \/ B\u00c9NIN)\" data-home=\"https:\/\/africanova.info\"><\/div>","protected":false},"excerpt":{"rendered":"<p>Rentr\u00e9e gouvernementale \u00e0 Cotonou : Les priorit\u00e9s strat\u00e9giques de Patrice Talon et les enjeux socio-\u00e9conomiques post-vacances de septembre 2026 Meta Description SEO : Analyse politique exclusive du Conseil des ministres&hellip;<\/p>\n","protected":false},"author":1,"featured_media":33080,"comment_status":"open","ping_status":"open","sticky":false,"template":"","format":"standard","meta":{"_bbp_topic_count":0,"_bbp_reply_count":0,"_bbp_total_topic_count":0,"_bbp_total_reply_count":0,"_bbp_voice_count":0,"_bbp_anonymous_reply_count":0,"_bbp_topic_count_hidden":0,"_bbp_reply_count_hidden":0,"_bbp_forum_subforum_count":0,"_lmt_disableupdate":"","_lmt_disable":"","_jetpack_memberships_contains_paid_content":false,"footnotes":""},"categories":[7],"tags":[],"class_list":["post-33079","post","type-post","status-publish","format-standard","has-post-thumbnail","hentry","category-politique"],"jetpack_featured_media_url":"https:\/\/africanova.info\/wp-content\/uploads\/2026\/09\/Benin-une-gouvernance-democratique-et-politique-perfectible.jpg","jetpack_sharing_enabled":true,"_links":{"self":[{"href":"https:\/\/africanova.info\/index.php?rest_route=\/wp\/v2\/posts\/33079","targetHints":{"allow":["GET"]}}],"collection":[{"href":"https:\/\/africanova.info\/index.php?rest_route=\/wp\/v2\/posts"}],"about":[{"href":"https:\/\/africanova.info\/index.php?rest_route=\/wp\/v2\/types\/post"}],"author":[{"embeddable":true,"href":"https:\/\/africanova.info\/index.php?rest_route=\/wp\/v2\/users\/1"}],"replies":[{"embeddable":true,"href":"https:\/\/africanova.info\/index.php?rest_route=%2Fwp%2Fv2%2Fcomments&post=33079"}],"version-history":[{"count":1,"href":"https:\/\/africanova.info\/index.php?rest_route=\/wp\/v2\/posts\/33079\/revisions"}],"predecessor-version":[{"id":33082,"href":"https:\/\/africanova.info\/index.php?rest_route=\/wp\/v2\/posts\/33079\/revisions\/33082"}],"wp:featuredmedia":[{"embeddable":true,"href":"https:\/\/africanova.info\/index.php?rest_route=\/wp\/v2\/media\/33080"}],"wp:attachment":[{"href":"https:\/\/africanova.info\/index.php?rest_route=%2Fwp%2Fv2%2Fmedia&parent=33079"}],"wp:term":[{"taxonomy":"category","embeddable":true,"href":"https:\/\/africanova.info\/index.php?rest_route=%2Fwp%2Fv2%2Fcategories&post=33079"},{"taxonomy":"post_tag","embeddable":true,"href":"https:\/\/africanova.info\/index.php?rest_route=%2Fwp%2Fv2%2Ftags&post=33079"}],"curies":[{"name":"wp","href":"https:\/\/api.w.org\/{rel}","templated":true}]}}