
{"id":33071,"date":"2026-09-01T10:57:06","date_gmt":"2026-09-01T08:57:06","guid":{"rendered":"https:\/\/africanova.info\/?p=33071"},"modified":"2026-09-01T10:57:11","modified_gmt":"2026-09-01T08:57:11","slug":"emploi-des-jeunes-formation-afrique-subsaharienne","status":"publish","type":"post","link":"https:\/\/africanova.info\/?p=33071","title":{"rendered":"EMPLOI DES JEUNES &#038; FORMATION (AFRIQUE SUBSAHARIENNE)"},"content":{"rendered":"<p class=\"wp-block-paragraph\"><strong>Crise du Choc NEET 2026 en Afrique Subsaharienne : 20 % de la jeunesse sans emploi, ni \u00e9tude, ni formation professionnelle<\/strong><\/p><p class=\"wp-block-paragraph\"><strong>Meta Description SEO :<\/strong> Enqu\u00eate exclusive sur le choc des jeunes NEET en Afrique au 1er septembre 2026. Analyse des causes du ch\u00f4mage des dipl\u00f4m\u00e9s, ad\u00e9quation formation-emploi et opportunit\u00e9s dans l&rsquo;Agritech et le num\u00e9rique \u00e0 Nairobi, Lagos et Dakar.<\/p><p class=\"wp-block-paragraph\"><strong>Une urgence d\u00e9mographique majeure \u00e0 l&rsquo;\u00e9preuve des march\u00e9s du travail de l&rsquo;Afrique \u00e9mergente<\/strong><\/p><p class=\"wp-block-paragraph\">Le continent africain traverse un tournant d\u00e9mographique historique en ce d\u00e9but d&rsquo;ann\u00e9e 2026, caract\u00e9ris\u00e9 par la plus forte concentration de jeunes au monde. Toutefois, les donn\u00e9es synth\u00e9tiques publi\u00e9es ce 1\u1d49\u02b3 septembre par les observatoires r\u00e9gionaux du travail r\u00e9v\u00e8lent une crise structurelle profonde : plus de <strong>20 % des jeunes \u00e2g\u00e9s de 15 \u00e0 24 ans en Afrique subsaharienne sont cat\u00e9goris\u00e9s comme NEET<\/strong> (<em>Not in Education, Employment, or Training<\/em>). Ces millions de jeunes hommes et femmes se retrouvent totalement d\u00e9connect\u00e9s des r\u00e9seaux d&rsquo;enseignement formel, des centres d&rsquo;apprentissage professionnel et du march\u00e9 de l&#8217;emploi r\u00e9mun\u00e9r\u00e9.<\/p><p class=\"wp-block-paragraph\"><strong>L&rsquo;inad\u00e9quation acad\u00e9mique et le d\u00e9classement des dipl\u00f4m\u00e9s du sup\u00e9rieur \u00e0 Dakar, Bamako et Douala<\/strong><\/p><p class=\"wp-block-paragraph\">La mont\u00e9e du ph\u00e9nom\u00e8ne NEET ne s&rsquo;explique pas uniquement par la raret\u00e9 globale des postes de travail. Elle traduit une inad\u00e9quation quantitative et qualitative entre le syst\u00e8me d&rsquo;enseignement sup\u00e9rieur traditionnel et la r\u00e9alit\u00e9 op\u00e9rationnelle des entreprises de la r\u00e9gion. Pendant plusieurs d\u00e9cennies, les universit\u00e9s publiques ont privil\u00e9gi\u00e9 les cursus litt\u00e9raires et de sciences humaines au d\u00e9triment des fili\u00e8res techniques, scientifiques et d&rsquo;ing\u00e9nierie appliqu\u00e9e.<\/p><p class=\"wp-block-paragraph\">Il en r\u00e9sulte une saturation dramatique du march\u00e9 de l&#8217;emploi pour les jeunes dipl\u00f4m\u00e9s universitaires \u00e0 Dakar, Bamako, Douala ou Ouagadougou. Des milliers de titulaires de ma\u00eetrises ou de licences se retrouvent contraints au ch\u00f4mage prolong\u00e9 ou au sous-emploi pr\u00e9caire dans des petits m\u00e9tiers de subsistance, provoquant un sentiment intense de d\u00e9classement social. Dans le m\u00eame temps, les industries locales du BTP, de la transformation agroalimentaire, de la logistique et de la maintenance industrielle peinent \u00e0 recruter des techniciens qualifi\u00e9s sur le sol national.<\/p><p class=\"wp-block-paragraph\"><strong>Les in\u00e9galit\u00e9s de genre et le poids du travail domestique non r\u00e9mun\u00e9r\u00e9<\/strong><\/p><p class=\"wp-block-paragraph\">La crise NEET frappe de mani\u00e8re asym\u00e9trique les jeunes femmes du continent. Dans les zones rurales comme dans les p\u00e9riph\u00e9ries des grandes m\u00e9tropoles, le taux de jeunes filles sans emploi et hors de tout circuit de formation atteint par endroits 35 %. Cette surrepr\u00e9sentation s&rsquo;explique par la persistance de barri\u00e8res socioculturelles, les mariages pr\u00e9coces et la charge exclusive des travaux domestiques non r\u00e9mun\u00e9r\u00e9s et du soin aux enfants.<\/p><p class=\"wp-block-paragraph\">L&rsquo;absence d&rsquo;autonomie financi\u00e8re pour ces millions de jeunes femmes repr\u00e9sente un blocage net pour le d\u00e9veloppement socio-\u00e9conomique global. L&rsquo;exclusion des femmes des circuits de formation technique prive l&rsquo;\u00e9conomie continentale d&rsquo;un r\u00e9servoir de comp\u00e9tences strat\u00e9gique pour l&rsquo;\u00e9mergence des petites et moyennes entreprises r\u00e9gionales.<\/p><p class=\"wp-block-paragraph\"><strong>L&rsquo;Agritech et l&rsquo;Entrepreneuriat Num\u00e9rique comme leviers de r\u00e9insertion \u00e0 Nairobi, Lagos et Kigali<\/strong><\/p><p class=\"wp-block-paragraph\">Face \u00e0 cette crise de l&#8217;emploi formel, les \u00e9cosyst\u00e8mes d&rsquo;innovation technologique apportent des r\u00e9ponses prometteuses en red\u00e9finissant la notion m\u00eame d&rsquo;insertion professionnelle. En Afrique de l&rsquo;Est (Nairobi, Kigali) et en Afrique de l&rsquo;Ouest (Lagos, Accra, Abidjan), le d\u00e9veloppement du secteur des technologies agricoles (<em>Agritech<\/em>) s\u00e9duit une part croissante de la jeunesse urbaine dipl\u00f4m\u00e9e.<\/p><p class=\"wp-block-paragraph\">L&rsquo;utilisation d&rsquo;outils num\u00e9riques pour la gestion des exploitations, l&rsquo;irrigation connect\u00e9e au r\u00e9seau solaire, et l&rsquo;acc\u00e8s direct aux march\u00e9s de vente via des plateformes mobiles permettent de moderniser l&rsquo;image du secteur agricole. La terre n&rsquo;est plus per\u00e7ue comme un travail p\u00e9nible manuel, mais comme une industrie de haute pr\u00e9cision hautement rentable. De jeunes entrepreneurs NEET se reconvertissent ainsi avec succ\u00e8s dans les fili\u00e8res mara\u00eech\u00e8res, la transformation des c\u00e9r\u00e9ales locales ou la logistique du dernier kilom\u00e8tre.<\/p><figure class=\"wp-block-image size-full is-resized\"><img fetchpriority=\"high\" decoding=\"async\" width=\"547\" height=\"365\" src=\"https:\/\/africanova.info\/wp-content\/uploads\/2026\/09\/images-55.jpg\" alt=\"\" class=\"wp-image-33073\" style=\"width:735px;height:auto\" srcset=\"https:\/\/africanova.info\/wp-content\/uploads\/2026\/09\/images-55.jpg 547w, https:\/\/africanova.info\/wp-content\/uploads\/2026\/09\/images-55-300x200.jpg 300w, https:\/\/africanova.info\/wp-content\/uploads\/2026\/09\/images-55-263x175.jpg 263w\" sizes=\"(max-width: 547px) 100vw, 547px\" \/><\/figure><p class=\"wp-block-paragraph\"><strong>La restructuration des politiques d&rsquo;apprentissage professionnel pour l&rsquo;\u00e9ch\u00e9ance 2030<\/strong><\/p><p class=\"wp-block-paragraph\">Enrayer durablement le choc NEET impose aux gouvernements africains de refondre enti\u00e8rement leurs mod\u00e8les d&rsquo;enseignement et de formation professionnelle. Les strat\u00e9gies adopt\u00e9es en cette rentr\u00e9e 2026 reposent sur des axes de transformation prioritaires :<\/p><p class=\"wp-block-paragraph\">Premi\u00e8rement, l&rsquo;institutionnalisation de l&rsquo;apprentissage en alternance au sein du secteur priv\u00e9 formel. Inspir\u00e9 par les mod\u00e8les d&rsquo;Europe centrale, le soutien public au partenariat \u00e9cole-entreprise permet d&rsquo;immerger les jeunes professionnels dans les ateliers et usines d\u00e8s le d\u00e9but de leur cursus, garantissant une employabilit\u00e9 imm\u00e9diate d\u00e8s la remise des dipl\u00f4mes.<\/p><p class=\"wp-block-paragraph\">Deuxi\u00e8mement, la cr\u00e9ation de ch\u00e8ques-formation num\u00e9riques et de micro-cr\u00e9dits d&rsquo;installation. Gr\u00e2ce \u00e0 l&rsquo;attribution de bourses cibl\u00e9es versables par mobile money, les jeunes NEET peuvent s&rsquo;inscrire dans des centres de certification rapide en d\u00e9veloppement informatique, en installation de panneaux photovolta\u00efques ou en m\u00e9canique lourde.<\/p><p class=\"wp-block-paragraph\">Troisi\u00e8mement, le d\u00e9ploiement massif de centres r\u00e9gionaux d&rsquo;orientation professionnelle et d&rsquo;incubation d&rsquo;entreprises. En rapprochant les services d&rsquo;aide \u00e0 l&#8217;emploi des zones rurales et p\u00e9riph\u00e9riques, les administrations nationales luttent contre l&rsquo;isolement territorial des jeunes les plus d\u00e9favoris\u00e9s.<\/p><p class=\"wp-block-paragraph\"><strong>Conclusion : Transformer la pouss\u00e9e d\u00e9mographique en opportunit\u00e9 industrielle<\/strong><\/p><p class=\"wp-block-paragraph\">La r\u00e9sorption du ph\u00e9nom\u00e8ne des jeunes NEET constitue l&rsquo;enjeu le plus d\u00e9terminant pour la stabilit\u00e9 politique et la croissance \u00e9conomique de l&rsquo;Afrique subsaharienne pour les deux prochaines d\u00e9cennies. En investissant massivement dans la formation professionnelle courte, en valorisant l&rsquo;apprentissage technique et en soutenant la transition vers l&rsquo;entrepreneuriat num\u00e9rique, les nations africaines r\u00e9ussiront \u00e0 transformer leur pouss\u00e9e d\u00e9mographique en un avantage comp\u00e9titif majeur sur la sc\u00e8ne \u00e9conomique globale.<\/p><p class=\"wp-block-paragraph\"><\/p><div class=\"gsp_post_data\" data-post_type=\"post\" data-cat=\"actualites,articles-populaires\" data-modified=\"9\" data-title=\"EMPLOI DES JEUNES &#038; FORMATION (AFRIQUE SUBSAHARIENNE)\" data-home=\"https:\/\/africanova.info\"><\/div>","protected":false},"excerpt":{"rendered":"<p>Crise du Choc NEET 2026 en Afrique Subsaharienne : 20 % de la jeunesse sans emploi, ni \u00e9tude, ni formation professionnelle Meta Description SEO : Enqu\u00eate exclusive sur le choc&hellip;<\/p>\n","protected":false},"author":1,"featured_media":33072,"comment_status":"open","ping_status":"open","sticky":false,"template":"","format":"standard","meta":{"_bbp_topic_count":0,"_bbp_reply_count":0,"_bbp_total_topic_count":0,"_bbp_total_reply_count":0,"_bbp_voice_count":0,"_bbp_anonymous_reply_count":0,"_bbp_topic_count_hidden":0,"_bbp_reply_count_hidden":0,"_bbp_forum_subforum_count":0,"_lmt_disableupdate":"","_lmt_disable":"","_jetpack_memberships_contains_paid_content":false,"footnotes":""},"categories":[1,307],"tags":[20942,20943,20945,20946,20944,20941],"class_list":["post-33071","post","type-post","status-publish","format-standard","has-post-thumbnail","hentry","category-actualites","category-articles-populaires","tag-agritech-entrepreneuriat-jeunes","tag-chomage-des-jeunes-afrique-2026","tag-crise-neet-afrique-subsaharienne","tag-dividende-demographique-oit","tag-formation-professionnelle-adequation-emploi","tag-insertion-professionnelle-dakar-abidjan-lagos-nairobi"],"jetpack_featured_media_url":"https:\/\/africanova.info\/wp-content\/uploads\/2026\/09\/images-54.jpg","jetpack_sharing_enabled":true,"_links":{"self":[{"href":"https:\/\/africanova.info\/index.php?rest_route=\/wp\/v2\/posts\/33071","targetHints":{"allow":["GET"]}}],"collection":[{"href":"https:\/\/africanova.info\/index.php?rest_route=\/wp\/v2\/posts"}],"about":[{"href":"https:\/\/africanova.info\/index.php?rest_route=\/wp\/v2\/types\/post"}],"author":[{"embeddable":true,"href":"https:\/\/africanova.info\/index.php?rest_route=\/wp\/v2\/users\/1"}],"replies":[{"embeddable":true,"href":"https:\/\/africanova.info\/index.php?rest_route=%2Fwp%2Fv2%2Fcomments&post=33071"}],"version-history":[{"count":1,"href":"https:\/\/africanova.info\/index.php?rest_route=\/wp\/v2\/posts\/33071\/revisions"}],"predecessor-version":[{"id":33074,"href":"https:\/\/africanova.info\/index.php?rest_route=\/wp\/v2\/posts\/33071\/revisions\/33074"}],"wp:featuredmedia":[{"embeddable":true,"href":"https:\/\/africanova.info\/index.php?rest_route=\/wp\/v2\/media\/33072"}],"wp:attachment":[{"href":"https:\/\/africanova.info\/index.php?rest_route=%2Fwp%2Fv2%2Fmedia&parent=33071"}],"wp:term":[{"taxonomy":"category","embeddable":true,"href":"https:\/\/africanova.info\/index.php?rest_route=%2Fwp%2Fv2%2Fcategories&post=33071"},{"taxonomy":"post_tag","embeddable":true,"href":"https:\/\/africanova.info\/index.php?rest_route=%2Fwp%2Fv2%2Ftags&post=33071"}],"curies":[{"name":"wp","href":"https:\/\/api.w.org\/{rel}","templated":true}]}}