
{"id":33054,"date":"2026-08-31T13:17:12","date_gmt":"2026-08-31T11:17:12","guid":{"rendered":"https:\/\/africanova.info\/?p=33054"},"modified":"2026-08-31T13:17:15","modified_gmt":"2026-08-31T11:17:15","slug":"sommet-du-bassin-de-lamazone-a-brasilia-les-clauses-contraignantes-du-traite-sur-la-deforestation-et-le-financement-du-fonds-mondial-de-la-biosphere","status":"publish","type":"post","link":"https:\/\/africanova.info\/?p=33054","title":{"rendered":"Sommet du Bassin de l&rsquo;Amazone \u00e0 Brasilia : les clauses contraignantes du trait\u00e9 sur la d\u00e9forestation et le financement du fonds mondial de la biosph\u00e8re"},"content":{"rendered":"<p class=\"wp-block-paragraph\"><strong>Une r\u00e9ponse multilat\u00e9rale \u00e0 l&rsquo;urgence environnementale panam\u00e9ricaine<\/strong><\/p><p class=\"wp-block-paragraph\">Les repr\u00e9sentants des neuf nations du bassin amazonien, r\u00e9unis au sommet de Brasilia en cette fin d&rsquo;ao\u00fbt 2026 sous l&rsquo;\u00e9gide de la diplomatie br\u00e9silienne, ont franchi une \u00e9tape historique en signant le protocole d&rsquo;application du Trait\u00e9 de Coop\u00e9ration Amazonienne. Cette rencontre au sommet d\u00e9bouche sur un ensemble de m\u00e9canismes juridiques contraignants visant \u00e0 \u00e9radiquer la d\u00e9forestation ill\u00e9gale d&rsquo;ici la fin de la pr\u00e9sente d\u00e9cennie et \u00e0 restaurer les corridors \u00e9cologiques d\u00e9grad\u00e9s par l&rsquo;expansion agricole non r\u00e9gul\u00e9e et l&rsquo;orpaillage clandestin.<\/p><p class=\"wp-block-paragraph\">La signature de ce document intervient apr\u00e8s plusieurs mois de n\u00e9gociations intenses entre les minist\u00e8res de l&rsquo;Environnement, de l&rsquo;\u00c9conomie et des Affaires \u00e9trang\u00e8res de la r\u00e9gion. Contrairement aux d\u00e9clarations d&rsquo;intentions ant\u00e9rieures, le texte de Brasilia introduit un syst\u00e8me de contr\u00f4le juridictionnel partag\u00e9, un registre d&rsquo;immatriculation fonci\u00e8re par satellite interconnect\u00e9 et une brigade inter\u00e9tatique de surveillance environnementale. Cette force conjointe dispose d&rsquo;un mandat explicite pour intervenir dans les zones transfrontali\u00e8res d&rsquo;acc\u00e8s difficile o\u00f9 s&rsquo;implantent traditionnellement les r\u00e9seaux de criminalit\u00e9 environnementale.<\/p><p class=\"wp-block-paragraph\">L&rsquo;\u00e9l\u00e9ment central de cette architecture repose sur la cr\u00e9ation de zones de protection int\u00e9grale g\u00e9r\u00e9es en concertation directe avec les communaut\u00e9s autochtones localement \u00e9tablies. Les gouvernements signataires reconnaissent formellement la valeur des savoirs traditionnels et conf\u00e8rent aux instances communautaires un droit de veto sur les projets industriels, miniers et d&rsquo;infrastructures routi\u00e8res susceptibles d&rsquo;alt\u00e9rer l&rsquo;\u00e9quilibre hydrique du grand bassin sud-am\u00e9ricain.<\/p><p class=\"wp-block-paragraph\"><strong>Le m\u00e9canisme financier mondial et les cr\u00e9dits de biodiversit\u00e9 de nouvelle g\u00e9n\u00e9ration<\/strong><\/p><p class=\"wp-block-paragraph\">Pour soutenir ces engagements sans p\u00e9naliser les \u00e9conomies nationales, le sommet de Brasilia a ent\u00e9rin\u00e9 la restructuration du Fonds Amazonie, transform\u00e9 en une plateforme internationale d&rsquo;\u00e9missions de cr\u00e9dits de souverainet\u00e9 environnementale et de biodiversit\u00e9. Ce dispositif financier attire les capitaux des fonds souverains, des institutions financi\u00e8res de d\u00e9veloppement et des grandes multinationales soumises \u00e0 des obligations de neutralit\u00e9 carbone strictes dans leurs pays d&rsquo;origine.<\/p><p class=\"wp-block-paragraph\">Le m\u00e9canisme repose sur des r\u00e8gles de v\u00e9rification rigoureuses \u00e9vitant le risque d&rsquo;\u00e9coblanchiment (<em>greenwashing<\/em>). Les versements financiers internationaux ne sont plus conditionn\u00e9s par de simples promesses administratives, mais par des donn\u00e9es de t\u00e9l\u00e9d\u00e9tection satellitaire confirmant la hausse effective de la couverture foresti\u00e8re et le maintien des puits de carbone.<\/p><figure class=\"wp-block-image size-large\"><img fetchpriority=\"high\" decoding=\"async\" width=\"1024\" height=\"768\" src=\"https:\/\/africanova.info\/wp-content\/uploads\/2026\/08\/000_33nq7b8-1024x768.jpg\" alt=\"\" class=\"wp-image-33056\" srcset=\"https:\/\/africanova.info\/wp-content\/uploads\/2026\/08\/000_33nq7b8-1024x768.jpg 1024w, https:\/\/africanova.info\/wp-content\/uploads\/2026\/08\/000_33nq7b8-300x225.jpg 300w, https:\/\/africanova.info\/wp-content\/uploads\/2026\/08\/000_33nq7b8-768x576.jpg 768w, https:\/\/africanova.info\/wp-content\/uploads\/2026\/08\/000_33nq7b8-1170x877.jpg 1170w, https:\/\/africanova.info\/wp-content\/uploads\/2026\/08\/000_33nq7b8-585x439.jpg 585w, https:\/\/africanova.info\/wp-content\/uploads\/2026\/08\/000_33nq7b8-1200x900.jpg 1200w, https:\/\/africanova.info\/wp-content\/uploads\/2026\/08\/000_33nq7b8-600x450.jpg 600w, https:\/\/africanova.info\/wp-content\/uploads\/2026\/08\/000_33nq7b8.jpg 1280w\" sizes=\"(max-width: 1024px) 100vw, 1024px\" \/><\/figure><ul class=\"wp-block-list\"><li><strong>Tra\u00e7abilit\u00e9 totale des fili\u00e8res agricoles :<\/strong> Obligation d&rsquo;\u00e9tiquetage g\u00e9ographique pour le soja, la viande bovine et les produits forestiers afin de garantir l&rsquo;absence de lien avec des terres d\u00e9bois\u00e9es.<\/li>\n\n<li><strong>Sanctions commerciales cibl\u00e9es :<\/strong> Fermeture des march\u00e9s de la sous-r\u00e9gion aux entreprises priv\u00e9es et aux interm\u00e9diaires logistiques coupables de violations r\u00e9p\u00e9t\u00e9es des normes de protection du bassin.<\/li>\n\n<li><strong>Paiements pour services environnementaux (PSE) :<\/strong> Transferts financiers directs en faveur des petites exploitations familiales et des populations autochtones s&rsquo;engageant dans la conservation des for\u00eats primaires.<\/li><\/ul><p class=\"wp-block-paragraph\"><strong>Enjeux socio-\u00e9conomiques et souverainet\u00e9 politique de la r\u00e9gion amazonienne<\/strong><\/p><p class=\"wp-block-paragraph\">La mise en \u0153uvre de ce trait\u00e9 impose une transformation profonde des mod\u00e8les de d\u00e9veloppement territorial des zones p\u00e9riph\u00e9riques d&rsquo;Am\u00e9rique du Sud. Les gouvernements doivent concilier les exigences de conservation environnementale avec la n\u00e9cessit\u00e9 absolue d&rsquo;apporter l&rsquo;\u00e9lectricit\u00e9, l&rsquo;eau potable, la sant\u00e9 et l&rsquo;\u00e9ducation \u00e0 des millions d&rsquo;habitants vivant dans le sous-espace amazonien.<\/p><p class=\"wp-block-paragraph\">Cette dynamique de r\u00e9gulation suscite toutefois des r\u00e9sistances au sein des secteurs agro-industriels locaux et de certaines autorit\u00e9s r\u00e9gionales, qui d\u00e9noncent des contraintes susceptibles de brider la croissance \u00e9conomique et d&rsquo;accro\u00eetre le co\u00fbt des facteurs de production. La diplomatie du Br\u00e9sil s&rsquo;efforce de d\u00e9montrer que la valeur de la for\u00eat sur pied, exploit\u00e9e de mani\u00e8re durable \u00e0 travers la bio\u00e9conomie et la recherche pharmaceutique, exc\u00e8de largement les profits \u00e0 court terme g\u00e9n\u00e9r\u00e9s par la conversion des sols en p\u00e2turages.<\/p><p class=\"wp-block-paragraph\">Le sommet du Bassin de l&rsquo;Amazone d\u00e9montre ainsi la capacit\u00e9 des pays du Sud Global \u00e0 reprendre l&rsquo;initiative sur les grands enjeux de la gouvernance environnementale mondiale, en imposant leurs propres r\u00e8gles du jeu et en affirmant la pleine souverainet\u00e9 de leurs peuples sur leurs ressources naturelles fondamentales.<\/p><div class=\"gsp_post_data\" data-post_type=\"post\" data-cat=\"actualites\" data-modified=\"46\" data-title=\"Sommet du Bassin de l&rsquo;Amazone \u00e0 Brasilia : les clauses contraignantes du trait\u00e9 sur la d\u00e9forestation et le financement du fonds mondial de la biosph\u00e8re\" data-home=\"https:\/\/africanova.info\"><\/div>","protected":false},"excerpt":{"rendered":"<p>Une r\u00e9ponse multilat\u00e9rale \u00e0 l&rsquo;urgence environnementale panam\u00e9ricaine Les repr\u00e9sentants des neuf nations du bassin amazonien, r\u00e9unis au sommet de Brasilia en cette fin d&rsquo;ao\u00fbt 2026 sous l&rsquo;\u00e9gide de la diplomatie&hellip;<\/p>\n","protected":false},"author":1,"featured_media":33055,"comment_status":"open","ping_status":"open","sticky":false,"template":"","format":"standard","meta":{"_bbp_topic_count":0,"_bbp_reply_count":0,"_bbp_total_topic_count":0,"_bbp_total_reply_count":0,"_bbp_voice_count":0,"_bbp_anonymous_reply_count":0,"_bbp_topic_count_hidden":0,"_bbp_reply_count_hidden":0,"_bbp_forum_subforum_count":0,"_lmt_disableupdate":"","_lmt_disable":"","_jetpack_memberships_contains_paid_content":false,"footnotes":""},"categories":[1],"tags":[],"class_list":["post-33054","post","type-post","status-publish","format-standard","has-post-thumbnail","hentry","category-actualites"],"jetpack_featured_media_url":"https:\/\/africanova.info\/wp-content\/uploads\/2026\/08\/PPAQ663TS7KZJ4RMJ3WAXF3DN4-1.jpg","jetpack_sharing_enabled":true,"_links":{"self":[{"href":"https:\/\/africanova.info\/index.php?rest_route=\/wp\/v2\/posts\/33054","targetHints":{"allow":["GET"]}}],"collection":[{"href":"https:\/\/africanova.info\/index.php?rest_route=\/wp\/v2\/posts"}],"about":[{"href":"https:\/\/africanova.info\/index.php?rest_route=\/wp\/v2\/types\/post"}],"author":[{"embeddable":true,"href":"https:\/\/africanova.info\/index.php?rest_route=\/wp\/v2\/users\/1"}],"replies":[{"embeddable":true,"href":"https:\/\/africanova.info\/index.php?rest_route=%2Fwp%2Fv2%2Fcomments&post=33054"}],"version-history":[{"count":1,"href":"https:\/\/africanova.info\/index.php?rest_route=\/wp\/v2\/posts\/33054\/revisions"}],"predecessor-version":[{"id":33057,"href":"https:\/\/africanova.info\/index.php?rest_route=\/wp\/v2\/posts\/33054\/revisions\/33057"}],"wp:featuredmedia":[{"embeddable":true,"href":"https:\/\/africanova.info\/index.php?rest_route=\/wp\/v2\/media\/33055"}],"wp:attachment":[{"href":"https:\/\/africanova.info\/index.php?rest_route=%2Fwp%2Fv2%2Fmedia&parent=33054"}],"wp:term":[{"taxonomy":"category","embeddable":true,"href":"https:\/\/africanova.info\/index.php?rest_route=%2Fwp%2Fv2%2Fcategories&post=33054"},{"taxonomy":"post_tag","embeddable":true,"href":"https:\/\/africanova.info\/index.php?rest_route=%2Fwp%2Fv2%2Ftags&post=33054"}],"curies":[{"name":"wp","href":"https:\/\/api.w.org\/{rel}","templated":true}]}}