
{"id":33006,"date":"2026-08-31T12:08:52","date_gmt":"2026-08-31T10:08:52","guid":{"rendered":"https:\/\/africanova.info\/?p=33006"},"modified":"2026-08-31T12:08:55","modified_gmt":"2026-08-31T10:08:55","slug":"tensions-xenophobes-en-afrique-du-sud-et-crise-diplomatique-majeure-avec-le-nigeria-le-president-bola-tinubu-saisit-lunion-africaine-et-met-a-lepreuve-larchitecture-de-la-zlecaf","status":"publish","type":"post","link":"https:\/\/africanova.info\/?p=33006","title":{"rendered":"Tensions x\u00e9nophobes en Afrique du Sud et crise diplomatique majeure avec le Nigeria : le pr\u00e9sident Bola Tinubu saisit l&rsquo;Union Africaine et met \u00e0 l&rsquo;\u00e9preuve l&rsquo;architecture de la ZLECAF"},"content":{"rendered":"<p class=\"wp-block-paragraph\"><strong>Un affrontement institutionnel sans pr\u00e9c\u00e9dent entre les deux g\u00e9ants \u00e9conomiques du continent<\/strong><\/p><p class=\"wp-block-paragraph\">La diplomatie africaine traverse une crise d&rsquo;une gravit\u00e9 exceptionnelle apr\u00e8s l&rsquo;annonce officielle faite par le pr\u00e9sident du Nigeria, Bola Ahmed Tinubu, de saisir le Conseil de paix et de s\u00e9curit\u00e9 ainsi que la Commission de l&rsquo;Union Africaine \u00e0 Addis-Abeba concernant la r\u00e9surgence de violences x\u00e9nophobes cibl\u00e9es en Afrique du Sud. Cette requ\u00eate diplomatique formelle fait suite \u00e0 une succession d&rsquo;attaques, de pillages de commerces et d&rsquo;agressions physiques visant les ressortissants nig\u00e9rians et d&rsquo;autres communaut\u00e9s ouest-africaines install\u00e9es dans les provinces du Gauteng, du KwaZulu-Natal et du Cap-Occidental.<\/p><p class=\"wp-block-paragraph\">La d\u00e9marche nig\u00e9riane s&rsquo;appuie sur un dossier juridique circonstanci\u00e9 documentant des manquements graves et r\u00e9p\u00e9t\u00e9s de l&rsquo;\u00c9tat sud-africain \u00e0 ses obligations internationales de protection des droits humains et des r\u00e9sidents \u00e9trangers. Abuja d\u00e9nonce l&rsquo;inaction per\u00e7ue des services de police locaux, des rh\u00e9toriques populistes tenues par certaines figures politiques sud-africaines \u00e0 des fins \u00e9lectorales, et l&rsquo;absence r\u00e9currente de poursuites judiciaires suspensives \u00e0 l&rsquo;encontre des auteurs d&rsquo;exactions. Pour la chancellerie nig\u00e9riane, cette situation viole directement l&rsquo;esprit et la lettre de la Charte africaine des droits de l&rsquo;homme et des peuples, tout en compromettant gravement les engagements pris dans le cadre des protocoles de libre circulation des personnes et d&rsquo;\u00e9tablissement.<\/p><p class=\"wp-block-paragraph\"><strong>La d\u00e9fense de Pretoria et le spectre des r\u00e9torsions \u00e9conomiques crois\u00e9es<\/strong><\/p><p class=\"wp-block-paragraph\">Face \u00e0 ces accusations d&rsquo;une haute sensibilit\u00e9 politique, le gouvernement sud-africain r\u00e9fut\u00e9 cat\u00e9goriquement toute forme d&rsquo;inaction institutionnelle ou de complicit\u00e9 d&rsquo;\u00c9tat. Les autorit\u00e9s de Pretoria soulignent que les op\u00e9rations de maintien de l&rsquo;ordre men\u00e9es dans les grands centres urbains visent exclusivement \u00e0 lutter contre la criminalit\u00e9 transnationale, le trafic de stup\u00e9fiants et le travail clandestin non r\u00e9gul\u00e9, sans distinction de nationalit\u00e9. Le minist\u00e8re sud-africain des Relations internationales et de la Coop\u00e9ration a rappel\u00e9 le r\u00f4le de la Grande Commission mixte Nigeria-Afrique du Sud comme cadre privil\u00e9gi\u00e9 de r\u00e9solution des diff\u00e9rends bilat\u00e9raux, tout en regrettant l&rsquo;internationalisation du dossier devant les instances de l&rsquo;Union Africaine.<\/p><p class=\"wp-block-paragraph\">Cependant, sur le terrain \u00e9conomique, les r\u00e9percussions de cette d\u00e9t\u00e9rioration diplomatique menacent de paralyser des pans entiers du commerce intra-africain. Au Nigeria, des organisations de la soci\u00e9t\u00e9 civile et des syndicats professionnels ont brandi la menace d&rsquo;actions d&rsquo;expulsion cibl\u00e9es et de boycotts commerciaux \u00e0 l&rsquo;encontre des filiales de grands groupes sud-africains op\u00e9rant avec succ\u00e8s sur le march\u00e9 nig\u00e9rian, notamment dans les secteurs n\u00e9vralgiques des t\u00e9l\u00e9communications, de la distribution sp\u00e9cialis\u00e9e et des services bancaires. Ce climat d&rsquo;hostilit\u00e9 mutuelle cr\u00e9e un risque \u00e9lev\u00e9 d&rsquo;escalade \u00e9conomique susceptible de fragiliser les deux moteurs de la croissance africaine.<\/p><figure class=\"wp-block-image size-large\"><img fetchpriority=\"high\" decoding=\"async\" width=\"1024\" height=\"768\" src=\"https:\/\/africanova.info\/wp-content\/uploads\/2026\/08\/AP23222523497715-1024x768.jpg\" alt=\"\" class=\"wp-image-33008\" srcset=\"https:\/\/africanova.info\/wp-content\/uploads\/2026\/08\/AP23222523497715-1024x768.jpg 1024w, https:\/\/africanova.info\/wp-content\/uploads\/2026\/08\/AP23222523497715-300x225.jpg 300w, https:\/\/africanova.info\/wp-content\/uploads\/2026\/08\/AP23222523497715-768x576.jpg 768w, https:\/\/africanova.info\/wp-content\/uploads\/2026\/08\/AP23222523497715-1170x877.jpg 1170w, https:\/\/africanova.info\/wp-content\/uploads\/2026\/08\/AP23222523497715-585x439.jpg 585w, https:\/\/africanova.info\/wp-content\/uploads\/2026\/08\/AP23222523497715-1200x900.jpg 1200w, https:\/\/africanova.info\/wp-content\/uploads\/2026\/08\/AP23222523497715-600x450.jpg 600w, https:\/\/africanova.info\/wp-content\/uploads\/2026\/08\/AP23222523497715.jpg 1280w\" sizes=\"(max-width: 1024px) 100vw, 1024px\" \/><\/figure><p class=\"wp-block-paragraph\"><strong>La ZLECAF et l&rsquo;Agenda 2063 de l&rsquo;UA sous l&rsquo;\u00e9preuve des nationalismes r\u00e9gionaux<\/strong><\/p><p class=\"wp-block-paragraph\">Cette confrontation directe entre les deux premi\u00e8res puissances \u00e9conomiques et d\u00e9mographiques d&rsquo;Afrique subsaharienne \u00e9branle les fondements m\u00eames du projet d&rsquo;int\u00e9gration continentale port\u00e9 par la Zone de libre-\u00e9change continentale africaine (ZLECAF). La persistance du sentiment x\u00e9nophobe et des barri\u00e8res administratives \u00e0 la mobilit\u00e9 des comp\u00e9tences constitue un frein majeur \u00e0 la cr\u00e9ation d&rsquo;un march\u00e9 unique africain fluide et comp\u00e9titif.<\/p><ul class=\"wp-block-list\"><li><strong>Impact sur la mobilit\u00e9 des affaires :<\/strong> Durcissement des conditions d&rsquo;obtention de visas, contr\u00f4les aux fronti\u00e8res renforc\u00e9s et climat d&rsquo;ins\u00e9curit\u00e9 pour les investisseurs et commer\u00e7ants transfrontaliers.<\/li>\n\n<li><strong>Incertitude pour la s\u00e9curit\u00e9 juridique des investissements :<\/strong> Augmentation du risque politique pour les entreprises op\u00e9rant dans les deux pays en raison de potentielles mesures d&rsquo;\u00e9tatiques r\u00e9torsives.<\/li>\n\n<li><strong>Fragilisation du leadership continental :<\/strong> Division de la voix africaine dans les grandes enceintes internationales (G20, BRICS, Assembl\u00e9e g\u00e9n\u00e9rale des Nations Unies) au moment o\u00f9 le continent cherche \u00e0 faire pr\u00e9valoir ses revendications de r\u00e9forme de la gouvernance mondiale.<\/li><\/ul><p class=\"wp-block-paragraph\">L&rsquo;arbitrage formel de la Commission de l&rsquo;Union Africaine sera suivi avec une attention extr\u00eame par l&rsquo;ensemble des chancelleries du continent. L&rsquo;incapacit\u00e9 \u00e0 apporter une solution politique rapide et \u00e9quitable \u00e0 cette crise risque de cr\u00e9er un pr\u00e9c\u00e9dent dommageable pour la coh\u00e9sion r\u00e9gionale et le d\u00e9veloppement \u00e9conomique interafricain.<\/p><div class=\"gsp_post_data\" data-post_type=\"post\" data-cat=\"politique\" data-modified=\"43\" data-title=\"Tensions x\u00e9nophobes en Afrique du Sud et crise diplomatique majeure avec le Nigeria : le pr\u00e9sident Bola Tinubu saisit l&rsquo;Union Africaine et met \u00e0 l&rsquo;\u00e9preuve l&rsquo;architecture de la ZLECAF\" data-home=\"https:\/\/africanova.info\"><\/div>","protected":false},"excerpt":{"rendered":"<p>Un affrontement institutionnel sans pr\u00e9c\u00e9dent entre les deux g\u00e9ants \u00e9conomiques du continent La diplomatie africaine traverse une crise d&rsquo;une gravit\u00e9 exceptionnelle apr\u00e8s l&rsquo;annonce officielle faite par le pr\u00e9sident du Nigeria,&hellip;<\/p>\n","protected":false},"author":1,"featured_media":33007,"comment_status":"open","ping_status":"open","sticky":false,"template":"","format":"standard","meta":{"_bbp_topic_count":0,"_bbp_reply_count":0,"_bbp_total_topic_count":0,"_bbp_total_reply_count":0,"_bbp_voice_count":0,"_bbp_anonymous_reply_count":0,"_bbp_topic_count_hidden":0,"_bbp_reply_count_hidden":0,"_bbp_forum_subforum_count":0,"_lmt_disableupdate":"","_lmt_disable":"","_jetpack_memberships_contains_paid_content":false,"footnotes":""},"categories":[7],"tags":[],"class_list":["post-33006","post","type-post","status-publish","format-standard","has-post-thumbnail","hentry","category-politique"],"jetpack_featured_media_url":"https:\/\/africanova.info\/wp-content\/uploads\/2026\/08\/2024-06-03T111829Z_2087643805_RC2D81AFTPHF_RTRMADP_3_NIGERIA-STRIKE.jpg","jetpack_sharing_enabled":true,"_links":{"self":[{"href":"https:\/\/africanova.info\/index.php?rest_route=\/wp\/v2\/posts\/33006","targetHints":{"allow":["GET"]}}],"collection":[{"href":"https:\/\/africanova.info\/index.php?rest_route=\/wp\/v2\/posts"}],"about":[{"href":"https:\/\/africanova.info\/index.php?rest_route=\/wp\/v2\/types\/post"}],"author":[{"embeddable":true,"href":"https:\/\/africanova.info\/index.php?rest_route=\/wp\/v2\/users\/1"}],"replies":[{"embeddable":true,"href":"https:\/\/africanova.info\/index.php?rest_route=%2Fwp%2Fv2%2Fcomments&post=33006"}],"version-history":[{"count":1,"href":"https:\/\/africanova.info\/index.php?rest_route=\/wp\/v2\/posts\/33006\/revisions"}],"predecessor-version":[{"id":33009,"href":"https:\/\/africanova.info\/index.php?rest_route=\/wp\/v2\/posts\/33006\/revisions\/33009"}],"wp:featuredmedia":[{"embeddable":true,"href":"https:\/\/africanova.info\/index.php?rest_route=\/wp\/v2\/media\/33007"}],"wp:attachment":[{"href":"https:\/\/africanova.info\/index.php?rest_route=%2Fwp%2Fv2%2Fmedia&parent=33006"}],"wp:term":[{"taxonomy":"category","embeddable":true,"href":"https:\/\/africanova.info\/index.php?rest_route=%2Fwp%2Fv2%2Fcategories&post=33006"},{"taxonomy":"post_tag","embeddable":true,"href":"https:\/\/africanova.info\/index.php?rest_route=%2Fwp%2Fv2%2Ftags&post=33006"}],"curies":[{"name":"wp","href":"https:\/\/api.w.org\/{rel}","templated":true}]}}