
{"id":31693,"date":"2026-07-21T16:29:37","date_gmt":"2026-07-21T14:29:37","guid":{"rendered":"https:\/\/africanova.info\/?p=31693"},"modified":"2026-07-21T16:29:40","modified_gmt":"2026-07-21T14:29:40","slug":"mobilite-electrique-en-afrique-lessor-des-deux-et-trois-roues-solaires-et-la-fabrication-locale-de-batteries","status":"publish","type":"post","link":"https:\/\/africanova.info\/?p=31693","title":{"rendered":"Mobilit\u00e9 \u00c9lectrique en Afrique : L&rsquo;essor des deux et trois-roues solaires et la fabrication locale de batteries"},"content":{"rendered":"<p class=\"wp-block-paragraph\"><strong>Introduction : La r\u00e9volution \u00e9lectrique par la base de la pyramide des transports<\/strong><\/p><p class=\"wp-block-paragraph\">En ce 21 juillet 2026, la transition vers la mobilit\u00e9 \u00e9lectrique sur le continent africain s&rsquo;op\u00e8re selon une dynamique unique au monde. Contrairement aux pays occidentaux o\u00f9 l&rsquo;\u00e9lectrification s&rsquo;est principalement concentr\u00e9e sur les voitures individuelles haut de gamme, l&rsquo;Afrique accomplit sa r\u00e9volution verte en ciblant directement le c\u0153ur de son syst\u00e8me de transport populaire : les v\u00e9hicules \u00e0 deux et trois-roues. Des dizaines de millions de moto-taxis, de livreurs et de petits commer\u00e7ants troquent d\u00e9sormais leurs engins thermiques bruyants et polluants contre des mod\u00e8les \u00e9lectriques aliment\u00e9s par des stations solaires d&rsquo;\u00e9change de batteries.<\/p><p class=\"wp-block-paragraph\">Cette conversion \u00e0 grande \u00e9chelle ne repose pas sur des importations massives de v\u00e9hicules finis, mais sur le d\u00e9veloppement d&rsquo;une v\u00e9ritable industrie continentale de fabrication, d&rsquo;assemblage et de reconditionnement de batteries lithium-ion et sodium-ion. En combinant la production d&rsquo;\u00e9nergie solaire locale et la transformation industrielle des m\u00e9taux critiques extraits sur le sol africain, le continent b\u00e2tit un mod\u00e8le de mobilit\u00e9 d\u00e9carbon\u00e9e, \u00e9conomique et cr\u00e9ateur de valeur industrielle endog\u00e8ne.<\/p><p class=\"wp-block-paragraph\"><strong>I. Le Mod\u00e8le \u00c9conomique de la Mobilit\u00e9 \u00c9lectrique Populaire<\/strong><\/p><p class=\"wp-block-paragraph\"><strong>A. Le syst\u00e8me d&rsquo;\u00e9change de batteries (Battery Swapping)<\/strong><\/p><p class=\"wp-block-paragraph\">L&rsquo;obstacle majeur qui freinait l&rsquo;adoption du v\u00e9hicule \u00e9lectrique individuel \u2014 \u00e0 savoir le temps de charge prolong\u00e9 et le co\u00fbt \u00e9lev\u00e9 d&rsquo;acquisition de la batterie \u2014 a \u00e9t\u00e9 d\u00e9finitivement lev\u00e9 gr\u00e2ce \u00e0 la g\u00e9n\u00e9ralisation des stations solaires d&rsquo;\u00e9change de batteries. Les conducteurs de moto-taxis n&rsquo;ach\u00e8tent plus la batterie : ils louent un service d&rsquo;\u00e9nergie accessible par abonnement num\u00e9rique.<\/p><p class=\"wp-block-paragraph\">Lorsqu&rsquo;une batterie est d\u00e9charg\u00e9e, le conducteur se rend dans une station automatis\u00e9e aliment\u00e9e par des panneaux solaires, retire sa batterie vide et en ins\u00e8re une pleine en moins de trente secondes. Ce processus ultra-rapide permet aux conducteurs professionnels de maintenir leur rythme de travail quotidien sans perte de temps, tout en divisant par deux leurs d\u00e9penses op\u00e9rationnelles par rapport \u00e0 l&rsquo;achat de carburant fossile.<\/p><p class=\"wp-block-paragraph\"><strong>B. La baisse drastique des co\u00fbts d&rsquo;entretien pour les usagers<\/strong><\/p><p class=\"wp-block-paragraph\">L&rsquo;utilisation de moteurs \u00e9lectriques sans pi\u00e8ces m\u00e9caniques complexes (absence de vidange, de bougies, d&#8217;embrayage ou d&rsquo;\u00e9chappement) r\u00e9duit les frais de maintenance r\u00e9guli\u00e8re de plus de 70 %.<\/p><p class=\"wp-block-paragraph\">Pour les millions de jeunes conducteurs du continent, cette \u00e9conomie directe sur le carburant et l&rsquo;entretien se traduit par une hausse imm\u00e9diate de leurs revenus nets quotidiens, am\u00e9liorant consid\u00e9rablement le niveau de vie de leurs familles et stimulant la consommation locale.<\/p><p class=\"wp-block-paragraph\"><strong>II. L&rsquo;Industrialisation Locale : De la Mine \u00e0 la Batterie Finie<\/strong><\/p><p class=\"wp-block-paragraph\"><strong>A. L&rsquo;\u00e9mergence des gigafactories de batteries africaines<\/strong><\/p><p class=\"wp-block-paragraph\">Pour ne pas d\u00e9pendre des cha\u00eenes d&rsquo;approvisionnement asiatiques ou occidentales, plusieurs pays africains riches en gisements de mangan\u00e8se, de cobalt, de nickel et de lithium ont cr\u00e9\u00e9 des coentreprises pour implanter des usines g\u00e9antes de production de cellules de batteries.<\/p><figure class=\"wp-block-image size-large\"><img fetchpriority=\"high\" decoding=\"async\" width=\"1024\" height=\"682\" src=\"https:\/\/africanova.info\/wp-content\/uploads\/2026\/07\/Mise-en-avant-MAUTO-1024x682.jpeg\" alt=\"\" class=\"wp-image-31695\" srcset=\"https:\/\/africanova.info\/wp-content\/uploads\/2026\/07\/Mise-en-avant-MAUTO-1024x682.jpeg 1024w, https:\/\/africanova.info\/wp-content\/uploads\/2026\/07\/Mise-en-avant-MAUTO-300x200.jpeg 300w, https:\/\/africanova.info\/wp-content\/uploads\/2026\/07\/Mise-en-avant-MAUTO-768x512.jpeg 768w, https:\/\/africanova.info\/wp-content\/uploads\/2026\/07\/Mise-en-avant-MAUTO-1170x780.jpeg 1170w, https:\/\/africanova.info\/wp-content\/uploads\/2026\/07\/Mise-en-avant-MAUTO-585x390.jpeg 585w, https:\/\/africanova.info\/wp-content\/uploads\/2026\/07\/Mise-en-avant-MAUTO-263x175.jpeg 263w, https:\/\/africanova.info\/wp-content\/uploads\/2026\/07\/Mise-en-avant-MAUTO-1320x880.jpeg 1320w, https:\/\/africanova.info\/wp-content\/uploads\/2026\/07\/Mise-en-avant-MAUTO-600x400.jpeg 600w, https:\/\/africanova.info\/wp-content\/uploads\/2026\/07\/Mise-en-avant-MAUTO.jpeg 1400w\" sizes=\"(max-width: 1024px) 100vw, 1024px\" \/><\/figure><p class=\"wp-block-paragraph\">Ces gigafactories continentales transforment directement les m\u00e9taux raffin\u00e9s sur place en modules de batteries haute densit\u00e9 adapt\u00e9s aux conditions climatiques extr\u00eames du continent. Ces \u00e9quipements sont con\u00e7us pour r\u00e9sister aux fortes chaleurs, \u00e0 la poussi\u00e8re et aux vibrations des pistes rurales, garantissant une dur\u00e9e de vie prolong\u00e9e.<\/p><p class=\"wp-block-paragraph\"><strong>B. L&rsquo;\u00e9conomie circulaire et le reconditionnement de seconde vie<\/strong><\/p><p class=\"wp-block-paragraph\">La souverainet\u00e9 industrielle de la fili\u00e8re s&rsquo;appuie \u00e9galement sur la mise en place d&rsquo;une cha\u00eene compl\u00e8te de recyclage et de reconditionnement des batteries usag\u00e9es. Lorsque la capacit\u00e9 d&rsquo;une batterie de deux-roues descend sous un certain seuil d&rsquo;efficacit\u00e9 pour le transport, elle n&rsquo;est pas jet\u00e9e.<\/p><p class=\"wp-block-paragraph\">Ces batteries re\u00e7oivent une \u00ab seconde vie \u00bb en \u00e9tant reconditionn\u00e9es dans des unit\u00e9s locales pour servir de syst\u00e8mes de stockage d&rsquo;\u00e9nergie fixe pour les habitations rurales, les \u00e9coles ou les dispensaires connect\u00e9s \u00e0 des installations solaires domestiques. Ce cycle de vie prolong\u00e9 optimise la valeur \u00e9conomique de chaque composant et pr\u00e9serve l&rsquo;environnement.<\/p><p class=\"wp-block-paragraph\"><strong>III. Infrastructures Solaires et Int\u00e9gration dans le R\u00e9seau \u00c9lectrique<\/strong><\/p><p class=\"wp-block-paragraph\"><strong>A. Des stations de charge 100 % autonomes en \u00e9nergie solaire<\/strong><\/p><p class=\"wp-block-paragraph\">Pour ne pas surcharger les r\u00e9seaux \u00e9lectriques nationaux parfois fragiles, le r\u00e9seau de stations d&rsquo;\u00e9change de batteries est con\u00e7u pour fonctionner en autonomie \u00e9nerg\u00e9tique quasi totale. Chaque station est surmont\u00e9e d&rsquo;ombri\u00e8res photovolta\u00efques de haute performance et \u00e9quip\u00e9e de batteries de stockage stationnaires de grande capacit\u00e9.<\/p><p class=\"wp-block-paragraph\">Ces stations produisent leur propre \u00e9lectricit\u00e9 pendant la journ\u00e9e, chargeant les batteries de rechange en continu. Dans certaines zones urbaines, ces stations r\u00e9injectent m\u00eame leur surplus d&rsquo;\u00e9nergie solaire dans le r\u00e9seau municipal lors des pics de consommation du soir, jouant un r\u00f4le de stabilisateur pour le r\u00e9seau \u00e9lectrique global.<\/p><p class=\"wp-block-paragraph\"><strong>B. La num\u00e9risation et le contr\u00f4le \u00e0 distance des flottes<\/strong><\/p><p class=\"wp-block-paragraph\">L&rsquo;ensemble du r\u00e9seau de mobilit\u00e9 \u00e9lectrique est interconnect\u00e9 par des plateformes num\u00e9riques bas\u00e9es sur l&rsquo;internet des objets. Chaque batterie et chaque v\u00e9hicule int\u00e8gre des puces \u00e9lectroniques transmettant en temps r\u00e9el leur \u00e9tat de charge, leur temp\u00e9rature et leur g\u00e9olocalisation.<\/p><p class=\"wp-block-paragraph\">Ces donn\u00e9es massives permettent aux op\u00e9rateurs de pr\u00e9voir la demande d&rsquo;\u00e9change de batteries par quartier, d&rsquo;optimiser les flux de distribution logistique et de pr\u00e9venir les vols d&rsquo;engins gr\u00e2ce au blocage \u00e0 distance des syst\u00e8mes \u00e9lectriques en cas de d\u00e9claration de perte.<\/p><p class=\"wp-block-paragraph\"><strong>IV. Recommandations pour Consolider l&rsquo;\u00c9cosyst\u00e8me de Mobilit\u00e9<\/strong><\/p><p class=\"wp-block-paragraph\"><strong>A. Harmoniser les standards techniques de batteries \u00e0 l&rsquo;\u00e9chelle r\u00e9gionale<\/strong><\/p><p class=\"wp-block-paragraph\">Afin de permettre \u00e0 un conducteur de voyager d&rsquo;un pays \u00e0 un autre sans contrainte technique, il est crucial que les gouvernements et les associations industrielles r\u00e9gionales imposent un format universel de connecteurs et de dimensions de batteries pour les v\u00e9hicules \u00e0 deux et trois-roues.<\/p><p class=\"wp-block-paragraph\"><strong>B. Mettre en place des incitations fiscales \u00e0 la conversion des flottes<\/strong><\/p><p class=\"wp-block-paragraph\">Les \u00c9tats doivent encourager la transition acc\u00e9l\u00e9r\u00e9e en exon\u00e9rant de taxe sur la valeur ajout\u00e9e et de droits de douane l&rsquo;ensemble des \u00e9quipements li\u00e9s \u00e0 la mobilit\u00e9 \u00e9lectrique fabriqu\u00e9s localement, tout en instaurant des primes \u00e0 la casse pour le retrait d\u00e9finitif des anciens v\u00e9hicules thermiques polluants.<\/p><p class=\"wp-block-paragraph\"><strong>Conclusion : L&rsquo;Afrique, leader mondial de la mobilit\u00e9 \u00e9lectrique populaire<\/strong><\/p><p class=\"wp-block-paragraph\">En ce 21 juillet 2026, l&rsquo;Afrique apporte la preuve que la transition \u00e9cologique peut s&rsquo;acc\u00e9l\u00e9rer lorsqu&rsquo;elle r\u00e9pond directement aux besoins de masse de la population. En inventant un mod\u00e8le d&rsquo;\u00e9lectrification populaire bas\u00e9 sur le solaire, l&rsquo;\u00e9change de batteries et la fabrication industrielle locale, le continent ne se contente pas de d\u00e9carboner ses transports : il s&rsquo;affirme comme le pionnier mondial de la mobilit\u00e9 de demain.<\/p><div class=\"gsp_post_data\" data-post_type=\"post\" data-cat=\"actualites\" data-modified=\"120\" data-title=\"Mobilit\u00e9 \u00c9lectrique en Afrique : L&rsquo;essor des deux et trois-roues solaires et la fabrication locale de batteries\" data-home=\"https:\/\/africanova.info\"><\/div>","protected":false},"excerpt":{"rendered":"<p>Introduction : La r\u00e9volution \u00e9lectrique par la base de la pyramide des transports En ce 21 juillet 2026, la transition vers la mobilit\u00e9 \u00e9lectrique sur le continent africain s&rsquo;op\u00e8re selon&hellip;<\/p>\n","protected":false},"author":1,"featured_media":31694,"comment_status":"open","ping_status":"open","sticky":false,"template":"","format":"standard","meta":{"_bbp_topic_count":0,"_bbp_reply_count":0,"_bbp_total_topic_count":0,"_bbp_total_reply_count":0,"_bbp_voice_count":0,"_bbp_anonymous_reply_count":0,"_bbp_topic_count_hidden":0,"_bbp_reply_count_hidden":0,"_bbp_forum_subforum_count":0,"_lmt_disableupdate":"","_lmt_disable":"","_jetpack_memberships_contains_paid_content":false,"footnotes":""},"categories":[1],"tags":[],"class_list":["post-31693","post","type-post","status-publish","format-standard","has-post-thumbnail","hentry","category-actualites"],"jetpack_featured_media_url":"https:\/\/africanova.info\/wp-content\/uploads\/2026\/07\/images-2026-07-21T152602.532.jpg","jetpack_sharing_enabled":true,"_links":{"self":[{"href":"https:\/\/africanova.info\/index.php?rest_route=\/wp\/v2\/posts\/31693","targetHints":{"allow":["GET"]}}],"collection":[{"href":"https:\/\/africanova.info\/index.php?rest_route=\/wp\/v2\/posts"}],"about":[{"href":"https:\/\/africanova.info\/index.php?rest_route=\/wp\/v2\/types\/post"}],"author":[{"embeddable":true,"href":"https:\/\/africanova.info\/index.php?rest_route=\/wp\/v2\/users\/1"}],"replies":[{"embeddable":true,"href":"https:\/\/africanova.info\/index.php?rest_route=%2Fwp%2Fv2%2Fcomments&post=31693"}],"version-history":[{"count":1,"href":"https:\/\/africanova.info\/index.php?rest_route=\/wp\/v2\/posts\/31693\/revisions"}],"predecessor-version":[{"id":31696,"href":"https:\/\/africanova.info\/index.php?rest_route=\/wp\/v2\/posts\/31693\/revisions\/31696"}],"wp:featuredmedia":[{"embeddable":true,"href":"https:\/\/africanova.info\/index.php?rest_route=\/wp\/v2\/media\/31694"}],"wp:attachment":[{"href":"https:\/\/africanova.info\/index.php?rest_route=%2Fwp%2Fv2%2Fmedia&parent=31693"}],"wp:term":[{"taxonomy":"category","embeddable":true,"href":"https:\/\/africanova.info\/index.php?rest_route=%2Fwp%2Fv2%2Fcategories&post=31693"},{"taxonomy":"post_tag","embeddable":true,"href":"https:\/\/africanova.info\/index.php?rest_route=%2Fwp%2Fv2%2Ftags&post=31693"}],"curies":[{"name":"wp","href":"https:\/\/api.w.org\/{rel}","templated":true}]}}