
{"id":28864,"date":"2026-04-27T17:05:03","date_gmt":"2026-04-27T15:05:03","guid":{"rendered":"https:\/\/africanova.info\/?p=28864"},"modified":"2026-04-27T17:05:06","modified_gmt":"2026-04-27T15:05:06","slug":"le-seisme-de-kati-la-mort-du-ministre-sadio-camara-et-lavenir-de-la-transition-malienne","status":"publish","type":"post","link":"https:\/\/africanova.info\/?p=28864","title":{"rendered":"LE S\u00c9ISME DE KATI \u2014 LA MORT DU MINISTRE SADIO CAMARA ET L&rsquo;AVENIR DE LA TRANSITION MALIENNE"},"content":{"rendered":"<p> <\/p><p><strong>L\u2019onde de choc \u00e0 Bamako : La fin d\u2019une \u00e8re<\/strong><\/p><p>Ce 27 avril 2026, le Mali s&rsquo;est r\u00e9veill\u00e9 dans une stupeur glaciale. Le colonel Sadio Camara, ministre de la D\u00e9fense et des Anciens Combattants, figure de proue de la refondation de l&rsquo;\u00c9tat malien, s&rsquo;est \u00e9teint dans l&rsquo;enceinte mythique du camp militaire de Kati. Plus qu&rsquo;un simple ministre, Camara \u00e9tait l&rsquo;architecte du pivot g\u00e9ostrat\u00e9gique vers Moscou et le cerveau derri\u00e8re la mont\u00e9e en puissance spectaculaire des Forces Arm\u00e9es Maliennes (FAMa). Son d\u00e9c\u00e8s, survenant \u00e0 un moment charni\u00e8re o\u00f9 la pression terroriste aux portes de la capitale exige une unit\u00e9 de commandement sans faille, ouvre une p\u00e9riode d&rsquo;incertitude majeure pour l&rsquo;Alliance des \u00c9tats du Sahel (AES).<\/p><p><strong>L\u2019Architecte du \u00ab\u00a0Choix Russe\u00a0\u00bb et de la Souverainet\u00e9 Retrouv\u00e9e<\/strong><\/p><p>L&rsquo;analyse de l&rsquo;h\u00e9ritage de Sadio Camara n\u00e9cessite de remonter aux fondements de la transition. Camara n&rsquo;\u00e9tait pas seulement un militaire de carri\u00e8re ; il \u00e9tait un visionnaire pragmatique. C&rsquo;est lui qui, dans le secret des chancelleries, a n\u00e9goci\u00e9 le virage \u00e0 180 degr\u00e9s de la politique de d\u00e9fense malienne. En rompant les accords coloniaux avec Paris pour embrasser un partenariat strat\u00e9gique avec la Russie, il a red\u00e9fini les contours de la souverainet\u00e9 ouest-africaine.<\/p><p>Le d\u00e9ploiement des instructeurs russes et l&rsquo;acquisition de vecteurs a\u00e9riens de derni\u00e8re g\u00e9n\u00e9ration (drones Bayraktar, avions Albatros) portent sa signature. Sous son \u00e9gide, l&rsquo;arm\u00e9e malienne a repris Kidal en 2023, brisant un tabou d\u00e9cennal. Cependant, cette strat\u00e9gie reposait sur un \u00e9quilibre fragile dont il \u00e9tait le seul garant. Sa mort pose aujourd&rsquo;hui la question de la p\u00e9rennit\u00e9 de cette alliance : Moscou verra-t-elle en son successeur un partenaire aussi fiable et charismatique ?<\/p><p><strong>Les sc\u00e9narios de succession au sein du CNSP<\/strong><\/p><p>Le Comit\u00e9 National pour le Salut du Peuple (CNSP) se retrouve orphelin de son strat\u00e8ge le plus influent. Entre le g\u00e9n\u00e9ral Assimi Go\u00efta, dont la stature pr\u00e9sidentielle s&rsquo;est consolid\u00e9e, et les autres figures historiques de Kati, le vide laiss\u00e9 par Camara pourrait cr\u00e9er des zones de friction interne.<\/p><figure class=\"wp-block-image size-full is-resized\"><img fetchpriority=\"high\" decoding=\"async\" width=\"533\" height=\"354\" src=\"https:\/\/africanova.info\/wp-content\/uploads\/2026\/04\/1264775088987483_9115455508269854001_n.jpg\" alt=\"\" class=\"wp-image-28866\" style=\"width:780px;height:auto\" srcset=\"https:\/\/africanova.info\/wp-content\/uploads\/2026\/04\/1264775088987483_9115455508269854001_n.jpg 533w, https:\/\/africanova.info\/wp-content\/uploads\/2026\/04\/1264775088987483_9115455508269854001_n-300x199.jpg 300w, https:\/\/africanova.info\/wp-content\/uploads\/2026\/04\/1264775088987483_9115455508269854001_n-263x175.jpg 263w\" sizes=\"(max-width: 533px) 100vw, 533px\" \/><\/figure><p>Deux sc\u00e9narios se dessinent :<\/p><ol start=\"1\" class=\"wp-block-list\"><li><strong>La Continuit\u00e9 Radicale :<\/strong> La nomination d&rsquo;un \u00ab\u00a0faucon\u00a0\u00bb issu du cercle restreint de Camara, garantissant la poursuite de l&rsquo;offensive militaire et le maintien des partenaires russes \u00e0 tout prix.<\/li>\n\n<li><strong>L\u2019Inflexion Diplomatique :<\/strong> Un profil plus technocrate capable de rouvrir des canaux de discussion avec certains voisins de la CEDEAO, tout en gardant l&rsquo;ossature s\u00e9curitaire actuelle.<\/li><\/ol><p><strong>Enjeux s\u00e9curitaires imm\u00e9diats : Le front face au JNIM<\/strong><\/p><p>Pendant que Bamako pleure son ministre, les groupes arm\u00e9s terroristes (JNIM et EIGS) ne marquent aucune pause. L&rsquo;article analyse l&rsquo;\u00e9tat actuel des fronts \u00e0 Mopti et Gao. La perte du \u00ab\u00a0strat\u00e8ge de Kati\u00a0\u00bb pourrait \u00eatre per\u00e7ue par les insurg\u00e9s comme un signe de vuln\u00e9rabilit\u00e9 psychologique au sommet de l&rsquo;\u00c9tat. La capacit\u00e9 des FAMa \u00e0 maintenir leur niveau op\u00e9rationnel dans les 48 heures suivant cette annonce sera le v\u00e9ritable test de la r\u00e9silience du syst\u00e8me Camara.<\/p><p><strong>Conclusion : Un destin li\u00e9 \u00e0 celui de l&rsquo;AES<\/strong><\/p><p>En conclusion, la mort de Sadio Camara n&rsquo;est pas qu&rsquo;une perte malienne, c&rsquo;est une secousse sismique pour toute l&rsquo;AES. Sa pens\u00e9e irriguait les strat\u00e9gies de d\u00e9fense du Burkina Faso et du Niger. Pour Africanova, il reste l&rsquo;homme qui a os\u00e9 d\u00e9fier l&rsquo;ordre \u00e9tabli pour proposer une alternative s\u00e9curitaire africaine. Le Mali de l&rsquo;apr\u00e8s-Camara devra prouver que la \u00ab\u00a0Refondation\u00a0\u00bb n&rsquo;\u00e9tait pas l&rsquo;\u0153uvre d&rsquo;un seul homme, mais un processus irr\u00e9versible.<\/p><div class=\"gsp_post_data\" data-post_type=\"post\" data-cat=\"actualites\" data-modified=\"77\" data-title=\"LE S\u00c9ISME DE KATI \u2014 LA MORT DU MINISTRE SADIO CAMARA ET L&rsquo;AVENIR DE LA TRANSITION MALIENNE\" data-home=\"https:\/\/africanova.info\"><\/div>","protected":false},"excerpt":{"rendered":"<p>L\u2019onde de choc \u00e0 Bamako : La fin d\u2019une \u00e8re Ce 27 avril 2026, le Mali s&rsquo;est r\u00e9veill\u00e9 dans une stupeur glaciale. Le colonel Sadio Camara, ministre de la D\u00e9fense&hellip;<\/p>\n","protected":false},"author":1,"featured_media":28865,"comment_status":"open","ping_status":"open","sticky":false,"template":"","format":"standard","meta":{"_bbp_topic_count":0,"_bbp_reply_count":0,"_bbp_total_topic_count":0,"_bbp_total_reply_count":0,"_bbp_voice_count":0,"_bbp_anonymous_reply_count":0,"_bbp_topic_count_hidden":0,"_bbp_reply_count_hidden":0,"_bbp_forum_subforum_count":0,"_lmt_disableupdate":"","_lmt_disable":"","_jetpack_memberships_contains_paid_content":false,"footnotes":""},"categories":[1],"tags":[1117,17785,12427,17787,17783,17786,4857,17784],"class_list":["post-28864","post","type-post","status-publish","format-standard","has-post-thumbnail","hentry","category-actualites","tag-aes","tag-cooperation-russie-mali-2","tag-geopolitique-sahel","tag-kati","tag-sadio-camara","tag-securite-bamako","tag-souverainete-africaine-2","tag-transition-mali-2026"],"jetpack_featured_media_url":"https:\/\/africanova.info\/wp-content\/uploads\/2026\/04\/96260834-67144948.jpg","jetpack_sharing_enabled":true,"_links":{"self":[{"href":"https:\/\/africanova.info\/index.php?rest_route=\/wp\/v2\/posts\/28864","targetHints":{"allow":["GET"]}}],"collection":[{"href":"https:\/\/africanova.info\/index.php?rest_route=\/wp\/v2\/posts"}],"about":[{"href":"https:\/\/africanova.info\/index.php?rest_route=\/wp\/v2\/types\/post"}],"author":[{"embeddable":true,"href":"https:\/\/africanova.info\/index.php?rest_route=\/wp\/v2\/users\/1"}],"replies":[{"embeddable":true,"href":"https:\/\/africanova.info\/index.php?rest_route=%2Fwp%2Fv2%2Fcomments&post=28864"}],"version-history":[{"count":1,"href":"https:\/\/africanova.info\/index.php?rest_route=\/wp\/v2\/posts\/28864\/revisions"}],"predecessor-version":[{"id":28867,"href":"https:\/\/africanova.info\/index.php?rest_route=\/wp\/v2\/posts\/28864\/revisions\/28867"}],"wp:featuredmedia":[{"embeddable":true,"href":"https:\/\/africanova.info\/index.php?rest_route=\/wp\/v2\/media\/28865"}],"wp:attachment":[{"href":"https:\/\/africanova.info\/index.php?rest_route=%2Fwp%2Fv2%2Fmedia&parent=28864"}],"wp:term":[{"taxonomy":"category","embeddable":true,"href":"https:\/\/africanova.info\/index.php?rest_route=%2Fwp%2Fv2%2Fcategories&post=28864"},{"taxonomy":"post_tag","embeddable":true,"href":"https:\/\/africanova.info\/index.php?rest_route=%2Fwp%2Fv2%2Ftags&post=28864"}],"curies":[{"name":"wp","href":"https:\/\/api.w.org\/{rel}","templated":true}]}}