
{"id":21283,"date":"2025-08-27T07:35:59","date_gmt":"2025-08-27T05:35:59","guid":{"rendered":"https:\/\/africanova.info\/?p=21283"},"modified":"2025-08-27T07:36:02","modified_gmt":"2025-08-27T05:36:02","slug":"rapatriement-massif-de-refugies-rwandais-depuis-la-rdc-un-tournant-sous-surveillance-internationale","status":"publish","type":"post","link":"https:\/\/africanova.info\/?p=21283","title":{"rendered":"Rapatriement massif de r\u00e9fugi\u00e9s rwandais depuis la RDC : un tournant sous surveillance internationale"},"content":{"rendered":"<p>Le 25 ao\u00fbt 2025 marque une \u00e9tape importante dans la crise migratoire des Grands Lacs africains, avec le rapatriement volontaire de 533 r\u00e9fugi\u00e9s rwandais depuis la R\u00e9publique d\u00e9mocratique du Congo vers leur pays d\u2019origine. Cette op\u00e9ration, coordonn\u00e9e par le Haut-Commissariat des Nations unies pour les r\u00e9fugi\u00e9s (HCR), s\u2019inscrit dans un plan tripartite regroupant RDC, Rwanda et HCR visant un retour s\u00e9curis\u00e9 et digne des populations d\u00e9plac\u00e9es.<\/p><p>Ce flux migratoire fait \u00e9cho aux retours initiaux amorc\u00e9s en mai 2025, o\u00f9 plus de 4 000 r\u00e9fugi\u00e9s hutus avaient d\u00e9j\u00e0 regagn\u00e9 le Rwanda. La majorit\u00e9 des rapatri\u00e9s provient des zones en conflit du Nord-Kivu, notamment du territoire historique de Masisi, touch\u00e9 par les violences arm\u00e9es, notamment celles du groupe rebelle M23 qui contr\u00f4le plusieurs zones depuis d\u00e9but 2025.<\/p><p>M\u00eame si la proc\u00e9dure officielle insiste sur le volontariat du rapatriement, certaines sources sur le terrain d\u00e9noncent des pressions indirectes, voire un contexte de contrainte li\u00e9e \u00e0 l\u2019occupation de ces territoires par le M23, limitant la libert\u00e9 de mouvement des r\u00e9fugi\u00e9s congolais d\u2019origine rwandaise.<\/p><p>Le HCR, par la voix de sa charg\u00e9e de communication internationale Eijun Byun, rappelle que la r\u00e9ussite de ces retours d\u00e9pend d\u2019un consentement \u00e9clair\u00e9 et d\u2019une garantie de s\u00e9curit\u00e9 \u00e0 l\u2019arriv\u00e9e. \u00c0 ce titre, les autorit\u00e9s rwandaises assurent mettre en place des m\u00e9canismes d\u2019accueil et de r\u00e9int\u00e9gration, visant \u00e0 garantir aux rapatri\u00e9s les m\u00eames droits et responsabilit\u00e9s que les citoyens rwandais.<\/p><p>Cette op\u00e9ration intervient dans un contexte r\u00e9gional fragile, o\u00f9 la coexistence entre populations d\u00e9plac\u00e9es et forces arm\u00e9es locales reste tendue. Elle participe d\u2019une tentative plus large de stabilisation des Grands Lacs, apr\u00e8s des d\u00e9cennies de guerres et atrocit\u00e9s.<\/p><figure class=\"wp-block-image size-full\"><img fetchpriority=\"high\" decoding=\"async\" width=\"1024\" height=\"576\" src=\"https:\/\/africanova.info\/wp-content\/uploads\/2025\/08\/w1024-p16x9-P1025176.jpg\" alt=\"\" class=\"wp-image-21284\"\/><\/figure><p>Pourtant, plusieurs d\u00e9fis persistent. Le rapatriement massif n\u00e9cessite une coordination logistique importante, incluant aide humanitaire, acc\u00e8s aux soins, logement et insertion \u00e9conomique. Le HCR et ses partenaires appellent la communaut\u00e9 internationale \u00e0 renforcer son soutien financier et op\u00e9rationnel, craignant que ces retours ne soient fragiles si les contextes s\u00e9curitaires et socio-\u00e9conomiques ne s\u2019am\u00e9liorent pas rapidement.<\/p><p>En parall\u00e8le, plusieurs milliers de r\u00e9fugi\u00e9s rwandais se trouvent toujours en RDC, notamment dans des conditions pr\u00e9caires d\u2019acc\u00e8s aux ressources \u00e9l\u00e9mentaires. Le chemin vers une paix durable et une r\u00e9conciliation r\u00e9gionale passe donc aussi par une gestion concert\u00e9e et respectueuse des droits de ces populations vuln\u00e9rables.<\/p><p> <\/p><div class=\"gsp_post_data\" data-post_type=\"post\" data-cat=\"actualites\" data-modified=\"120\" data-title=\"Rapatriement massif de r\u00e9fugi\u00e9s rwandais depuis la RDC : un tournant sous surveillance internationale\" data-home=\"https:\/\/africanova.info\"><\/div>","protected":false},"excerpt":{"rendered":"<p>Le 25 ao\u00fbt 2025 marque une \u00e9tape importante dans la crise migratoire des Grands Lacs africains, avec le rapatriement volontaire de 533 r\u00e9fugi\u00e9s rwandais depuis la R\u00e9publique d\u00e9mocratique du Congo&hellip;<\/p>\n","protected":false},"author":1,"featured_media":21285,"comment_status":"open","ping_status":"open","sticky":false,"template":"","format":"standard","meta":{"_bbp_topic_count":0,"_bbp_reply_count":0,"_bbp_total_topic_count":0,"_bbp_total_reply_count":0,"_bbp_voice_count":0,"_bbp_anonymous_reply_count":0,"_bbp_topic_count_hidden":0,"_bbp_reply_count_hidden":0,"_bbp_forum_subforum_count":0,"_lmt_disableupdate":"","_lmt_disable":"","_jetpack_memberships_contains_paid_content":false,"footnotes":""},"categories":[1],"tags":[],"class_list":["post-21283","post","type-post","status-publish","format-standard","has-post-thumbnail","hentry","category-actualites"],"jetpack_featured_media_url":"https:\/\/africanova.info\/wp-content\/uploads\/2025\/08\/000_47BL6EG.jpg","jetpack_sharing_enabled":true,"_links":{"self":[{"href":"https:\/\/africanova.info\/index.php?rest_route=\/wp\/v2\/posts\/21283","targetHints":{"allow":["GET"]}}],"collection":[{"href":"https:\/\/africanova.info\/index.php?rest_route=\/wp\/v2\/posts"}],"about":[{"href":"https:\/\/africanova.info\/index.php?rest_route=\/wp\/v2\/types\/post"}],"author":[{"embeddable":true,"href":"https:\/\/africanova.info\/index.php?rest_route=\/wp\/v2\/users\/1"}],"replies":[{"embeddable":true,"href":"https:\/\/africanova.info\/index.php?rest_route=%2Fwp%2Fv2%2Fcomments&post=21283"}],"version-history":[{"count":1,"href":"https:\/\/africanova.info\/index.php?rest_route=\/wp\/v2\/posts\/21283\/revisions"}],"predecessor-version":[{"id":21286,"href":"https:\/\/africanova.info\/index.php?rest_route=\/wp\/v2\/posts\/21283\/revisions\/21286"}],"wp:featuredmedia":[{"embeddable":true,"href":"https:\/\/africanova.info\/index.php?rest_route=\/wp\/v2\/media\/21285"}],"wp:attachment":[{"href":"https:\/\/africanova.info\/index.php?rest_route=%2Fwp%2Fv2%2Fmedia&parent=21283"}],"wp:term":[{"taxonomy":"category","embeddable":true,"href":"https:\/\/africanova.info\/index.php?rest_route=%2Fwp%2Fv2%2Fcategories&post=21283"},{"taxonomy":"post_tag","embeddable":true,"href":"https:\/\/africanova.info\/index.php?rest_route=%2Fwp%2Fv2%2Ftags&post=21283"}],"curies":[{"name":"wp","href":"https:\/\/api.w.org\/{rel}","templated":true}]}}