
{"id":21236,"date":"2025-08-26T11:25:22","date_gmt":"2025-08-26T09:25:22","guid":{"rendered":"https:\/\/africanova.info\/?p=21236"},"modified":"2025-08-26T11:27:05","modified_gmt":"2025-08-26T09:27:05","slug":"crise-environnementale-en-amazonie-des-feux-de-foret-sans-precedent-mettent-en-danger-le-poumon-vert-de-la-planete","status":"publish","type":"post","link":"https:\/\/africanova.info\/?p=21236","title":{"rendered":"Crise environnementale en Amazonie \u2013 Des feux de for\u00eat sans pr\u00e9c\u00e9dent mettent en danger le poumon vert de la plan\u00e8te"},"content":{"rendered":"<p><strong>Introduction : une saison de feux record en Amazonie<\/strong><\/p><p>En ao\u00fbt 2025, l\u2019Amazonie br\u00e9silienne conna\u00eet une saison incendiaire parmi les plus dramatiques de son histoire r\u00e9cente. Des milliers de feux se d\u00e9clarent chaque jour, d\u00e9truisant des centaines de milliers d\u2019hectares de for\u00eat tropicale, exacerbant le r\u00e9chauffement climatique mondial et mena\u00e7ant la biodiversit\u00e9 exceptionnelle du poumon vert.<\/p><p>Cette catastrophe environnementale alerte chercheurs, gouvernements et ONG, appelant \u00e0 une mobilisation forte pour prot\u00e9ger l\u2019une des zones les plus vitales de la plan\u00e8te.<\/p><p><strong>Origines des incendies et facteurs aggravants<\/strong><\/p><p>Les feux sont le plus souvent attribu\u00e9s \u00e0 des pratiques ill\u00e9gales de d\u00e9forestation, de br\u00fblis pour l\u2019agriculture et \u00e0 la d\u00e9gradation due \u00e0 l\u2019exploitation mini\u00e8re. La s\u00e9cheresse, renforc\u00e9e par le changement climatique, complique la situation en rendant la for\u00eat plus vuln\u00e9rable \u00e0 la combustion.<\/p><p>La mont\u00e9e des tensions politiques au Br\u00e9sil, notamment la pression sur les protections environnementales, a favoris\u00e9 une r\u00e9duction des moyens allou\u00e9s aux gardes forestiers et aux politiques de surveillance.<\/p><p><strong>Impacts \u00e9cologiques et sociaux<\/strong><\/p><p>Outre les pertes massives de v\u00e9g\u00e9tation, ces incendies menacent les habitats d\u2019esp\u00e8ces end\u00e9miques et d\u00e9clenchent une pollution atmosph\u00e9rique pr\u00e9occupante, affectant la sant\u00e9 des populations indig\u00e8nes et riveraines.<\/p><p>Les communaut\u00e9s locales, d\u00e9j\u00e0 vuln\u00e9rables, subissent des cons\u00e9quences \u00e9conomiques lourdes, avec des pertes de terres agricoles, de ressources naturelles et une d\u00e9gradation de la qualit\u00e9 de vie.<\/p><figure class=\"wp-block-image size-large\"><img fetchpriority=\"high\" decoding=\"async\" width=\"1024\" height=\"512\" src=\"https:\/\/africanova.info\/wp-content\/uploads\/2025\/08\/19367171lpw-19367236-article-amazonie-incendie-bresil-jpg_6516896_1250x625-1024x512.jpg\" alt=\"\" class=\"wp-image-21238\" srcset=\"https:\/\/africanova.info\/wp-content\/uploads\/2025\/08\/19367171lpw-19367236-article-amazonie-incendie-bresil-jpg_6516896_1250x625-1024x512.jpg 1024w, https:\/\/africanova.info\/wp-content\/uploads\/2025\/08\/19367171lpw-19367236-article-amazonie-incendie-bresil-jpg_6516896_1250x625-300x150.jpg 300w, https:\/\/africanova.info\/wp-content\/uploads\/2025\/08\/19367171lpw-19367236-article-amazonie-incendie-bresil-jpg_6516896_1250x625-768x384.jpg 768w, https:\/\/africanova.info\/wp-content\/uploads\/2025\/08\/19367171lpw-19367236-article-amazonie-incendie-bresil-jpg_6516896_1250x625-1170x585.jpg 1170w, https:\/\/africanova.info\/wp-content\/uploads\/2025\/08\/19367171lpw-19367236-article-amazonie-incendie-bresil-jpg_6516896_1250x625-585x293.jpg 585w, https:\/\/africanova.info\/wp-content\/uploads\/2025\/08\/19367171lpw-19367236-article-amazonie-incendie-bresil-jpg_6516896_1250x625-600x300.jpg 600w, https:\/\/africanova.info\/wp-content\/uploads\/2025\/08\/19367171lpw-19367236-article-amazonie-incendie-bresil-jpg_6516896_1250x625.jpg 1250w\" sizes=\"(max-width: 1024px) 100vw, 1024px\" \/><\/figure><p><strong>R\u00e9actions nationales et internationales<\/strong><\/p><p>Le gouvernement br\u00e9silien a d\u00e9ploy\u00e9 des moyens importants, mobilisant l\u2019arm\u00e9e et les pompiers, tout en appelant \u00e0 une coop\u00e9ration internationale pour lutter contre le ph\u00e9nom\u00e8ne.<\/p><p>Sur la sc\u00e8ne mondiale, plusieurs pays et organisations \u00e9cologistes r\u00e9clament des actions concr\u00e8tes et rapides, soulignant que la pr\u00e9servation de l\u2019Amazonie est une responsabilit\u00e9 collective.<\/p><p><strong>Vers une gestion durable et un renforcement des politiques environnementales<\/strong><\/p><p>Les sp\u00e9cialistes insistent sur la n\u00e9cessit\u00e9 d\u2019un plan global int\u00e9grant surveillance satellitaire, lutte contre l\u2019exploitation ill\u00e9gale, accompagnement des populations autochtones et promotion d\u2019une \u00e9conomie verte.<\/p><p>Le d\u00e9fi reste la conciliation entre d\u00e9veloppement \u00e9conomique local et pr\u00e9servation \u00e9cologique, enjeu central pour l\u2019avenir de la r\u00e9gion et du climat global.<\/p><div class=\"gsp_post_data\" data-post_type=\"post\" data-cat=\"actualites\" data-modified=\"120\" data-title=\"Crise environnementale en Amazonie \u2013 Des feux de for\u00eat sans pr\u00e9c\u00e9dent mettent en danger le poumon vert de la plan\u00e8te\" data-home=\"https:\/\/africanova.info\"><\/div>","protected":false},"excerpt":{"rendered":"<p>Introduction : une saison de feux record en Amazonie En ao\u00fbt 2025, l\u2019Amazonie br\u00e9silienne conna\u00eet une saison incendiaire parmi les plus dramatiques de son histoire r\u00e9cente. Des milliers de feux&hellip;<\/p>\n","protected":false},"author":1,"featured_media":21241,"comment_status":"open","ping_status":"open","sticky":false,"template":"","format":"standard","meta":{"_bbp_topic_count":0,"_bbp_reply_count":0,"_bbp_total_topic_count":0,"_bbp_total_reply_count":0,"_bbp_voice_count":0,"_bbp_anonymous_reply_count":0,"_bbp_topic_count_hidden":0,"_bbp_reply_count_hidden":0,"_bbp_forum_subforum_count":0,"_lmt_disableupdate":"","_lmt_disable":"","_jetpack_memberships_contains_paid_content":false,"footnotes":""},"categories":[1],"tags":[],"class_list":["post-21236","post","type-post","status-publish","format-standard","has-post-thumbnail","hentry","category-actualites"],"jetpack_featured_media_url":"https:\/\/africanova.info\/wp-content\/uploads\/2025\/08\/1200x680.jpeg","jetpack_sharing_enabled":true,"_links":{"self":[{"href":"https:\/\/africanova.info\/index.php?rest_route=\/wp\/v2\/posts\/21236","targetHints":{"allow":["GET"]}}],"collection":[{"href":"https:\/\/africanova.info\/index.php?rest_route=\/wp\/v2\/posts"}],"about":[{"href":"https:\/\/africanova.info\/index.php?rest_route=\/wp\/v2\/types\/post"}],"author":[{"embeddable":true,"href":"https:\/\/africanova.info\/index.php?rest_route=\/wp\/v2\/users\/1"}],"replies":[{"embeddable":true,"href":"https:\/\/africanova.info\/index.php?rest_route=%2Fwp%2Fv2%2Fcomments&post=21236"}],"version-history":[{"count":1,"href":"https:\/\/africanova.info\/index.php?rest_route=\/wp\/v2\/posts\/21236\/revisions"}],"predecessor-version":[{"id":21240,"href":"https:\/\/africanova.info\/index.php?rest_route=\/wp\/v2\/posts\/21236\/revisions\/21240"}],"wp:featuredmedia":[{"embeddable":true,"href":"https:\/\/africanova.info\/index.php?rest_route=\/wp\/v2\/media\/21241"}],"wp:attachment":[{"href":"https:\/\/africanova.info\/index.php?rest_route=%2Fwp%2Fv2%2Fmedia&parent=21236"}],"wp:term":[{"taxonomy":"category","embeddable":true,"href":"https:\/\/africanova.info\/index.php?rest_route=%2Fwp%2Fv2%2Fcategories&post=21236"},{"taxonomy":"post_tag","embeddable":true,"href":"https:\/\/africanova.info\/index.php?rest_route=%2Fwp%2Fv2%2Ftags&post=21236"}],"curies":[{"name":"wp","href":"https:\/\/api.w.org\/{rel}","templated":true}]}}