
{"id":21201,"date":"2025-08-26T11:01:01","date_gmt":"2025-08-26T09:01:01","guid":{"rendered":"https:\/\/africanova.info\/?p=21201"},"modified":"2025-08-26T11:01:04","modified_gmt":"2025-08-26T09:01:04","slug":"francois-bayrou-appelle-a-un-vote-de-confiance-au-parlement-face-a-une-crise-politique-majeure","status":"publish","type":"post","link":"https:\/\/africanova.info\/?p=21201","title":{"rendered":"Fran\u00e7ois Bayrou appelle \u00e0 un vote de confiance au Parlement face \u00e0 une crise politique majeure"},"content":{"rendered":"<p><strong>Introduction : un climat politique tendu en France<\/strong><\/p><p>En ao\u00fbt 2025, la France traverse une p\u00e9riode politique particuli\u00e8rement troubl\u00e9e. Face \u00e0 une mont\u00e9e des tensions sociales et des querelles institutionnelles, le pr\u00e9sident du MoDem, Fran\u00e7ois Bayrou, a lanc\u00e9 un appel solennel pour un&nbsp;vote de confiance&nbsp;au Parlement, programm\u00e9 pour le 8 septembre 2025. Cette initiative intervient dans un contexte d\u2019instabilit\u00e9 gouvernementale et de d\u00e9bats intenses autour des r\u00e9formes \u00e9conomiques et sociales.<\/p><p><strong>Les raisons du vote de confiance<\/strong><\/p><p>Fran\u00e7ois Bayrou justifie cette demande par la n\u00e9cessit\u00e9 de clarifier la majorit\u00e9 parlementaire et de consolider un soutien stable au gouvernement, alors que plusieurs ministres ont exprim\u00e9 des doutes sur la poursuite des politiques men\u00e9es. La contestation sociale, notamment sur la r\u00e9forme des retraites et la gestion de l\u2019inflation, alimente un climat d\u2019incertitude qui freine l\u2019action gouvernementale.<\/p><p>Ce vote de confiance est vu comme un test crucial pour la coh\u00e9sion politique, avec le risque d\u2019un remaniement minist\u00e9riel ou m\u00eame d\u2019\u00e9lections anticip\u00e9es en cas de rejet.<\/p><p><strong>R\u00e9actions dans l\u2019h\u00e9micycle et chez les opposants<\/strong><\/p><p>La gauche radicale et certains groupes d\u2019opposition ont d\u2019ores et d\u00e9j\u00e0 annonc\u00e9 leur intention de voter contre, d\u00e9non\u00e7ant une politique jug\u00e9e trop lib\u00e9rale et \u00e9loign\u00e9e des pr\u00e9occupations populaires. Les partis centristes, quant \u00e0 eux, restent divis\u00e9s mais pourraient jouer un r\u00f4le de pivot.<\/p><figure class=\"wp-block-image size-large\"><img fetchpriority=\"high\" decoding=\"async\" width=\"1024\" height=\"682\" src=\"https:\/\/africanova.info\/wp-content\/uploads\/2025\/08\/Francois-Bayrou-a-Matignon-le-23-decembre-2024-2002398-1024x682.webp\" alt=\"\" class=\"wp-image-21202\" srcset=\"https:\/\/africanova.info\/wp-content\/uploads\/2025\/08\/Francois-Bayrou-a-Matignon-le-23-decembre-2024-2002398-1024x682.webp 1024w, https:\/\/africanova.info\/wp-content\/uploads\/2025\/08\/Francois-Bayrou-a-Matignon-le-23-decembre-2024-2002398-300x200.webp 300w, https:\/\/africanova.info\/wp-content\/uploads\/2025\/08\/Francois-Bayrou-a-Matignon-le-23-decembre-2024-2002398-768x511.webp 768w, https:\/\/africanova.info\/wp-content\/uploads\/2025\/08\/Francois-Bayrou-a-Matignon-le-23-decembre-2024-2002398-1170x779.webp 1170w, https:\/\/africanova.info\/wp-content\/uploads\/2025\/08\/Francois-Bayrou-a-Matignon-le-23-decembre-2024-2002398-585x390.webp 585w, https:\/\/africanova.info\/wp-content\/uploads\/2025\/08\/Francois-Bayrou-a-Matignon-le-23-decembre-2024-2002398-263x175.webp 263w, https:\/\/africanova.info\/wp-content\/uploads\/2025\/08\/Francois-Bayrou-a-Matignon-le-23-decembre-2024-2002398-600x400.webp 600w, https:\/\/africanova.info\/wp-content\/uploads\/2025\/08\/Francois-Bayrou-a-Matignon-le-23-decembre-2024-2002398.webp 1200w\" sizes=\"(max-width: 1024px) 100vw, 1024px\" \/><\/figure><p>Les d\u00e9bats \u00e0 venir promettent d\u2019\u00eatre vifs, avec un enjeu de stabilit\u00e9 gouvernementale majeur, d\u00e9terminant pour la suite du quinquennat.<\/p><p><strong>Implications pour la France et l\u2019Union europ\u00e9enne<\/strong><\/p><p>Au-del\u00e0 des fronti\u00e8res fran\u00e7aises, cette crise politique suscite des inqui\u00e9tudes sur la capacit\u00e9 de la France, moteur de l\u2019Union europ\u00e9enne, \u00e0 maintenir son leadership dans un contexte de d\u00e9fis \u00e9conomiques et g\u00e9opolitiques croissants.<\/p><p>La communaut\u00e9 europ\u00e9enne suit de pr\u00e8s les \u00e9volutions, consciente que l\u2019instabilit\u00e9 \u00e0 Paris pourrait affecter la coh\u00e9sion continentale.<\/p><p><strong>Perspectives politiques<\/strong><\/p><p>Le succ\u00e8s ou l\u2019\u00e9chec du vote de confiance aura une port\u00e9e symbolique et pratique importante, influen\u00e7ant les orientations politiques et \u00e9conomiques pour les mois \u00e0 venir. Fran\u00e7ois Bayrou r\u00e9affirme son engagement en faveur du dialogue et de la stabilit\u00e9.<\/p><div class=\"gsp_post_data\" data-post_type=\"post\" data-cat=\"actualites\" data-modified=\"120\" data-title=\"Fran\u00e7ois Bayrou appelle \u00e0 un vote de confiance au Parlement face \u00e0 une crise politique majeure\" data-home=\"https:\/\/africanova.info\"><\/div>","protected":false},"excerpt":{"rendered":"<p>Introduction : un climat politique tendu en France En ao\u00fbt 2025, la France traverse une p\u00e9riode politique particuli\u00e8rement troubl\u00e9e. Face \u00e0 une mont\u00e9e des tensions sociales et des querelles institutionnelles,&hellip;<\/p>\n","protected":false},"author":1,"featured_media":21203,"comment_status":"open","ping_status":"open","sticky":false,"template":"","format":"standard","meta":{"_bbp_topic_count":0,"_bbp_reply_count":0,"_bbp_total_topic_count":0,"_bbp_total_reply_count":0,"_bbp_voice_count":0,"_bbp_anonymous_reply_count":0,"_bbp_topic_count_hidden":0,"_bbp_reply_count_hidden":0,"_bbp_forum_subforum_count":0,"_lmt_disableupdate":"","_lmt_disable":"","_jetpack_memberships_contains_paid_content":false,"footnotes":""},"categories":[1],"tags":[],"class_list":["post-21201","post","type-post","status-publish","format-standard","has-post-thumbnail","hentry","category-actualites"],"jetpack_featured_media_url":"https:\/\/africanova.info\/wp-content\/uploads\/2025\/08\/2000007467656.jpg","jetpack_sharing_enabled":true,"_links":{"self":[{"href":"https:\/\/africanova.info\/index.php?rest_route=\/wp\/v2\/posts\/21201","targetHints":{"allow":["GET"]}}],"collection":[{"href":"https:\/\/africanova.info\/index.php?rest_route=\/wp\/v2\/posts"}],"about":[{"href":"https:\/\/africanova.info\/index.php?rest_route=\/wp\/v2\/types\/post"}],"author":[{"embeddable":true,"href":"https:\/\/africanova.info\/index.php?rest_route=\/wp\/v2\/users\/1"}],"replies":[{"embeddable":true,"href":"https:\/\/africanova.info\/index.php?rest_route=%2Fwp%2Fv2%2Fcomments&post=21201"}],"version-history":[{"count":1,"href":"https:\/\/africanova.info\/index.php?rest_route=\/wp\/v2\/posts\/21201\/revisions"}],"predecessor-version":[{"id":21204,"href":"https:\/\/africanova.info\/index.php?rest_route=\/wp\/v2\/posts\/21201\/revisions\/21204"}],"wp:featuredmedia":[{"embeddable":true,"href":"https:\/\/africanova.info\/index.php?rest_route=\/wp\/v2\/media\/21203"}],"wp:attachment":[{"href":"https:\/\/africanova.info\/index.php?rest_route=%2Fwp%2Fv2%2Fmedia&parent=21201"}],"wp:term":[{"taxonomy":"category","embeddable":true,"href":"https:\/\/africanova.info\/index.php?rest_route=%2Fwp%2Fv2%2Fcategories&post=21201"},{"taxonomy":"post_tag","embeddable":true,"href":"https:\/\/africanova.info\/index.php?rest_route=%2Fwp%2Fv2%2Ftags&post=21201"}],"curies":[{"name":"wp","href":"https:\/\/api.w.org\/{rel}","templated":true}]}}