
{"id":21189,"date":"2025-08-26T10:51:23","date_gmt":"2025-08-26T08:51:23","guid":{"rendered":"https:\/\/africanova.info\/?p=21189"},"modified":"2025-08-26T10:51:26","modified_gmt":"2025-08-26T08:51:26","slug":"monde-conflit-a-gaza-netanyahu-denonce-un-accident-tragique-apres-la-mort-de-journalistes","status":"publish","type":"post","link":"https:\/\/africanova.info\/?p=21189","title":{"rendered":"Monde : Conflit \u00e0 Gaza \u2013 Netanyahu d\u00e9nonce un \u00ab accident tragique \u00bb apr\u00e8s la mort de journalistes"},"content":{"rendered":"<p><strong>Un \u00e9v\u00e9nement tragique au c\u0153ur d\u2019un conflit violent<\/strong><\/p><p>Le conflit arm\u00e9 entre Isra\u00ebl et les factions palestiniennes dans la bande de Gaza a pris une escalade dramatique avec la mort de plusieurs journalistes lors d\u2019une frappe isra\u00e9lienne contre un h\u00f4pital, fin ao\u00fbt 2025. Le Premier ministre isra\u00e9lien,&nbsp;Benyamin Netanyahu, a qualifi\u00e9 ces pertes de \u00ab tragique accident \u00bb tout en exprimant ses condol\u00e9ances aux familles.<\/p><p>Ces journalistes, pr\u00e9sents pour couvrir la situation sur le terrain, repr\u00e9sentaient plusieurs m\u00e9dias internationaux, dont Al-Jazeera. Leur mort a d\u00e9clench\u00e9 une vague d\u2019indignation mondiale, ravivant les d\u00e9bats sur la protection des civils et des m\u00e9dias dans les zones de conflit.<\/p><p><strong>Contexte du conflit et tensions actuelles<\/strong><\/p><p>Les frappes isra\u00e9liennes s\u2019inscrivent dans une campagne militaire visant \u00e0 neutraliser les groupes arm\u00e9s palestiniens accus\u00e9s de lancer des attaques meurtri\u00e8res. La riposte palestinienne inclut des tirs de roquettes sur le territoire isra\u00e9lien, faisant \u00e9galement des victimes civiles.<\/p><p>La communaut\u00e9 internationale appelle \u00e0 une d\u00e9sescalade, soulignant l\u2019urgence humanitaire dans la r\u00e9gion fortement fragilis\u00e9e par des ann\u00e9es de guerre et blocus.<\/p><figure class=\"wp-block-image size-large\"><img fetchpriority=\"high\" decoding=\"async\" width=\"1024\" height=\"576\" src=\"https:\/\/africanova.info\/wp-content\/uploads\/2025\/08\/01502304534770-web-tete-1024x576.jpg\" alt=\"\" class=\"wp-image-21192\" srcset=\"https:\/\/africanova.info\/wp-content\/uploads\/2025\/08\/01502304534770-web-tete-1024x576.jpg 1024w, https:\/\/africanova.info\/wp-content\/uploads\/2025\/08\/01502304534770-web-tete-300x169.jpg 300w, https:\/\/africanova.info\/wp-content\/uploads\/2025\/08\/01502304534770-web-tete-768x432.jpg 768w, https:\/\/africanova.info\/wp-content\/uploads\/2025\/08\/01502304534770-web-tete-1170x658.jpg 1170w, https:\/\/africanova.info\/wp-content\/uploads\/2025\/08\/01502304534770-web-tete-585x329.jpg 585w, https:\/\/africanova.info\/wp-content\/uploads\/2025\/08\/01502304534770-web-tete-1200x675.jpg 1200w, https:\/\/africanova.info\/wp-content\/uploads\/2025\/08\/01502304534770-web-tete-600x338.jpg 600w, https:\/\/africanova.info\/wp-content\/uploads\/2025\/08\/01502304534770-web-tete.jpg 1280w\" sizes=\"(max-width: 1024px) 100vw, 1024px\" \/><\/figure><p><strong>R\u00e9actions internationales et diplomatiques<\/strong><\/p><p>Outre la condamnation g\u00e9n\u00e9rale des pertes humaines, plusieurs pays et organisations, dont l\u2019ONU et l\u2019Union europ\u00e9enne, ont exprim\u00e9 leur pr\u00e9occupation quant \u00e0 la protection des journalistes et des infrastructures civiles.<\/p><p>Les discussions diplomatiques reprennent sous forte tension pour tenter d\u2019\u00e9tablir un cessez-le-feu et n\u00e9gocier un cadre de paix durable. Toutefois, les divergences entre les parties restent profondes, compliquant toute avanc\u00e9e concr\u00e8te.<\/p><p><strong>Perspectives et enjeux humanitaires<\/strong><\/p><p>La mort des journalistes rappelle une nouvelle fois la gravit\u00e9 et la complexit\u00e9 du conflit, o\u00f9 les civils et les acteurs de la presse sont menac\u00e9s. Cette trag\u00e9die pourrait influencer la couverture m\u00e9diatique internationale et renforcer la pression pour un r\u00e8glement pacifique.<\/p><p>Les organisations humanitaires d\u00e9noncent les risques de crise humanitaire majeure et appellent \u00e0 un acc\u00e8s s\u00e9curis\u00e9 pour acheminer l\u2019aide aux populations civiles de Gaza.<\/p><div class=\"gsp_post_data\" data-post_type=\"post\" data-cat=\"geopolitique-et-conflits\" data-modified=\"120\" data-title=\"Monde : Conflit \u00e0 Gaza \u2013 Netanyahu d\u00e9nonce un \u00ab accident tragique \u00bb apr\u00e8s la mort de journalistes\" data-home=\"https:\/\/africanova.info\"><\/div>","protected":false},"excerpt":{"rendered":"<p>Un \u00e9v\u00e9nement tragique au c\u0153ur d\u2019un conflit violent Le conflit arm\u00e9 entre Isra\u00ebl et les factions palestiniennes dans la bande de Gaza a pris une escalade dramatique avec la mort&hellip;<\/p>\n","protected":false},"author":1,"featured_media":21191,"comment_status":"open","ping_status":"open","sticky":false,"template":"","format":"standard","meta":{"_bbp_topic_count":0,"_bbp_reply_count":0,"_bbp_total_topic_count":0,"_bbp_total_reply_count":0,"_bbp_voice_count":0,"_bbp_anonymous_reply_count":0,"_bbp_topic_count_hidden":0,"_bbp_reply_count_hidden":0,"_bbp_forum_subforum_count":0,"_lmt_disableupdate":"","_lmt_disable":"","_jetpack_memberships_contains_paid_content":false,"footnotes":""},"categories":[265],"tags":[],"class_list":["post-21189","post","type-post","status-publish","format-standard","has-post-thumbnail","hentry","category-geopolitique-et-conflits"],"jetpack_featured_media_url":"https:\/\/africanova.info\/wp-content\/uploads\/2025\/08\/44.jpg","jetpack_sharing_enabled":true,"_links":{"self":[{"href":"https:\/\/africanova.info\/index.php?rest_route=\/wp\/v2\/posts\/21189","targetHints":{"allow":["GET"]}}],"collection":[{"href":"https:\/\/africanova.info\/index.php?rest_route=\/wp\/v2\/posts"}],"about":[{"href":"https:\/\/africanova.info\/index.php?rest_route=\/wp\/v2\/types\/post"}],"author":[{"embeddable":true,"href":"https:\/\/africanova.info\/index.php?rest_route=\/wp\/v2\/users\/1"}],"replies":[{"embeddable":true,"href":"https:\/\/africanova.info\/index.php?rest_route=%2Fwp%2Fv2%2Fcomments&post=21189"}],"version-history":[{"count":1,"href":"https:\/\/africanova.info\/index.php?rest_route=\/wp\/v2\/posts\/21189\/revisions"}],"predecessor-version":[{"id":21193,"href":"https:\/\/africanova.info\/index.php?rest_route=\/wp\/v2\/posts\/21189\/revisions\/21193"}],"wp:featuredmedia":[{"embeddable":true,"href":"https:\/\/africanova.info\/index.php?rest_route=\/wp\/v2\/media\/21191"}],"wp:attachment":[{"href":"https:\/\/africanova.info\/index.php?rest_route=%2Fwp%2Fv2%2Fmedia&parent=21189"}],"wp:term":[{"taxonomy":"category","embeddable":true,"href":"https:\/\/africanova.info\/index.php?rest_route=%2Fwp%2Fv2%2Fcategories&post=21189"},{"taxonomy":"post_tag","embeddable":true,"href":"https:\/\/africanova.info\/index.php?rest_route=%2Fwp%2Fv2%2Ftags&post=21189"}],"curies":[{"name":"wp","href":"https:\/\/api.w.org\/{rel}","templated":true}]}}