
{"id":20862,"date":"2025-08-23T09:26:19","date_gmt":"2025-08-23T07:26:19","guid":{"rendered":"https:\/\/africanova.info\/?p=20862"},"modified":"2025-08-23T09:26:19","modified_gmt":"2025-08-23T07:26:19","slug":"cap-vert-lile-de-sao-vicente-submergee-par-des-inondations-exceptionnelles-bilan-humain-et-economique","status":"publish","type":"post","link":"https:\/\/africanova.info\/?p=20862","title":{"rendered":"Cap-Vert : l\u2019\u00eele de S\u00e3o Vicente submerg\u00e9e par des inondations exceptionnelles, bilan humain et \u00e9conomique"},"content":{"rendered":"<p>L\u2019archipel du Cap-Vert, et plus particuli\u00e8rement l\u2019\u00eele de S\u00e3o Vicente, a subi une s\u00e9rie d\u2019inondations d\u2019une intensit\u00e9 exceptionnelle au cours des 24 derni\u00e8res heures, provoquant destructions massives, \u00e9vacuations forc\u00e9es et un bilan humain pr\u00e9occupant.<\/p><p><strong>Un ph\u00e9nom\u00e8ne m\u00e9t\u00e9orologique extr\u00eame<\/strong><\/p><p>En seulement cinq heures, les pr\u00e9cipitations ont atteint pr\u00e8s du double de la moyenne annuelle, provoquant des crues soudaines et des coul\u00e9es de boue. Les autorit\u00e9s locales ont d\u00e9cr\u00e9t\u00e9 l\u2019\u00e9tat d\u2019urgence et organis\u00e9 des \u00e9vacuations dans les zones les plus touch\u00e9es.<\/p><p><strong>Bilan humain et mat\u00e9riel<\/strong><\/p><p>Une dizaine de morts ont \u00e9t\u00e9 confirm\u00e9s, tandis que des dizaines de bless\u00e9s sont soign\u00e9s dans les \u00e9tablissements hospitaliers de l\u2019\u00eele. Plusieurs quartiers de Mindelo, la principale ville, ont \u00e9t\u00e9 submerg\u00e9s, avec des centaines de b\u00e2timents endommag\u00e9s ou d\u00e9truits.<\/p><p>Les r\u00e9seaux routiers et \u00e9lectriques ont \u00e9galement \u00e9t\u00e9 gravement affect\u00e9s, perturbant la vie quotidienne et les approvisionnements.<\/p><figure class=\"wp-block-image size-full\"><img fetchpriority=\"high\" decoding=\"async\" width=\"1024\" height=\"753\" src=\"https:\/\/africanova.info\/wp-content\/uploads\/2025\/08\/Inondations2-1024x753-1.jpg\" alt=\"\" class=\"wp-image-20864\" srcset=\"https:\/\/africanova.info\/wp-content\/uploads\/2025\/08\/Inondations2-1024x753-1.jpg 1024w, https:\/\/africanova.info\/wp-content\/uploads\/2025\/08\/Inondations2-1024x753-1-300x221.jpg 300w, https:\/\/africanova.info\/wp-content\/uploads\/2025\/08\/Inondations2-1024x753-1-768x565.jpg 768w, https:\/\/africanova.info\/wp-content\/uploads\/2025\/08\/Inondations2-1024x753-1-585x430.jpg 585w, https:\/\/africanova.info\/wp-content\/uploads\/2025\/08\/Inondations2-1024x753-1-600x441.jpg 600w\" sizes=\"(max-width: 1024px) 100vw, 1024px\" \/><\/figure><p><strong>R\u00e9actions et mesures d\u2019urgence<\/strong><\/p><p>Le gouvernement cap-verdien a mobilis\u00e9 toutes ses ressources pour assister les populations, avec une coordination renforc\u00e9e des secours. L\u2019assistance internationale est sollicit\u00e9e.<\/p><p>Des appels \u00e0 la solidarit\u00e9 mondiale ont \u00e9t\u00e9 lanc\u00e9s, mettant en lumi\u00e8re la fragilit\u00e9 croissante des petits \u00c9tats insulaires face aux risques climatiques.<\/p><p><strong>Enjeux environnementaux et adaptation<\/strong><\/p><p>L\u2019\u00e9pisode dramatique souligne la n\u00e9cessit\u00e9 pour les archipels et \u00e9tats insulaires de renforcer leurs strat\u00e9gies d\u2019adaptation, face \u00e0 une hausse attendue des ph\u00e9nom\u00e8nes extr\u00eames li\u00e9e au changement climatique.<\/p><p>Investissements dans les infrastructures r\u00e9silientes, syst\u00e8mes d\u2019alerte pr\u00e9coce et gestion rationnelle des ressources naturelles sont au c\u0153ur des priorit\u00e9s.<\/p><p><\/p><p><\/p><div class=\"gsp_post_data\" data-post_type=\"post\" data-cat=\"actualites\" data-modified=\"120\" data-title=\"Cap-Vert : l\u2019\u00eele de S\u00e3o Vicente submerg\u00e9e par des inondations exceptionnelles, bilan humain et \u00e9conomique\" data-home=\"https:\/\/africanova.info\"><\/div>","protected":false},"excerpt":{"rendered":"<p>L\u2019archipel du Cap-Vert, et plus particuli\u00e8rement l\u2019\u00eele de S\u00e3o Vicente, a subi une s\u00e9rie d\u2019inondations d\u2019une intensit\u00e9 exceptionnelle au cours des 24 derni\u00e8res heures, provoquant destructions massives, \u00e9vacuations forc\u00e9es et&hellip;<\/p>\n","protected":false},"author":1,"featured_media":20865,"comment_status":"open","ping_status":"open","sticky":false,"template":"","format":"standard","meta":{"_bbp_topic_count":0,"_bbp_reply_count":0,"_bbp_total_topic_count":0,"_bbp_total_reply_count":0,"_bbp_voice_count":0,"_bbp_anonymous_reply_count":0,"_bbp_topic_count_hidden":0,"_bbp_reply_count_hidden":0,"_bbp_forum_subforum_count":0,"_lmt_disableupdate":"","_lmt_disable":"","_jetpack_memberships_contains_paid_content":false,"footnotes":""},"categories":[1],"tags":[],"class_list":["post-20862","post","type-post","status-publish","format-standard","has-post-thumbnail","hentry","category-actualites"],"jetpack_featured_media_url":"https:\/\/africanova.info\/wp-content\/uploads\/2025\/08\/73794111-51336340.jpg","jetpack_sharing_enabled":true,"_links":{"self":[{"href":"https:\/\/africanova.info\/index.php?rest_route=\/wp\/v2\/posts\/20862","targetHints":{"allow":["GET"]}}],"collection":[{"href":"https:\/\/africanova.info\/index.php?rest_route=\/wp\/v2\/posts"}],"about":[{"href":"https:\/\/africanova.info\/index.php?rest_route=\/wp\/v2\/types\/post"}],"author":[{"embeddable":true,"href":"https:\/\/africanova.info\/index.php?rest_route=\/wp\/v2\/users\/1"}],"replies":[{"embeddable":true,"href":"https:\/\/africanova.info\/index.php?rest_route=%2Fwp%2Fv2%2Fcomments&post=20862"}],"version-history":[{"count":1,"href":"https:\/\/africanova.info\/index.php?rest_route=\/wp\/v2\/posts\/20862\/revisions"}],"predecessor-version":[{"id":20866,"href":"https:\/\/africanova.info\/index.php?rest_route=\/wp\/v2\/posts\/20862\/revisions\/20866"}],"wp:featuredmedia":[{"embeddable":true,"href":"https:\/\/africanova.info\/index.php?rest_route=\/wp\/v2\/media\/20865"}],"wp:attachment":[{"href":"https:\/\/africanova.info\/index.php?rest_route=%2Fwp%2Fv2%2Fmedia&parent=20862"}],"wp:term":[{"taxonomy":"category","embeddable":true,"href":"https:\/\/africanova.info\/index.php?rest_route=%2Fwp%2Fv2%2Fcategories&post=20862"},{"taxonomy":"post_tag","embeddable":true,"href":"https:\/\/africanova.info\/index.php?rest_route=%2Fwp%2Fv2%2Ftags&post=20862"}],"curies":[{"name":"wp","href":"https:\/\/api.w.org\/{rel}","templated":true}]}}