
{"id":20858,"date":"2025-08-23T09:23:30","date_gmt":"2025-08-23T07:23:30","guid":{"rendered":"https:\/\/africanova.info\/?p=20858"},"modified":"2025-08-23T09:23:33","modified_gmt":"2025-08-23T07:23:33","slug":"securisation-et-cooperation-regionale-renforcee-entre-la-confederation-des-etats-du-sahel-et-la-cedeao","status":"publish","type":"post","link":"https:\/\/africanova.info\/?p=20858","title":{"rendered":"S\u00e9curisation et coop\u00e9ration r\u00e9gionale renforc\u00e9e entre la Conf\u00e9d\u00e9ration des \u00c9tats du Sahel et la CEDEAO"},"content":{"rendered":"<p>Face \u00e0 la mont\u00e9e des menaces terroristes et aux d\u00e9fis s\u00e9curitaires multiformes, la Conf\u00e9d\u00e9ration des \u00c9tats du Sahel (CES) et la Communaut\u00e9 \u00e9conomique des \u00c9tats de l\u2019Afrique de l\u2019Ouest (CEDEAO) ont amorc\u00e9 un dialogue strat\u00e9gique d\u2019une grande importance en 2025. Apr\u00e8s une p\u00e9riode de s\u00e9paration institutionnelle profonde, ces deux entit\u00e9s r\u00e9gionales confront\u00e9es \u00e0 des enjeux similaires entendent d\u00e9sormais conjuguer leurs efforts.<\/p><p><strong>Un contexte s\u00e9curitaire alarmant sur l\u2019ensemble de la r\u00e9gion<\/strong><\/p><p>Le Sahel et l\u2019Afrique de l\u2019Ouest subissent une hausse exponentielle des violences s\u00e9vissant notamment au Mali, au Burkina Faso, au Niger, mais aussi dans des \u00c9tats membres de la CEDEAO comme le Nigeria et le B\u00e9nin. Le terrorisme djihadiste, les trafics illicites et les conflits communautaires fragilisent la stabilit\u00e9 r\u00e9gionale.<\/p><p>Cette position partag\u00e9e a conduit \u00e0 un travail approfondi visant \u00e0 \u00e9tablir des m\u00e9canismes de coordination, \u00e0 \u00e9changer des renseignements, et \u00e0 planifier des op\u00e9rations conjointes. Le dialogue CES-CEDEAO est aussi une r\u00e9ponse aux enjeux nationaux et internationaux exigeant des r\u00e9ponses collectives.<\/p><p><strong>Coalitions et synth\u00e8se des ressources militaires<\/strong><\/p><p>Les forces arm\u00e9es des trois pays sah\u00e9liens, d\u00e9sormais structur\u00e9es dans une Force unifi\u00e9e conf\u00e9d\u00e9rale, s\u2019alignent avec les unit\u00e9s de la CEDEAO pour optimiser la lutte collective. Des exercices conjoints, \u00e9changes de personnels, et une nouvelle doctrine commune sont en pr\u00e9paration.<\/p><p>Les experts militaires valorisent aussi la compl\u00e9mentarit\u00e9 institutionnelle : unit\u00e9 d\u2019action et division des responsabilit\u00e9s garantissent la meilleure efficacit\u00e9, tout en respectant la souverainet\u00e9 des \u00c9tats.<\/p><p><strong>Une coop\u00e9ration au-del\u00e0 de la s\u00e9curit\u00e9<\/strong><\/p><p>Au-del\u00e0 des questions militaires, la CEDEAO et la CES entendent renforcer leurs politiques \u00e9conomiques et de d\u00e9veloppement conjoint, visant \u00e0 r\u00e9duire les vuln\u00e9rabilit\u00e9s socio-\u00e9conomiques facilitant l\u2019essor du terrorisme.<\/p><figure class=\"wp-block-image size-large\"><img fetchpriority=\"high\" decoding=\"async\" width=\"1024\" height=\"576\" src=\"https:\/\/africanova.info\/wp-content\/uploads\/2025\/08\/photo_1717150481-1024x576.jpeg\" alt=\"\" class=\"wp-image-20859\" srcset=\"https:\/\/africanova.info\/wp-content\/uploads\/2025\/08\/photo_1717150481-1024x576.jpeg 1024w, https:\/\/africanova.info\/wp-content\/uploads\/2025\/08\/photo_1717150481-300x169.jpeg 300w, https:\/\/africanova.info\/wp-content\/uploads\/2025\/08\/photo_1717150481-768x432.jpeg 768w, https:\/\/africanova.info\/wp-content\/uploads\/2025\/08\/photo_1717150481-1170x658.jpeg 1170w, https:\/\/africanova.info\/wp-content\/uploads\/2025\/08\/photo_1717150481-585x329.jpeg 585w, https:\/\/africanova.info\/wp-content\/uploads\/2025\/08\/photo_1717150481-1320x743.jpeg 1320w, https:\/\/africanova.info\/wp-content\/uploads\/2025\/08\/photo_1717150481-1200x675.jpeg 1200w, https:\/\/africanova.info\/wp-content\/uploads\/2025\/08\/photo_1717150481-600x338.jpeg 600w, https:\/\/africanova.info\/wp-content\/uploads\/2025\/08\/photo_1717150481.jpeg 1500w\" sizes=\"(max-width: 1024px) 100vw, 1024px\" \/><\/figure><p>Ils travaillent sur un programme ambitieux d\u2019infrastructures int\u00e9gr\u00e9es, de partage technologique, et de gestion concert\u00e9e des ressources naturelles.<\/p><p><strong>D\u00e9fis politiques et diplomatiques : d\u00e9passer les tensions<\/strong><\/p><p>Toutefois, cette renaissance de la coop\u00e9ration est aussi marqu\u00e9e par des tensions historiques non r\u00e9solues, des visions divergentes sur la gouvernance r\u00e9gionale et une m\u00e9fiance h\u00e9rit\u00e9e des ann\u00e9es pr\u00e9c\u00e9dentes.<\/p><p>Le r\u00f4le des m\u00e9diateurs internationaux, des organisations panafricaines et des puissances tierces sera crucial pour garantir la p\u00e9rennit\u00e9 de ce rapprochement, cl\u00e9 selon les sp\u00e9cialistes d\u2019un Sahel pacifi\u00e9.<\/p><p><strong>Perspectives strat\u00e9giques<\/strong><\/p><p>Au-del\u00e0 de 2025, ce partenariat pourrait ouvrir la voie \u00e0 une refondation de la s\u00e9curit\u00e9 collective en Afrique de l\u2019Ouest et au Sahel &#8211; un formidable d\u00e9fi pour une r\u00e9gion jug\u00e9e par beaucoup l\u2019une des plus complexes au monde.<\/p><div class=\"gsp_post_data\" data-post_type=\"post\" data-cat=\"actualites\" data-modified=\"120\" data-title=\"S\u00e9curisation et coop\u00e9ration r\u00e9gionale renforc\u00e9e entre la Conf\u00e9d\u00e9ration des \u00c9tats du Sahel et la CEDEAO\" data-home=\"https:\/\/africanova.info\"><\/div>","protected":false},"excerpt":{"rendered":"<p>Face \u00e0 la mont\u00e9e des menaces terroristes et aux d\u00e9fis s\u00e9curitaires multiformes, la Conf\u00e9d\u00e9ration des \u00c9tats du Sahel (CES) et la Communaut\u00e9 \u00e9conomique des \u00c9tats de l\u2019Afrique de l\u2019Ouest (CEDEAO)&hellip;<\/p>\n","protected":false},"author":1,"featured_media":20860,"comment_status":"open","ping_status":"open","sticky":false,"template":"","format":"standard","meta":{"_bbp_topic_count":0,"_bbp_reply_count":0,"_bbp_total_topic_count":0,"_bbp_total_reply_count":0,"_bbp_voice_count":0,"_bbp_anonymous_reply_count":0,"_bbp_topic_count_hidden":0,"_bbp_reply_count_hidden":0,"_bbp_forum_subforum_count":0,"_lmt_disableupdate":"","_lmt_disable":"","_jetpack_memberships_contains_paid_content":false,"footnotes":""},"categories":[1],"tags":[],"class_list":["post-20858","post","type-post","status-publish","format-standard","has-post-thumbnail","hentry","category-actualites"],"jetpack_featured_media_url":"https:\/\/africanova.info\/wp-content\/uploads\/2025\/08\/img_4769-752x440-1.jpg","jetpack_sharing_enabled":true,"_links":{"self":[{"href":"https:\/\/africanova.info\/index.php?rest_route=\/wp\/v2\/posts\/20858","targetHints":{"allow":["GET"]}}],"collection":[{"href":"https:\/\/africanova.info\/index.php?rest_route=\/wp\/v2\/posts"}],"about":[{"href":"https:\/\/africanova.info\/index.php?rest_route=\/wp\/v2\/types\/post"}],"author":[{"embeddable":true,"href":"https:\/\/africanova.info\/index.php?rest_route=\/wp\/v2\/users\/1"}],"replies":[{"embeddable":true,"href":"https:\/\/africanova.info\/index.php?rest_route=%2Fwp%2Fv2%2Fcomments&post=20858"}],"version-history":[{"count":1,"href":"https:\/\/africanova.info\/index.php?rest_route=\/wp\/v2\/posts\/20858\/revisions"}],"predecessor-version":[{"id":20861,"href":"https:\/\/africanova.info\/index.php?rest_route=\/wp\/v2\/posts\/20858\/revisions\/20861"}],"wp:featuredmedia":[{"embeddable":true,"href":"https:\/\/africanova.info\/index.php?rest_route=\/wp\/v2\/media\/20860"}],"wp:attachment":[{"href":"https:\/\/africanova.info\/index.php?rest_route=%2Fwp%2Fv2%2Fmedia&parent=20858"}],"wp:term":[{"taxonomy":"category","embeddable":true,"href":"https:\/\/africanova.info\/index.php?rest_route=%2Fwp%2Fv2%2Fcategories&post=20858"},{"taxonomy":"post_tag","embeddable":true,"href":"https:\/\/africanova.info\/index.php?rest_route=%2Fwp%2Fv2%2Ftags&post=20858"}],"curies":[{"name":"wp","href":"https:\/\/api.w.org\/{rel}","templated":true}]}}