
{"id":20845,"date":"2025-08-23T09:09:30","date_gmt":"2025-08-23T07:09:30","guid":{"rendered":"https:\/\/africanova.info\/?p=20845"},"modified":"2025-08-23T09:09:34","modified_gmt":"2025-08-23T07:09:34","slug":"republique-democratique-du-congo-joseph-kabila-juge-pour-complicite-avec-le-mouvement-rebelle-m23-dans-un-proces-sans-precedent","status":"publish","type":"post","link":"https:\/\/africanova.info\/?p=20845","title":{"rendered":"R\u00e9publique d\u00e9mocratique du Congo : Joseph Kabila jug\u00e9 pour complicit\u00e9 avec le mouvement rebelle M23 dans un proc\u00e8s sans pr\u00e9c\u00e9dent"},"content":{"rendered":"<p>Le proc\u00e8s de Joseph Kabila, ancien pr\u00e9sident de la R\u00e9publique d\u00e9mocratique du Congo (RDC), s\u2019est ouvert \u00e0 Kinshasa en ao\u00fbt 2025 dans un climat charg\u00e9 de tension et d\u2019espoirs. L\u2019ancien chef de l\u2019\u00c9tat est accus\u00e9 par la justice congolaise, avec le soutien de la communaut\u00e9 internationale, de complicit\u00e9 avec le groupe rebelle M23, responsable de violences d\u00e9vastatrices dans l\u2019est du pays.<\/p><p><strong>Un proc\u00e8s historique dans un contexte post-conflit<\/strong><\/p><p>Le M23 est un groupe rebelle compos\u00e9 en grande partie d\u2019anciens soldats de l\u2019arm\u00e9e r\u00e9guli\u00e8re congolaise, actifs notamment dans le Nord-Kivu, et accus\u00e9 notamment d\u2019atrocit\u00e9s, d\u2019attaques de civils et d\u2019affaiblissement de la souverainet\u00e9 nationale. Kabila est soup\u00e7onn\u00e9 d\u2019avoir soutenu indirectement leurs actions, compromettant gravement la paix et la s\u00e9curit\u00e9 dans cette r\u00e9gion strat\u00e9gique.<\/p><p>Ce proc\u00e8s constitue une premi\u00e8re en RDC, symbolisant une volont\u00e9 affich\u00e9e de justice transitionnelle, visant \u00e0 briser l\u2019impunit\u00e9 et \u00e0 renforcer l\u2019\u00c9tat de droit.<\/p><p><strong>D\u00e9roulement et enjeux du proc\u00e8s<\/strong><\/p><p>Le tribunal a entendu des t\u00e9moins cl\u00e9s, victimes et experts militaires qui ont d\u00e9crit un syst\u00e8me de soutien logistique et financier aux rebelles. Malgr\u00e9 cela, la d\u00e9fense de Kabila nie les accusations, qualifiant le processus de politique politicienne.<\/p><figure class=\"wp-block-image size-full is-resized\"><img fetchpriority=\"high\" decoding=\"async\" width=\"768\" height=\"432\" src=\"https:\/\/africanova.info\/wp-content\/uploads\/2025\/08\/AA1Jj5st.jpeg\" alt=\"\" class=\"wp-image-20847\" style=\"width:780px;height:auto\" srcset=\"https:\/\/africanova.info\/wp-content\/uploads\/2025\/08\/AA1Jj5st.jpeg 768w, https:\/\/africanova.info\/wp-content\/uploads\/2025\/08\/AA1Jj5st-300x169.jpeg 300w, https:\/\/africanova.info\/wp-content\/uploads\/2025\/08\/AA1Jj5st-585x329.jpeg 585w, https:\/\/africanova.info\/wp-content\/uploads\/2025\/08\/AA1Jj5st-600x338.jpeg 600w\" sizes=\"(max-width: 768px) 100vw, 768px\" \/><\/figure><p>Ce proc\u00e8s, suivi de pr\u00e8s par les acteurs nationaux et internationaux, sera un moment cl\u00e9 pour la stabilit\u00e9 future du Congo et son processus d\u00e9mocratique.<\/p><p><strong>R\u00e9actions nationales et internationales<\/strong><\/p><p>La population congolaise est divis\u00e9e, entre ceux qui voient dans la d\u00e9marche un espoir de r\u00e9demption et ceux qui craignent des r\u00e9percussions politiques n\u00e9fastes. La MONUSCO et les Nations unies soulignent l\u2019importance d\u2019un proc\u00e8s \u00e9quitable pour garantir l\u2019avenir de la paix.<\/p><p><strong>Enjeux pour la paix et la s\u00e9curit\u00e9<\/strong><\/p><p>Au-del\u00e0 de l\u2019aspect judiciaire, ce proc\u00e8s s\u2019ins\u00e8re dans un contexte s\u00e9curitaire fragile o\u00f9 la menace rebelle persiste et menace les \u00e9quilibres r\u00e9gionaux. Le renforcement des institutions et la fin de l\u2019impunit\u00e9 sont per\u00e7us comme des pr\u00e9requis indispensables \u00e0 une paix durable.<\/p><p><strong>Conclusion<\/strong><\/p><p>Le proc\u00e8s de Joseph Kabila est un jalon n\u00e9anmoins d\u00e9licat dans la reconstruction de la RDC. Il incarne la recherche d\u2019une justice historique sur fond d\u2019un fragile processus de paix.<\/p><p><\/p><div class=\"gsp_post_data\" data-post_type=\"post\" data-cat=\"actualites\" data-modified=\"120\" data-title=\"R\u00e9publique d\u00e9mocratique du Congo : Joseph Kabila jug\u00e9 pour complicit\u00e9 avec le mouvement rebelle M23 dans un proc\u00e8s sans pr\u00e9c\u00e9dent\" data-home=\"https:\/\/africanova.info\"><\/div>","protected":false},"excerpt":{"rendered":"<p>Le proc\u00e8s de Joseph Kabila, ancien pr\u00e9sident de la R\u00e9publique d\u00e9mocratique du Congo (RDC), s\u2019est ouvert \u00e0 Kinshasa en ao\u00fbt 2025 dans un climat charg\u00e9 de tension et d\u2019espoirs. L\u2019ancien&hellip;<\/p>\n","protected":false},"author":1,"featured_media":20846,"comment_status":"open","ping_status":"open","sticky":false,"template":"","format":"standard","meta":{"_bbp_topic_count":0,"_bbp_reply_count":0,"_bbp_total_topic_count":0,"_bbp_total_reply_count":0,"_bbp_voice_count":0,"_bbp_anonymous_reply_count":0,"_bbp_topic_count_hidden":0,"_bbp_reply_count_hidden":0,"_bbp_forum_subforum_count":0,"_lmt_disableupdate":"","_lmt_disable":"","_jetpack_memberships_contains_paid_content":false,"footnotes":""},"categories":[1],"tags":[],"class_list":["post-20845","post","type-post","status-publish","format-standard","has-post-thumbnail","hentry","category-actualites"],"jetpack_featured_media_url":"https:\/\/africanova.info\/wp-content\/uploads\/2025\/08\/beymedias.brightspotcdn-4.jpeg","jetpack_sharing_enabled":true,"_links":{"self":[{"href":"https:\/\/africanova.info\/index.php?rest_route=\/wp\/v2\/posts\/20845","targetHints":{"allow":["GET"]}}],"collection":[{"href":"https:\/\/africanova.info\/index.php?rest_route=\/wp\/v2\/posts"}],"about":[{"href":"https:\/\/africanova.info\/index.php?rest_route=\/wp\/v2\/types\/post"}],"author":[{"embeddable":true,"href":"https:\/\/africanova.info\/index.php?rest_route=\/wp\/v2\/users\/1"}],"replies":[{"embeddable":true,"href":"https:\/\/africanova.info\/index.php?rest_route=%2Fwp%2Fv2%2Fcomments&post=20845"}],"version-history":[{"count":1,"href":"https:\/\/africanova.info\/index.php?rest_route=\/wp\/v2\/posts\/20845\/revisions"}],"predecessor-version":[{"id":20848,"href":"https:\/\/africanova.info\/index.php?rest_route=\/wp\/v2\/posts\/20845\/revisions\/20848"}],"wp:featuredmedia":[{"embeddable":true,"href":"https:\/\/africanova.info\/index.php?rest_route=\/wp\/v2\/media\/20846"}],"wp:attachment":[{"href":"https:\/\/africanova.info\/index.php?rest_route=%2Fwp%2Fv2%2Fmedia&parent=20845"}],"wp:term":[{"taxonomy":"category","embeddable":true,"href":"https:\/\/africanova.info\/index.php?rest_route=%2Fwp%2Fv2%2Fcategories&post=20845"},{"taxonomy":"post_tag","embeddable":true,"href":"https:\/\/africanova.info\/index.php?rest_route=%2Fwp%2Fv2%2Ftags&post=20845"}],"curies":[{"name":"wp","href":"https:\/\/api.w.org\/{rel}","templated":true}]}}