
{"id":20836,"date":"2025-08-23T08:57:29","date_gmt":"2025-08-23T06:57:29","guid":{"rendered":"https:\/\/africanova.info\/?p=20836"},"modified":"2025-08-23T08:57:32","modified_gmt":"2025-08-23T06:57:32","slug":"rdc-protestations-massives-a-beni-contre-linsecurite-croissante-attribuee-aux-rebelles-adf","status":"publish","type":"post","link":"https:\/\/africanova.info\/?p=20836","title":{"rendered":"RDC : protestations massives \u00e0 B\u00e9ni contre l\u2019ins\u00e9curit\u00e9 croissante attribu\u00e9e aux rebelles ADF"},"content":{"rendered":"<p>La ville de B\u00e9ni, dans la province du Nord-Kivu en R\u00e9publique d\u00e9mocratique du Congo (RDC), est en proie \u00e0 une vague de manifestations depuis plusieurs jours. Face \u00e0 une ins\u00e9curit\u00e9 d\u00e9brid\u00e9e, des milliers d\u2019habitants sont descendus dans la rue pour d\u00e9noncer la multiplication des attaques meurtri\u00e8res attribu\u00e9es au groupe arm\u00e9 ADF (Alliance des forces d\u00e9mocratiques), mais \u00e9galement l\u2019inaction des forces gouvernementales.<\/p><p><strong>Une ins\u00e9curit\u00e9 grandissante<\/strong><\/p><p>Les attaques r\u00e9p\u00e9t\u00e9es dans la r\u00e9gion ont culmin\u00e9 en ao\u00fbt 2025 avec un nombre record de victimes civiles. Plus d\u2019une centaine de civils ont \u00e9t\u00e9 tu\u00e9s dans des raids attribu\u00e9s aux ADF, qui ont pr\u00eat\u00e9 all\u00e9geance \u00e0 l\u2019\u00c9tat islamique. Ces violences exacerbent une situation de terreur permanente, avec des villages entiers d\u00e9plac\u00e9s, des populations priv\u00e9es d\u2019acc\u00e8s aux soins, \u00e0 l\u2019\u00e9ducation et \u00e0 la nourriture.<\/p><p>Les manifestants brandissent des banderoles \u00ab B\u00e9ni mais le gouvernement nous regarde \u00bb et d\u00e9noncent l\u2019impuissance des militaires cens\u00e9s prot\u00e9ger la population. Certaines sc\u00e8nes de violence entre forces de l\u2019ordre et manifestants ont \u00e9t\u00e9 signal\u00e9es, la police r\u00e9primant parfois de fa\u00e7on brutale les rassemblements.<\/p><p><strong>Appel au gouverneur militaire<\/strong><\/p><p>\u00c0 l\u2019origine du mouvement, le collectif \u00ab Lutte pour le changement \u00e0 B\u00e9ni \u00bb exige du gouverneur militaire une prise en charge imm\u00e9diate de cette crise s\u00e9curitaire. La revendication principale est un renforcement r\u00e9el et visible de la s\u00e9curit\u00e9, avec une meilleure coordination entre arm\u00e9e, police et civils.<\/p><figure class=\"wp-block-image size-full\"><img fetchpriority=\"high\" decoding=\"async\" width=\"1024\" height=\"576\" src=\"https:\/\/africanova.info\/wp-content\/uploads\/2025\/08\/AP21204540190334.jpg\" alt=\"\" class=\"wp-image-20837\" srcset=\"https:\/\/africanova.info\/wp-content\/uploads\/2025\/08\/AP21204540190334.jpg 1024w, https:\/\/africanova.info\/wp-content\/uploads\/2025\/08\/AP21204540190334-300x169.jpg 300w, https:\/\/africanova.info\/wp-content\/uploads\/2025\/08\/AP21204540190334-768x432.jpg 768w, https:\/\/africanova.info\/wp-content\/uploads\/2025\/08\/AP21204540190334-585x329.jpg 585w, https:\/\/africanova.info\/wp-content\/uploads\/2025\/08\/AP21204540190334-600x338.jpg 600w\" sizes=\"(max-width: 1024px) 100vw, 1024px\" \/><figcaption class=\"wp-element-caption\">)<\/figcaption><\/figure><p>Les habitants d\u00e9plorent la r\u00e9p\u00e9tition des massacres alors que la r\u00e9gion s\u2019enfonce dans la peur et le chaos.<\/p><p><strong>Enjeux r\u00e9gionaux et internationaux<\/strong><\/p><p>La crise s\u00e9curitaire \u00e0 B\u00e9ni ne peut \u00eatre dissoci\u00e9e du conflit qui oppose les groupes rebelles M23 et ADF dans l\u2019est de la RDC. Au m\u00eame moment o\u00f9 le M23 avan\u00e7ait dans le sud Kivu avec l\u2019appui du Rwanda, les attaques \u00e0 B\u00e9ni ont renforc\u00e9 l\u2019instabilit\u00e9.<\/p><p>La communaut\u00e9 internationale et les Nations unies surveillent de pr\u00e8s cette situation explosive, appelant au respect des droits humains et \u00e0 une r\u00e9solution rapide. La MONUSCO demeure mobilis\u00e9e mais se heurte \u00e0 des difficult\u00e9s logistiques et politiques majeures.<\/p><p><strong>Conclusion<\/strong><\/p><p>Au c\u0153ur de cette crise, la souffrance des populations est immense. L\u2019\u00e9tendue des violences \u00e0 B\u00e9ni met en lumi\u00e8re une RDC profond\u00e9ment fractur\u00e9e par ses conflits internes. Sans une r\u00e9ponse politique et s\u00e9curitaire efficace, le cycle de la violence pourrait se poursuivre inlassablement. Le soul\u00e8vement populaire signale un refus collectif de cette r\u00e9alit\u00e9 infernale.<\/p><div class=\"gsp_post_data\" data-post_type=\"post\" data-cat=\"actualites\" data-modified=\"120\" data-title=\"RDC : protestations massives \u00e0 B\u00e9ni contre l\u2019ins\u00e9curit\u00e9 croissante attribu\u00e9e aux rebelles ADF\" data-home=\"https:\/\/africanova.info\"><\/div>","protected":false},"excerpt":{"rendered":"<p>La ville de B\u00e9ni, dans la province du Nord-Kivu en R\u00e9publique d\u00e9mocratique du Congo (RDC), est en proie \u00e0 une vague de manifestations depuis plusieurs jours. Face \u00e0 une ins\u00e9curit\u00e9&hellip;<\/p>\n","protected":false},"author":1,"featured_media":20838,"comment_status":"open","ping_status":"open","sticky":false,"template":"","format":"standard","meta":{"_bbp_topic_count":0,"_bbp_reply_count":0,"_bbp_total_topic_count":0,"_bbp_total_reply_count":0,"_bbp_voice_count":0,"_bbp_anonymous_reply_count":0,"_bbp_topic_count_hidden":0,"_bbp_reply_count_hidden":0,"_bbp_forum_subforum_count":0,"_lmt_disableupdate":"","_lmt_disable":"","_jetpack_memberships_contains_paid_content":false,"footnotes":""},"categories":[1],"tags":[],"class_list":["post-20836","post","type-post","status-publish","format-standard","has-post-thumbnail","hentry","category-actualites"],"jetpack_featured_media_url":"https:\/\/africanova.info\/wp-content\/uploads\/2025\/08\/993d6989-d59d-4e29-8ef9-eb47157c156e_w1080_h608.jpg","jetpack_sharing_enabled":true,"_links":{"self":[{"href":"https:\/\/africanova.info\/index.php?rest_route=\/wp\/v2\/posts\/20836","targetHints":{"allow":["GET"]}}],"collection":[{"href":"https:\/\/africanova.info\/index.php?rest_route=\/wp\/v2\/posts"}],"about":[{"href":"https:\/\/africanova.info\/index.php?rest_route=\/wp\/v2\/types\/post"}],"author":[{"embeddable":true,"href":"https:\/\/africanova.info\/index.php?rest_route=\/wp\/v2\/users\/1"}],"replies":[{"embeddable":true,"href":"https:\/\/africanova.info\/index.php?rest_route=%2Fwp%2Fv2%2Fcomments&post=20836"}],"version-history":[{"count":1,"href":"https:\/\/africanova.info\/index.php?rest_route=\/wp\/v2\/posts\/20836\/revisions"}],"predecessor-version":[{"id":20839,"href":"https:\/\/africanova.info\/index.php?rest_route=\/wp\/v2\/posts\/20836\/revisions\/20839"}],"wp:featuredmedia":[{"embeddable":true,"href":"https:\/\/africanova.info\/index.php?rest_route=\/wp\/v2\/media\/20838"}],"wp:attachment":[{"href":"https:\/\/africanova.info\/index.php?rest_route=%2Fwp%2Fv2%2Fmedia&parent=20836"}],"wp:term":[{"taxonomy":"category","embeddable":true,"href":"https:\/\/africanova.info\/index.php?rest_route=%2Fwp%2Fv2%2Fcategories&post=20836"},{"taxonomy":"post_tag","embeddable":true,"href":"https:\/\/africanova.info\/index.php?rest_route=%2Fwp%2Fv2%2Ftags&post=20836"}],"curies":[{"name":"wp","href":"https:\/\/api.w.org\/{rel}","templated":true}]}}