
{"id":20819,"date":"2025-08-23T08:33:39","date_gmt":"2025-08-23T06:33:39","guid":{"rendered":"https:\/\/africanova.info\/?p=20819"},"modified":"2025-08-23T08:35:43","modified_gmt":"2025-08-23T06:35:43","slug":"la-confederation-des-etats-du-sahel-accelere-loperationnalisation-de-ses-projets-de-developpement","status":"publish","type":"post","link":"https:\/\/africanova.info\/?p=20819","title":{"rendered":"La Conf\u00e9d\u00e9ration des \u00c9tats du Sahel acc\u00e9l\u00e8re l\u2019op\u00e9rationnalisation de ses projets de d\u00e9veloppement"},"content":{"rendered":"<p>La Conf\u00e9d\u00e9ration des \u00c9tats du Sahel (CES), regroupant le Burkina Faso, le Mali et le Niger, a marqu\u00e9 une \u00e9tape importante dans la concr\u00e9tisation de ses ambitions \u00e9conomiques d\u00e9but juillet 2025, lors de la r\u00e9union minist\u00e9rielle organis\u00e9e \u00e0 Niamey. Pr\u00e9sid\u00e9e par Mamane Sidi, ministre d\u00e9l\u00e9gu\u00e9 aupr\u00e8s du Premier ministre charg\u00e9 du Budget au Niger, cette rencontre a fix\u00e9 un calendrier pr\u00e9cis pour l\u2019op\u00e9rationnalisation du pilier \u00ab D\u00e9veloppement \u00bb de la CES.<\/p><p><strong>Une dynamique nouvelle dans la coop\u00e9ration sous-r\u00e9gionale<\/strong><\/p><p>Apr\u00e8s des phases pr\u00e9paratoires et des d\u00e9clarations d\u2019intentions, les trois \u00c9tats sont pass\u00e9s \u00e0 l\u2019action. Cette r\u00e9union a r\u00e9uni experts et ministres charg\u00e9s du d\u00e9veloppement, de l\u2019\u00e9conomie et des finances afin d\u2019\u00e9laborer un plan d\u2019action triennal. Un fonds sp\u00e9cial de soutien au d\u00e9veloppement local a \u00e9t\u00e9 propos\u00e9, accompagn\u00e9 de m\u00e9canismes stricts de suivi et d\u2019\u00e9valuation pour garantir la transparence et l\u2019efficacit\u00e9 des initiatives.<\/p><p>Les participants ont ainsi act\u00e9 la n\u00e9cessit\u00e9 d\u2019une mutualisation des ressources et des expertises dans une logique de solidarit\u00e9 et de compl\u00e9mentarit\u00e9. Le Burkina Faso, le Mali et le Niger mettent en avant leur d\u00e9termination \u00e0 construire un avenir commun ax\u00e9 sur la souverainet\u00e9 \u00e9conomique et la r\u00e9duction des d\u00e9pendances ext\u00e9rieures.<\/p><p><strong>Projets prioritaires : \u00e9nergie, infrastructures et agriculture<\/strong><\/p><p>Parmi les projets phares figurent l\u2019am\u00e9lioration des infrastructures \u00e9nerg\u00e9tiques avec un accent sur les \u00e9nergies renouvelables, la r\u00e9habilitation et la construction des routes et transports, et la modernisation du secteur agricole. Ces secteurs sont jug\u00e9s strat\u00e9giques pour favoriser la croissance \u00e9conomique inclusive.<\/p><p>L\u2019acc\u00e9l\u00e9ration de la transition \u00e9nerg\u00e9tique, int\u00e9gr\u00e9e dans le plan, r\u00e9pond aussi aux enjeux environnementaux, notamment la lutte contre la d\u00e9sertification qui affecte s\u00e9v\u00e8rement la r\u00e9gion. L\u2019agriculture durable, la s\u00e9curit\u00e9 alimentaire et l\u2019acc\u00e8s \u00e0 l\u2019eau potable sont au c\u0153ur des pr\u00e9occupations.<\/p><p><strong>Une coordination \u00e9troite avec les autres piliers de la CES<\/strong><\/p><p>Les participants ont insist\u00e9 sur le fait que le d\u00e9veloppement ne pouvait \u00eatre dissoci\u00e9 de la s\u00e9curit\u00e9 et de la consolidation institutionnelle. Les ministres ont ainsi envisag\u00e9 une forte coordination avec le Comit\u00e9 D\u00e9fense et S\u00e9curit\u00e9 ainsi qu\u2019avec les structures politiques de la CES.<\/p><figure class=\"wp-block-image size-full\"><img fetchpriority=\"high\" decoding=\"async\" width=\"1024\" height=\"678\" src=\"https:\/\/africanova.info\/wp-content\/uploads\/2025\/08\/aes-sahel-assimi-goita-niger-tiani-ibrahim-traore-burkina-malien-1024x678-1.jpg\" alt=\"\" class=\"wp-image-20820\" srcset=\"https:\/\/africanova.info\/wp-content\/uploads\/2025\/08\/aes-sahel-assimi-goita-niger-tiani-ibrahim-traore-burkina-malien-1024x678-1.jpg 1024w, https:\/\/africanova.info\/wp-content\/uploads\/2025\/08\/aes-sahel-assimi-goita-niger-tiani-ibrahim-traore-burkina-malien-1024x678-1-300x199.jpg 300w, https:\/\/africanova.info\/wp-content\/uploads\/2025\/08\/aes-sahel-assimi-goita-niger-tiani-ibrahim-traore-burkina-malien-1024x678-1-768x509.jpg 768w, https:\/\/africanova.info\/wp-content\/uploads\/2025\/08\/aes-sahel-assimi-goita-niger-tiani-ibrahim-traore-burkina-malien-1024x678-1-780x516.jpg 780w, https:\/\/africanova.info\/wp-content\/uploads\/2025\/08\/aes-sahel-assimi-goita-niger-tiani-ibrahim-traore-burkina-malien-1024x678-1-585x387.jpg 585w, https:\/\/africanova.info\/wp-content\/uploads\/2025\/08\/aes-sahel-assimi-goita-niger-tiani-ibrahim-traore-burkina-malien-1024x678-1-263x175.jpg 263w, https:\/\/africanova.info\/wp-content\/uploads\/2025\/08\/aes-sahel-assimi-goita-niger-tiani-ibrahim-traore-burkina-malien-1024x678-1-600x397.jpg 600w\" sizes=\"(max-width: 1024px) 100vw, 1024px\" \/><\/figure><p>Cette interd\u00e9pendance vise \u00e0 assurer une coh\u00e9rence dans les actions et \u00e0 maximiser leur impact sur le terrain, pour r\u00e9pondre de mani\u00e8re globale aux crises multidimensionnelles qui touchent les populations sah\u00e9liennes.<\/p><p><strong>Soutien des partenaires internationaux<\/strong><\/p><p>Le Comit\u00e9 minist\u00e9riel a lanc\u00e9 un appel aux partenaires internationaux \u00e0 accompagner ce processus sans ing\u00e9rence, dans le respect de la souverainet\u00e9. Plusieurs institutions, dont la Banque africaine de d\u00e9veloppement et des agences de coop\u00e9ration, ont d\u2019ores et d\u00e9j\u00e0 manifest\u00e9 leur int\u00e9r\u00eat \u00e0 appuyer la CES.<\/p><p>Cette r\u00e9union de Niamey marque un tournant pour la Conf\u00e9d\u00e9ration, qui aspire \u00e0 se positionner comme un acteur incontournable du d\u00e9veloppement r\u00e9gional, capable de construire ses propres solutions en ad\u00e9quation avec les r\u00e9alit\u00e9s locales.<\/p><div class=\"gsp_post_data\" data-post_type=\"post\" data-cat=\"actualites\" data-modified=\"120\" data-title=\"La Conf\u00e9d\u00e9ration des \u00c9tats du Sahel acc\u00e9l\u00e8re l\u2019op\u00e9rationnalisation de ses projets de d\u00e9veloppement\" data-home=\"https:\/\/africanova.info\"><\/div>","protected":false},"excerpt":{"rendered":"<p>La Conf\u00e9d\u00e9ration des \u00c9tats du Sahel (CES), regroupant le Burkina Faso, le Mali et le Niger, a marqu\u00e9 une \u00e9tape importante dans la concr\u00e9tisation de ses ambitions \u00e9conomiques d\u00e9but juillet&hellip;<\/p>\n","protected":false},"author":1,"featured_media":20821,"comment_status":"open","ping_status":"open","sticky":false,"template":"","format":"standard","meta":{"_bbp_topic_count":0,"_bbp_reply_count":0,"_bbp_total_topic_count":0,"_bbp_total_reply_count":0,"_bbp_voice_count":0,"_bbp_anonymous_reply_count":0,"_bbp_topic_count_hidden":0,"_bbp_reply_count_hidden":0,"_bbp_forum_subforum_count":0,"_lmt_disableupdate":"","_lmt_disable":"","_jetpack_memberships_contains_paid_content":false,"footnotes":""},"categories":[1],"tags":[],"class_list":["post-20819","post","type-post","status-publish","format-standard","has-post-thumbnail","hentry","category-actualites"],"jetpack_featured_media_url":"https:\/\/africanova.info\/wp-content\/uploads\/2025\/08\/presidents-aes.webp","jetpack_sharing_enabled":true,"_links":{"self":[{"href":"https:\/\/africanova.info\/index.php?rest_route=\/wp\/v2\/posts\/20819","targetHints":{"allow":["GET"]}}],"collection":[{"href":"https:\/\/africanova.info\/index.php?rest_route=\/wp\/v2\/posts"}],"about":[{"href":"https:\/\/africanova.info\/index.php?rest_route=\/wp\/v2\/types\/post"}],"author":[{"embeddable":true,"href":"https:\/\/africanova.info\/index.php?rest_route=\/wp\/v2\/users\/1"}],"replies":[{"embeddable":true,"href":"https:\/\/africanova.info\/index.php?rest_route=%2Fwp%2Fv2%2Fcomments&post=20819"}],"version-history":[{"count":1,"href":"https:\/\/africanova.info\/index.php?rest_route=\/wp\/v2\/posts\/20819\/revisions"}],"predecessor-version":[{"id":20822,"href":"https:\/\/africanova.info\/index.php?rest_route=\/wp\/v2\/posts\/20819\/revisions\/20822"}],"wp:featuredmedia":[{"embeddable":true,"href":"https:\/\/africanova.info\/index.php?rest_route=\/wp\/v2\/media\/20821"}],"wp:attachment":[{"href":"https:\/\/africanova.info\/index.php?rest_route=%2Fwp%2Fv2%2Fmedia&parent=20819"}],"wp:term":[{"taxonomy":"category","embeddable":true,"href":"https:\/\/africanova.info\/index.php?rest_route=%2Fwp%2Fv2%2Fcategories&post=20819"},{"taxonomy":"post_tag","embeddable":true,"href":"https:\/\/africanova.info\/index.php?rest_route=%2Fwp%2Fv2%2Ftags&post=20819"}],"curies":[{"name":"wp","href":"https:\/\/api.w.org\/{rel}","templated":true}]}}