
{"id":20815,"date":"2025-08-23T08:30:30","date_gmt":"2025-08-23T06:30:30","guid":{"rendered":"https:\/\/africanova.info\/?p=20815"},"modified":"2025-08-23T08:30:33","modified_gmt":"2025-08-23T06:30:33","slug":"confederation-des-etats-du-sahel-diplomatie-et-cooperation-renforcee-avec-la-cedeao-dans-un-contexte-regional-complexe","status":"publish","type":"post","link":"https:\/\/africanova.info\/?p=20815","title":{"rendered":"Conf\u00e9d\u00e9ration des \u00c9tats du Sahel : diplomatie et coop\u00e9ration renforc\u00e9e avec la CEDEAO dans un contexte r\u00e9gional complexe"},"content":{"rendered":"<p>Le 22 mai 2025, \u00e0 Bamako, une r\u00e9union diplomatique de haut niveau a rassembl\u00e9 les ministres des Affaires \u00e9trang\u00e8res de la Conf\u00e9d\u00e9ration des \u00c9tats du Sahel (CES) et le pr\u00e9sident de la Commission de la CEDEAO. Cette rencontre s\u2019inscrit dans un dialogue bilat\u00e9ral attendu, essentiel pour d\u00e9finir les modalit\u00e9s du retrait des membres sah\u00e9liens de la CEDEAO et poursuivre une coop\u00e9ration constructive malgr\u00e9 les tensions.<\/p><p><strong>Vers une int\u00e9gration sous-r\u00e9gionale fond\u00e9e sur la souverainet\u00e9<\/strong><\/p><p>Les \u00e9changes ont port\u00e9 sur les aspects juridiques et politiques li\u00e9s au retrait officiel des trois \u00c9tats du Sahel. Accord a \u00e9t\u00e9 trouv\u00e9 pour privil\u00e9gier une transition apais\u00e9e, dans le respect des int\u00e9r\u00eats des populations et de la stabilit\u00e9 r\u00e9gionale.<\/p><p>Les ministres ont unanimement soulign\u00e9 la n\u00e9cessit\u00e9 d\u2019\u00e9tablir une nouvelle architecture de coop\u00e9ration, respectueuse de la souverainet\u00e9 des \u00c9tats de la CES, mais ouvrant la voie \u00e0 des synergies concr\u00e8tes pour la paix, la s\u00e9curit\u00e9 et le d\u00e9veloppement.<\/p><p><strong>Un dialogue balis\u00e9 mais strat\u00e9gique<\/strong><\/p><p>Cette ouverture au dialogue avec la CEDEAO est per\u00e7ue comme une tentative pragmatique de d\u00e9passer les conflits institutionnels apparus depuis 2024. Malgr\u00e9 le retrait officiel, les deux organisations reconnaissent que des partenariats seront indispensables pour faire face aux d\u00e9fis transnationaux, notamment la lutte contre le terrorisme.<\/p><p>Les ministres des Affaires \u00e9trang\u00e8res ont fait part \u00e0 plusieurs reprises \u00e0 Assimi Go\u00efta, pr\u00e9sident de la CES, des progr\u00e8s r\u00e9alis\u00e9s et des efforts en cours pour harmoniser leurs positions.<\/p><p><strong>Coop\u00e9ration \u00e9conomique et s\u00e9curit\u00e9 conjointe au c\u0153ur des discussions<\/strong><\/p><p>Les administrations membres discutent \u00e9galement de la coordination des politiques \u00e9conomiques r\u00e9gionales, de la facilitation du commerce transfrontalier et de la s\u00e9curisation des fronti\u00e8res.<\/p><figure class=\"wp-block-image size-full is-resized\"><img fetchpriority=\"high\" decoding=\"async\" width=\"734\" height=\"515\" src=\"https:\/\/africanova.info\/wp-content\/uploads\/2025\/08\/ecowas-24022024.jpg\" alt=\"\" class=\"wp-image-20816\" style=\"width:780px;height:auto\" srcset=\"https:\/\/africanova.info\/wp-content\/uploads\/2025\/08\/ecowas-24022024.jpg 734w, https:\/\/africanova.info\/wp-content\/uploads\/2025\/08\/ecowas-24022024-300x210.jpg 300w, https:\/\/africanova.info\/wp-content\/uploads\/2025\/08\/ecowas-24022024-585x410.jpg 585w, https:\/\/africanova.info\/wp-content\/uploads\/2025\/08\/ecowas-24022024-600x421.jpg 600w\" sizes=\"(max-width: 734px) 100vw, 734px\" \/><\/figure><p>Sur le plan s\u00e9curitaire, bien que les diff\u00e9rences restent sensibles, la mise en place de m\u00e9canismes de coordination et de partage d\u2019informations est consid\u00e9r\u00e9e comme cruciale.<\/p><p><strong>Un \u00e9quilibre \u00e0 trouver dans un contexte instable<\/strong><\/p><p>Malgr\u00e9 ces progr\u00e8s, le d\u00e9fi reste immense. Le contexte politique sah\u00e9lien est marqu\u00e9 par des transitions militaires d\u00e9licates et des fragilit\u00e9s institutionnelles qui rendent toute coop\u00e9ration d\u00e9licate.<\/p><p>Les acteurs internationaux encouragent ce dialogue, consid\u00e9rant qu\u2019une meilleure int\u00e9gration sous-r\u00e9gionale est indispensable pour la stabilit\u00e9 durable de l\u2019Afrique de l\u2019Ouest.<\/p><p><\/p><div class=\"gsp_post_data\" data-post_type=\"post\" data-cat=\"actualites\" data-modified=\"120\" data-title=\"Conf\u00e9d\u00e9ration des \u00c9tats du Sahel : diplomatie et coop\u00e9ration renforc\u00e9e avec la CEDEAO dans un contexte r\u00e9gional complexe\" data-home=\"https:\/\/africanova.info\"><\/div>","protected":false},"excerpt":{"rendered":"<p>Le 22 mai 2025, \u00e0 Bamako, une r\u00e9union diplomatique de haut niveau a rassembl\u00e9 les ministres des Affaires \u00e9trang\u00e8res de la Conf\u00e9d\u00e9ration des \u00c9tats du Sahel (CES) et le pr\u00e9sident&hellip;<\/p>\n","protected":false},"author":1,"featured_media":20817,"comment_status":"open","ping_status":"open","sticky":false,"template":"","format":"standard","meta":{"_bbp_topic_count":0,"_bbp_reply_count":0,"_bbp_total_topic_count":0,"_bbp_total_reply_count":0,"_bbp_voice_count":0,"_bbp_anonymous_reply_count":0,"_bbp_topic_count_hidden":0,"_bbp_reply_count_hidden":0,"_bbp_forum_subforum_count":0,"_lmt_disableupdate":"","_lmt_disable":"","_jetpack_memberships_contains_paid_content":false,"footnotes":""},"categories":[1],"tags":[12626,12631,12630,9283,12632],"class_list":["post-20815","post","type-post","status-publish","format-standard","has-post-thumbnail","hentry","category-actualites","tag-confederation-des-etats-du-sahel","tag-cooperation-cedeao-ces","tag-developpement-economique-sahara","tag-diplomatie-afrique-de-louest","tag-financement-sahel"],"jetpack_featured_media_url":"https:\/\/africanova.info\/wp-content\/uploads\/2025\/08\/sahel-implications-for-ecowas.png","jetpack_sharing_enabled":true,"_links":{"self":[{"href":"https:\/\/africanova.info\/index.php?rest_route=\/wp\/v2\/posts\/20815","targetHints":{"allow":["GET"]}}],"collection":[{"href":"https:\/\/africanova.info\/index.php?rest_route=\/wp\/v2\/posts"}],"about":[{"href":"https:\/\/africanova.info\/index.php?rest_route=\/wp\/v2\/types\/post"}],"author":[{"embeddable":true,"href":"https:\/\/africanova.info\/index.php?rest_route=\/wp\/v2\/users\/1"}],"replies":[{"embeddable":true,"href":"https:\/\/africanova.info\/index.php?rest_route=%2Fwp%2Fv2%2Fcomments&post=20815"}],"version-history":[{"count":1,"href":"https:\/\/africanova.info\/index.php?rest_route=\/wp\/v2\/posts\/20815\/revisions"}],"predecessor-version":[{"id":20818,"href":"https:\/\/africanova.info\/index.php?rest_route=\/wp\/v2\/posts\/20815\/revisions\/20818"}],"wp:featuredmedia":[{"embeddable":true,"href":"https:\/\/africanova.info\/index.php?rest_route=\/wp\/v2\/media\/20817"}],"wp:attachment":[{"href":"https:\/\/africanova.info\/index.php?rest_route=%2Fwp%2Fv2%2Fmedia&parent=20815"}],"wp:term":[{"taxonomy":"category","embeddable":true,"href":"https:\/\/africanova.info\/index.php?rest_route=%2Fwp%2Fv2%2Fcategories&post=20815"},{"taxonomy":"post_tag","embeddable":true,"href":"https:\/\/africanova.info\/index.php?rest_route=%2Fwp%2Fv2%2Ftags&post=20815"}],"curies":[{"name":"wp","href":"https:\/\/api.w.org\/{rel}","templated":true}]}}