
{"id":20811,"date":"2025-08-23T08:26:39","date_gmt":"2025-08-23T06:26:39","guid":{"rendered":"https:\/\/africanova.info\/?p=20811"},"modified":"2025-08-23T08:26:42","modified_gmt":"2025-08-23T06:26:42","slug":"confederation-des-etats-du-sahel-avancees-dans-le-developpement-economique-et-la-creation-dune-banque-dinvestissement-regionale","status":"publish","type":"post","link":"https:\/\/africanova.info\/?p=20811","title":{"rendered":"Conf\u00e9d\u00e9ration des \u00c9tats du Sahel : avanc\u00e9es dans le d\u00e9veloppement \u00e9conomique et la cr\u00e9ation d\u2019une banque d\u2019investissement r\u00e9gionale"},"content":{"rendered":"<p>Depuis le d\u00e9but de l\u2019ann\u00e9e 2025, la Conf\u00e9d\u00e9ration des \u00c9tats du Sahel (CES), r\u00e9unissant le Burkina Faso, le Mali et le Niger, multiplie les initiatives visant \u00e0 renforcer l\u2019int\u00e9gration \u00e9conomique r\u00e9gionale. Une \u00e9tape centrale a \u00e9t\u00e9 franchie avec le lancement des travaux pr\u00e9paratoires \u00e0 la cr\u00e9ation d\u2019une Banque d\u2019investissement et de d\u00e9veloppement conf\u00e9d\u00e9rale, une institution cl\u00e9 dans la strat\u00e9gie de progr\u00e8s et de stabilit\u00e9 de la zone.<\/p><p><strong>Une Banque d\u2019investissement pour canaliser les financements<\/strong><\/p><p>Le projet de la Banque Conf\u00e9d\u00e9rale pour l\u2019Investissement et le D\u00e9veloppement (BCID-AES) a fait l\u2019objet d\u2019intenses d\u00e9bats lors des derni\u00e8res rencontres minist\u00e9rielles tenues \u00e0 Niamey en juillet 2025. Dot\u00e9e d\u2019un capital symbolique de 500 milliards de francs CFA, la banque devra mobiliser des capitaux nationaux et internationaux pour financer les infrastructures, le d\u00e9veloppement rural, l\u2019agriculture durable et les innovations technologiques dans les trois pays membres.<\/p><p>Les ministres de l\u2019\u00c9conomie et des Finances ont insist\u00e9 sur l\u2019importance de cr\u00e9er une institution adapt\u00e9e aux r\u00e9alit\u00e9s sah\u00e9liennes, capable d\u2019attirer investisseurs et partenaires \u00e9trangers tout en assurant la souverainet\u00e9 financi\u00e8re des \u00c9tats.<\/p><p><strong>Projets int\u00e9grateurs et d\u00e9veloppement rural<\/strong><\/p><p>Au-del\u00e0 du financement, des strat\u00e9gies sont \u00e9labor\u00e9es pour impulser des projets concrets, comme la construction de corridors routiers reliant les principales capitales et ports, la modernisation des r\u00e9seaux \u00e9lectriques avec un focus sur les \u00e9nergies renouvelables, et le soutien \u00e0 l\u2019agro-industrie et aux fili\u00e8res locales.<\/p><p>Le d\u00e9veloppement rural, pivot du combat contre la pauvret\u00e9, fait l\u2019objet d\u2019une attention sp\u00e9cifique. La CES pr\u00e9voit des programmes pour renforcer la r\u00e9silience face aux s\u00e9cheresses et promouvoir la diversification des productions agricoles.<\/p><p><strong>Harmonisation des politiques \u00e9conomiques<\/strong><\/p><p>En parall\u00e8le, la Conf\u00e9d\u00e9ration travaille \u00e0 l\u2019harmonisation des r\u00e8gles r\u00e9gissant la libre circulation des biens, des services et des personnes. Une feuille de route sous-jacente vise \u00e0 \u00e9tablir un cadre juridique commun, favorisant l\u2019investissement et r\u00e9duisant les obstacles administratifs.<\/p><p>Cette harmonisation est consid\u00e9r\u00e9e comme indispensable pour permettre \u00e0 la CES de rivaliser \u00e0 terme avec d\u2019autres blocs \u00e9conomiques africains, notamment la CEDEAO et la Communaut\u00e9 \u00e9conomique des \u00c9tats de l\u2019Afrique centrale (CEEAC).<\/p><figure class=\"wp-block-image size-full\"><img fetchpriority=\"high\" decoding=\"async\" width=\"800\" height=\"533\" src=\"https:\/\/africanova.info\/wp-content\/uploads\/2025\/08\/Drapeau-AES.jpg\" alt=\"\" class=\"wp-image-20812\" srcset=\"https:\/\/africanova.info\/wp-content\/uploads\/2025\/08\/Drapeau-AES.jpg 800w, https:\/\/africanova.info\/wp-content\/uploads\/2025\/08\/Drapeau-AES-300x200.jpg 300w, https:\/\/africanova.info\/wp-content\/uploads\/2025\/08\/Drapeau-AES-768x512.jpg 768w, https:\/\/africanova.info\/wp-content\/uploads\/2025\/08\/Drapeau-AES-585x390.jpg 585w, https:\/\/africanova.info\/wp-content\/uploads\/2025\/08\/Drapeau-AES-263x175.jpg 263w, https:\/\/africanova.info\/wp-content\/uploads\/2025\/08\/Drapeau-AES-600x400.jpg 600w\" sizes=\"(max-width: 800px) 100vw, 800px\" \/><\/figure><p><strong>Partenariats internationaux et enjeux diplomatiques<\/strong><\/p><p>La pr\u00e9sence conjointe des trois pays \u00e0 la derni\u00e8re conf\u00e9rence internationale sur le financement du d\u00e9veloppement \u00e0 S\u00e9ville t\u00e9moigne de leur volont\u00e9 \u00e0 s\u2019imposer comme un acteur collectif cr\u00e9dible sur la sc\u00e8ne internationale. Diplomates et responsables \u00e9conomiques ont fait valoir l\u2019importance d\u2019un multilat\u00e9ralisme renforc\u00e9 et la n\u00e9cessit\u00e9 de d\u00e9bloquer des financements ad\u00e9quats pour le Sahel.<\/p><p>Cependant, les difficult\u00e9s de la r\u00e9gion en mati\u00e8re de gouvernance, de s\u00e9curit\u00e9 et d\u2019infrastructures freinent encore la mobilisation de ressources cons\u00e9quentes.<\/p><p><strong>Perspectives et d\u00e9fis futurs<\/strong><\/p><p>La Banque conf\u00e9d\u00e9rale et les projets int\u00e9grateurs ne verront leur plein impact qu\u2019\u00e0 moyen terme. Leur r\u00e9ussite d\u00e9pendra de la continuit\u00e9 politique, de la transparence dans la gestion des fonds publics, et de la capacit\u00e9 \u00e0 f\u00e9d\u00e9rer une coop\u00e9ration efficiente malgr\u00e9 les disparit\u00e9s nationales.<\/p><p>Le r\u00f4le de la soci\u00e9t\u00e9 civile et des acteurs locaux sera crucial pour que ces projets b\u00e9n\u00e9ficient r\u00e9ellement aux populations et favorisent la coh\u00e9sion sociale.<\/p><div class=\"gsp_post_data\" data-post_type=\"post\" data-cat=\"actualites\" data-modified=\"120\" data-title=\"Conf\u00e9d\u00e9ration des \u00c9tats du Sahel : avanc\u00e9es dans le d\u00e9veloppement \u00e9conomique et la cr\u00e9ation d\u2019une banque d\u2019investissement r\u00e9gionale\" data-home=\"https:\/\/africanova.info\"><\/div>","protected":false},"excerpt":{"rendered":"<p>Depuis le d\u00e9but de l\u2019ann\u00e9e 2025, la Conf\u00e9d\u00e9ration des \u00c9tats du Sahel (CES), r\u00e9unissant le Burkina Faso, le Mali et le Niger, multiplie les initiatives visant \u00e0 renforcer l\u2019int\u00e9gration \u00e9conomique&hellip;<\/p>\n","protected":false},"author":1,"featured_media":20813,"comment_status":"open","ping_status":"open","sticky":false,"template":"","format":"standard","meta":{"_bbp_topic_count":0,"_bbp_reply_count":0,"_bbp_total_topic_count":0,"_bbp_total_reply_count":0,"_bbp_voice_count":0,"_bbp_anonymous_reply_count":0,"_bbp_topic_count_hidden":0,"_bbp_reply_count_hidden":0,"_bbp_forum_subforum_count":0,"_lmt_disableupdate":"","_lmt_disable":"","_jetpack_memberships_contains_paid_content":false,"footnotes":""},"categories":[1],"tags":[],"class_list":["post-20811","post","type-post","status-publish","format-standard","has-post-thumbnail","hentry","category-actualites"],"jetpack_featured_media_url":"https:\/\/africanova.info\/wp-content\/uploads\/2025\/08\/87187837-61897389.jpg","jetpack_sharing_enabled":true,"_links":{"self":[{"href":"https:\/\/africanova.info\/index.php?rest_route=\/wp\/v2\/posts\/20811","targetHints":{"allow":["GET"]}}],"collection":[{"href":"https:\/\/africanova.info\/index.php?rest_route=\/wp\/v2\/posts"}],"about":[{"href":"https:\/\/africanova.info\/index.php?rest_route=\/wp\/v2\/types\/post"}],"author":[{"embeddable":true,"href":"https:\/\/africanova.info\/index.php?rest_route=\/wp\/v2\/users\/1"}],"replies":[{"embeddable":true,"href":"https:\/\/africanova.info\/index.php?rest_route=%2Fwp%2Fv2%2Fcomments&post=20811"}],"version-history":[{"count":1,"href":"https:\/\/africanova.info\/index.php?rest_route=\/wp\/v2\/posts\/20811\/revisions"}],"predecessor-version":[{"id":20814,"href":"https:\/\/africanova.info\/index.php?rest_route=\/wp\/v2\/posts\/20811\/revisions\/20814"}],"wp:featuredmedia":[{"embeddable":true,"href":"https:\/\/africanova.info\/index.php?rest_route=\/wp\/v2\/media\/20813"}],"wp:attachment":[{"href":"https:\/\/africanova.info\/index.php?rest_route=%2Fwp%2Fv2%2Fmedia&parent=20811"}],"wp:term":[{"taxonomy":"category","embeddable":true,"href":"https:\/\/africanova.info\/index.php?rest_route=%2Fwp%2Fv2%2Fcategories&post=20811"},{"taxonomy":"post_tag","embeddable":true,"href":"https:\/\/africanova.info\/index.php?rest_route=%2Fwp%2Fv2%2Ftags&post=20811"}],"curies":[{"name":"wp","href":"https:\/\/api.w.org\/{rel}","templated":true}]}}