
{"id":20807,"date":"2025-08-23T08:24:06","date_gmt":"2025-08-23T06:24:06","guid":{"rendered":"https:\/\/africanova.info\/?p=20807"},"modified":"2025-08-23T08:24:09","modified_gmt":"2025-08-23T06:24:09","slug":"la-confederation-des-etats-du-sahel-face-aux-defis-securitaires-majeurs-vers-une-armee-unifiee-pour-la-lutte-contre-le-terrorisme","status":"publish","type":"post","link":"https:\/\/africanova.info\/?p=20807","title":{"rendered":"La Conf\u00e9d\u00e9ration des \u00c9tats du Sahel face aux d\u00e9fis s\u00e9curitaires majeurs : vers une arm\u00e9e unifi\u00e9e pour la lutte contre le terrorisme"},"content":{"rendered":"<p>Le vendredi 20 juin 2025, \u00e0 Bamako, les ministres de la D\u00e9fense du Burkina Faso, du Mali et du Niger se sont r\u00e9unis dans une atmosph\u00e8re de mobilisation g\u00e9n\u00e9rale. Face \u00e0 la grave d\u00e9gradation de la s\u00e9curit\u00e9 dans la r\u00e9gion sah\u00e9lienne, ils ont esquiss\u00e9 un plan ambitieux : la cr\u00e9ation d\u2019une Force Unifi\u00e9e de la Conf\u00e9d\u00e9ration des \u00c9tats du Sahel (FU-AES), une arm\u00e9e commune destin\u00e9e \u00e0 coordonner et intensifier la riposte militaire contre les groupes terroristes multiformes qui d\u00e9stabilisent la r\u00e9gion.<\/p><p><strong>Le contexte s\u00e9curitaire alarmant<\/strong><\/p><p>Le Sahel est confront\u00e9 \u00e0 une recrudescence dramatique des violences arm\u00e9es. Le nord du Mali, le Burkina Faso et certaines parties du Niger connaissent des attaques r\u00e9currentes men\u00e9es par des groupes djihadistes affili\u00e9s \u00e0 Al-Qa\u00efda ou \u00e0 l\u2019\u00c9tat islamique, ainsi que des violences intercommunautaires d\u00e9vastatrices. La complexit\u00e9 et la sophistication accrues des attaques, incorporant parfois des drones, ont fragilis\u00e9 les structures \u00e9tatiques.<\/p><p>Les populations civiles sont les premi\u00e8res victimes : d\u00e9placements massifs, ins\u00e9curit\u00e9 alimentaire, coupures d\u2019acc\u00e8s \u00e0 l\u2019\u00e9ducation et aux soins m\u00e9dicaux. Face \u00e0 cette crise, les forces arm\u00e9es nationales font \u00e9tat d\u2019une capacit\u00e9 limit\u00e9e \u00e0 r\u00e9pondre efficacement, accentu\u00e9e par des ressources insuffisantes et un manque de coordination.<\/p><p><strong>Des avanc\u00e9es concr\u00e8tes dans la coop\u00e9ration militaire<\/strong><\/p><p>La cr\u00e9ation d\u2019une Force Unifi\u00e9e appara\u00eet comme une r\u00e9ponse strat\u00e9gique \u00e0 cette d\u00e9faillance collective. Baptis\u00e9e FU-AES, cette arm\u00e9e commune a pour vocation de mutualiser les moyens humains et mat\u00e9riels des trois \u00c9tats membres. Un \u00e9tat-major r\u00e9gional sera install\u00e9 \u00e0 Niamey pour faciliter la concertation op\u00e9rationnelle et la planification strat\u00e9gique.<\/p><p>Le lancement du Concept Op\u00e9rationnel Commun (CONOPS) donne corps \u00e0 cette initiative. Il englobe la mise en \u0153uvre de plans conjoints d\u2019op\u00e9rations sur le terrain, l\u2019int\u00e9gration des capacit\u00e9s a\u00e9riennes et terrestres, ainsi que le partage de renseignements. Les premi\u00e8res op\u00e9rations militaires coordonn\u00e9es, comme l\u2019op\u00e9ration \u00ab YEREKO \u00bb, symbolisent le succ\u00e8s d\u2019une approche int\u00e9gr\u00e9e.<\/p><p><strong>Un pilier de souverainet\u00e9 sahelienne<\/strong><\/p><p>Cette \u00ab arm\u00e9e sah\u00e9lienne \u00bb n\u2019est pas seulement une entit\u00e9 militaire, mais un projet politique majeur. Il traduit la volont\u00e9 des chefs d\u2019\u00c9tat de graver dans la pierre une souverainet\u00e9 r\u00e9gionale autonome, loin de la d\u00e9pendance aux partenaires ext\u00e9rieurs. En inscrivant la d\u00e9fense collective dans la Charte du Liptako Gourma, les membres affichent leur d\u00e9termination \u00e0 \u00e9carter les ing\u00e9rences.<\/p><p>Les ministres engag\u00e9s \u00e0 Bamako ont insist\u00e9 sur le caract\u00e8re solidaire et inclusif de la force, soulignant que la collaboration \u00e9tait la cl\u00e9 d\u2019un succ\u00e8s durable. La FU-AES vise \u00e0 renforcer la confiance mutuelle, \u00e0 assurer un continuum de s\u00e9curit\u00e9 sur des territoires transnationaux et \u00e0 prot\u00e9ger les populations civiles.<\/p><figure class=\"wp-block-image size-large\"><img fetchpriority=\"high\" decoding=\"async\" width=\"1024\" height=\"683\" src=\"https:\/\/africanova.info\/wp-content\/uploads\/2025\/08\/000_348u3xb-1024x683.jpg\" alt=\"\" class=\"wp-image-20808\" srcset=\"https:\/\/africanova.info\/wp-content\/uploads\/2025\/08\/000_348u3xb-1024x683.jpg 1024w, https:\/\/africanova.info\/wp-content\/uploads\/2025\/08\/000_348u3xb-300x200.jpg 300w, https:\/\/africanova.info\/wp-content\/uploads\/2025\/08\/000_348u3xb-768x512.jpg 768w, https:\/\/africanova.info\/wp-content\/uploads\/2025\/08\/000_348u3xb-1536x1024.jpg 1536w, https:\/\/africanova.info\/wp-content\/uploads\/2025\/08\/000_348u3xb-2048x1365.jpg 2048w, https:\/\/africanova.info\/wp-content\/uploads\/2025\/08\/000_348u3xb-1920x1280.jpg 1920w, https:\/\/africanova.info\/wp-content\/uploads\/2025\/08\/000_348u3xb-1170x780.jpg 1170w\" sizes=\"(max-width: 1024px) 100vw, 1024px\" \/><\/figure><p><strong>D\u00e9fis et perspectives \u00e0 relever<\/strong><\/p><p>La mise en place de cette force commune est encore fragile. Elle doit surmonter les obstacles budg\u00e9taires, logistiques, mais aussi politiques li\u00e9s aux transitions militaires en cours dans les pays membres. L\u2019int\u00e9gration des r\u00e8gles d\u2019engagement, la formation conjointe et l\u2019harmonisation des doctrines militaires seront des \u00e9tapes cruciales.<\/p><p>Les observateurs internationaux suivent avec int\u00e9r\u00eat cette construction in\u00e9dite. Si elle r\u00e9ussit, la FU-AES pourrait constituer un mod\u00e8le pour d\u2019autres r\u00e9gions confront\u00e9es \u00e0 des d\u00e9fis similaires.<\/p><p><strong>Conclusion<\/strong><\/p><p>La Conf\u00e9d\u00e9ration des \u00c9tats du Sahel fait un pari audacieux avec sa Force Unifi\u00e9e. En adoptant une r\u00e9ponse collective face \u00e0 l\u2019ins\u00e9curit\u00e9, les pays du Sahel affirment un nouveau mod\u00e8le de souverainet\u00e9 partag\u00e9e o\u00f9 la s\u00e9curit\u00e9 devient le socle de la stabilit\u00e9 et du d\u00e9veloppement.<\/p><div class=\"gsp_post_data\" data-post_type=\"post\" data-cat=\"actualites\" data-modified=\"120\" data-title=\"La Conf\u00e9d\u00e9ration des \u00c9tats du Sahel face aux d\u00e9fis s\u00e9curitaires majeurs : vers une arm\u00e9e unifi\u00e9e pour la lutte contre le terrorisme\" data-home=\"https:\/\/africanova.info\"><\/div>","protected":false},"excerpt":{"rendered":"<p>Le vendredi 20 juin 2025, \u00e0 Bamako, les ministres de la D\u00e9fense du Burkina Faso, du Mali et du Niger se sont r\u00e9unis dans une atmosph\u00e8re de mobilisation g\u00e9n\u00e9rale. Face&hellip;<\/p>\n","protected":false},"author":1,"featured_media":20809,"comment_status":"open","ping_status":"open","sticky":false,"template":"","format":"standard","meta":{"_bbp_topic_count":0,"_bbp_reply_count":0,"_bbp_total_topic_count":0,"_bbp_total_reply_count":0,"_bbp_voice_count":0,"_bbp_anonymous_reply_count":0,"_bbp_topic_count_hidden":0,"_bbp_reply_count_hidden":0,"_bbp_forum_subforum_count":0,"_lmt_disableupdate":"","_lmt_disable":"","_jetpack_memberships_contains_paid_content":false,"footnotes":""},"categories":[1],"tags":[],"class_list":["post-20807","post","type-post","status-publish","format-standard","has-post-thumbnail","hentry","category-actualites"],"jetpack_featured_media_url":"https:\/\/africanova.info\/wp-content\/uploads\/2025\/08\/w1280-p16x9-2024-09-16T193601Z_1633304633_RC2G6R9TKEZP_RTRMADP_3_USA-NIGER.jpg","jetpack_sharing_enabled":true,"_links":{"self":[{"href":"https:\/\/africanova.info\/index.php?rest_route=\/wp\/v2\/posts\/20807","targetHints":{"allow":["GET"]}}],"collection":[{"href":"https:\/\/africanova.info\/index.php?rest_route=\/wp\/v2\/posts"}],"about":[{"href":"https:\/\/africanova.info\/index.php?rest_route=\/wp\/v2\/types\/post"}],"author":[{"embeddable":true,"href":"https:\/\/africanova.info\/index.php?rest_route=\/wp\/v2\/users\/1"}],"replies":[{"embeddable":true,"href":"https:\/\/africanova.info\/index.php?rest_route=%2Fwp%2Fv2%2Fcomments&post=20807"}],"version-history":[{"count":1,"href":"https:\/\/africanova.info\/index.php?rest_route=\/wp\/v2\/posts\/20807\/revisions"}],"predecessor-version":[{"id":20810,"href":"https:\/\/africanova.info\/index.php?rest_route=\/wp\/v2\/posts\/20807\/revisions\/20810"}],"wp:featuredmedia":[{"embeddable":true,"href":"https:\/\/africanova.info\/index.php?rest_route=\/wp\/v2\/media\/20809"}],"wp:attachment":[{"href":"https:\/\/africanova.info\/index.php?rest_route=%2Fwp%2Fv2%2Fmedia&parent=20807"}],"wp:term":[{"taxonomy":"category","embeddable":true,"href":"https:\/\/africanova.info\/index.php?rest_route=%2Fwp%2Fv2%2Fcategories&post=20807"},{"taxonomy":"post_tag","embeddable":true,"href":"https:\/\/africanova.info\/index.php?rest_route=%2Fwp%2Fv2%2Ftags&post=20807"}],"curies":[{"name":"wp","href":"https:\/\/api.w.org\/{rel}","templated":true}]}}