
{"id":20803,"date":"2025-08-23T08:19:18","date_gmt":"2025-08-23T06:19:18","guid":{"rendered":"https:\/\/africanova.info\/?p=20803"},"modified":"2025-08-23T08:19:20","modified_gmt":"2025-08-23T06:19:20","slug":"confederation-des-etats-du-sahel-projets-structurants-et-ambitions-economiques-pour-2025-2030","status":"publish","type":"post","link":"https:\/\/africanova.info\/?p=20803","title":{"rendered":"Conf\u00e9d\u00e9ration des \u00c9tats du Sahel : projets structurants et ambitions \u00e9conomiques pour 2025-2030"},"content":{"rendered":"<p>Depuis la cr\u00e9ation officielle de la Conf\u00e9d\u00e9ration des \u00c9tats du Sahel, les dirigeants du Burkina Faso, du Mali et du Niger ont multipli\u00e9 les initiatives pour \u00e9riger cette organisation en un acteur r\u00e9gional cr\u00e9dible. Au c\u0153ur de leurs priorit\u00e9s figurent le d\u00e9veloppement \u00e9conomique, la cr\u00e9ation d\u2019infrastructures et le renforcement de l\u2019int\u00e9gration commerciale, indispensables pour faire face aux d\u00e9fis du XXIe si\u00e8cle.<\/p><p><strong>Une Banque d\u2019investissement : moteur du d\u00e9veloppement<\/strong><\/p><p>En d\u00e9but 2025, la Banque Conf\u00e9d\u00e9rale d\u2019Investissement et de D\u00e9veloppement de la CES a \u00e9t\u00e9 officiellement cr\u00e9\u00e9e. Dot\u00e9e d\u2019un capital de 500 milliards de francs CFA, elle aura vocation \u00e0 financer des projets structurants dans les domaines de l\u2019\u00e9nergie renouvelable, des transports, de l\u2019agriculture et du num\u00e9rique.<\/p><p>Les projets ciblent particuli\u00e8rement la construction de corridors routiers et ferroviaires permettant d\u2019am\u00e9liorer la connectivit\u00e9 entre les trois pays, mais aussi avec leurs voisins. La promotion d\u2019une compagnie a\u00e9rienne commune est \u00e9galement \u00e0 l\u2019\u00e9tude, ce qui marquerait une avanc\u00e9e significative pour d\u00e9senclaver cette vaste r\u00e9gion.<\/p><p><strong>Coop\u00e9ration commerciale : vers un march\u00e9 commun sah\u00e9lien<\/strong><\/p><p>La CES ambitionne de mettre en place un code des douanes harmonis\u00e9 et de simplifier les proc\u00e9dures douani\u00e8res pour faciliter la libre circulation des biens. Sur ce point, des consultations sont en cours entre les ministres de l\u2019\u00c9conomie pour abolir les barri\u00e8res non tarifaires et permettre un meilleur acc\u00e8s aux march\u00e9s int\u00e9rieurs.<\/p><p>Ce march\u00e9 commun vise \u00e0 stimuler le commerce intra-r\u00e9gional, encore significativement sous-d\u00e9velopp\u00e9. L\u2019augmentation de la production agricole et industrielle locale, alli\u00e9e \u00e0 une meilleure logistique, doit permettre \u00e0 la CES de r\u00e9duire sa d\u00e9pendance aux importations.<\/p><p><strong>Stock alimentaire de s\u00e9curit\u00e9 et r\u00e9silience face aux crises<\/strong><\/p><p>L\u2019ins\u00e9curit\u00e9 alimentaire, renforc\u00e9e par le changement climatique et les conflits arm\u00e9s, r\u00e8gne dans le Sahel. La Conf\u00e9d\u00e9ration s\u2019est donc engag\u00e9e \u00e0 constituer un stock alimentaire strat\u00e9gique commun, capable d\u2019approvisionner ses \u00c9tats membres en p\u00e9riode de crises majeures, afin d\u2019assurer la stabilit\u00e9 sociale.<\/p><p>Cette initiative, soutenue par des partenaires internationaux, vise \u00e0 prot\u00e9ger les populations vuln\u00e9rables et stabiliser les march\u00e9s alimentaires locaux.<\/p><p><strong>Les priorit\u00e9s diplomatiques et s\u00e9curit\u00e9 r\u00e9gionale<\/strong><\/p><p>Les chefs d\u2019\u00c9tat s\u2019accordent sur une approche globale de la s\u00e9curit\u00e9, m\u00ealant lutte contre le terrorisme et pr\u00e9vention des conflits communautaires. Les forces arm\u00e9es des trois pays se coordonneront plus \u00e9troitement, sous une seule banni\u00e8re conf\u00e9d\u00e9r\u00e9e.<\/p><figure class=\"wp-block-image size-full is-resized\"><img fetchpriority=\"high\" decoding=\"async\" width=\"696\" height=\"392\" src=\"https:\/\/africanova.info\/wp-content\/uploads\/2025\/08\/ceremonie-de-montee-des-couleurs-a-la-presidence-du-faso-ce-lundi-3-mars-2025-696x392-1.webp\" alt=\"\" class=\"wp-image-20804\" style=\"width:780px;height:auto\" srcset=\"https:\/\/africanova.info\/wp-content\/uploads\/2025\/08\/ceremonie-de-montee-des-couleurs-a-la-presidence-du-faso-ce-lundi-3-mars-2025-696x392-1.webp 696w, https:\/\/africanova.info\/wp-content\/uploads\/2025\/08\/ceremonie-de-montee-des-couleurs-a-la-presidence-du-faso-ce-lundi-3-mars-2025-696x392-1-300x169.webp 300w, https:\/\/africanova.info\/wp-content\/uploads\/2025\/08\/ceremonie-de-montee-des-couleurs-a-la-presidence-du-faso-ce-lundi-3-mars-2025-696x392-1-585x329.webp 585w, https:\/\/africanova.info\/wp-content\/uploads\/2025\/08\/ceremonie-de-montee-des-couleurs-a-la-presidence-du-faso-ce-lundi-3-mars-2025-696x392-1-600x338.webp 600w\" sizes=\"(max-width: 696px) 100vw, 696px\" \/><\/figure><p>La diplomatie conjointe agit pour promouvoir la reconnaissance internationale de la CES et b\u00e2tir un cadre favorable aux investissements \u00e9trangers. La Conf\u00e9d\u00e9ration affirme aussi son engagement \u00e0 respecter les droits humains et la stabilit\u00e9 d\u00e9mocratique, essentielle pour garantir la coh\u00e9sion r\u00e9gionale.<\/p><p><strong>Les d\u00e9fis \u00e0 \u00e9ch\u00e9ance<\/strong><\/p><p>La r\u00e9ussite de ces projets d\u00e9pendra de facteurs politiques internes, comme la consolidation des transitions d\u00e9mocratiques dans les trois pays, mais aussi de la mobilisation de ressources financi\u00e8res suffisantes et d\u2019une gestion transparente.<\/p><p>Les relations avec la communaut\u00e9 internationale devront \u00eatre \u00e9quilibr\u00e9es, \u00e9vitant une trop forte d\u00e9pendance \u00e0 un seul partenaire, pour conserver une capacit\u00e9 d\u2019arbitrage souveraine.<\/p><p><strong>Conclusion<\/strong><\/p><p>La Conf\u00e9d\u00e9ration des \u00c9tats du Sahel, par ses projets ambitieux, vise \u00e0 insuffler un nouvel \u00e9lan \u00e0 cette r\u00e9gion au c\u0153ur de multiples crises. Si elle parvient \u00e0 concr\u00e9tiser ses ambitions \u00e9conomiques et s\u00e9curitaires, elle repr\u00e9sentera un mod\u00e8le novateur d\u2019int\u00e9gration africaine, adapt\u00e9 aux d\u00e9fis contemporains du Sahel.<\/p><p><\/p><div class=\"gsp_post_data\" data-post_type=\"post\" data-cat=\"actualites\" data-modified=\"120\" data-title=\"Conf\u00e9d\u00e9ration des \u00c9tats du Sahel : projets structurants et ambitions \u00e9conomiques pour 2025-2030\" data-home=\"https:\/\/africanova.info\"><\/div>","protected":false},"excerpt":{"rendered":"<p>Depuis la cr\u00e9ation officielle de la Conf\u00e9d\u00e9ration des \u00c9tats du Sahel, les dirigeants du Burkina Faso, du Mali et du Niger ont multipli\u00e9 les initiatives pour \u00e9riger cette organisation en&hellip;<\/p>\n","protected":false},"author":1,"featured_media":20805,"comment_status":"open","ping_status":"open","sticky":false,"template":"","format":"standard","meta":{"_bbp_topic_count":0,"_bbp_reply_count":0,"_bbp_total_topic_count":0,"_bbp_total_reply_count":0,"_bbp_voice_count":0,"_bbp_anonymous_reply_count":0,"_bbp_topic_count_hidden":0,"_bbp_reply_count_hidden":0,"_bbp_forum_subforum_count":0,"_lmt_disableupdate":"","_lmt_disable":"","_jetpack_memberships_contains_paid_content":false,"footnotes":""},"categories":[1],"tags":[],"class_list":["post-20803","post","type-post","status-publish","format-standard","has-post-thumbnail","hentry","category-actualites"],"jetpack_featured_media_url":"https:\/\/africanova.info\/wp-content\/uploads\/2025\/08\/000_36389B8.jpg","jetpack_sharing_enabled":true,"_links":{"self":[{"href":"https:\/\/africanova.info\/index.php?rest_route=\/wp\/v2\/posts\/20803","targetHints":{"allow":["GET"]}}],"collection":[{"href":"https:\/\/africanova.info\/index.php?rest_route=\/wp\/v2\/posts"}],"about":[{"href":"https:\/\/africanova.info\/index.php?rest_route=\/wp\/v2\/types\/post"}],"author":[{"embeddable":true,"href":"https:\/\/africanova.info\/index.php?rest_route=\/wp\/v2\/users\/1"}],"replies":[{"embeddable":true,"href":"https:\/\/africanova.info\/index.php?rest_route=%2Fwp%2Fv2%2Fcomments&post=20803"}],"version-history":[{"count":1,"href":"https:\/\/africanova.info\/index.php?rest_route=\/wp\/v2\/posts\/20803\/revisions"}],"predecessor-version":[{"id":20806,"href":"https:\/\/africanova.info\/index.php?rest_route=\/wp\/v2\/posts\/20803\/revisions\/20806"}],"wp:featuredmedia":[{"embeddable":true,"href":"https:\/\/africanova.info\/index.php?rest_route=\/wp\/v2\/media\/20805"}],"wp:attachment":[{"href":"https:\/\/africanova.info\/index.php?rest_route=%2Fwp%2Fv2%2Fmedia&parent=20803"}],"wp:term":[{"taxonomy":"category","embeddable":true,"href":"https:\/\/africanova.info\/index.php?rest_route=%2Fwp%2Fv2%2Fcategories&post=20803"},{"taxonomy":"post_tag","embeddable":true,"href":"https:\/\/africanova.info\/index.php?rest_route=%2Fwp%2Fv2%2Ftags&post=20803"}],"curies":[{"name":"wp","href":"https:\/\/api.w.org\/{rel}","templated":true}]}}