
{"id":20799,"date":"2025-08-23T08:14:25","date_gmt":"2025-08-23T06:14:25","guid":{"rendered":"https:\/\/africanova.info\/?p=20799"},"modified":"2025-08-23T08:14:28","modified_gmt":"2025-08-23T06:14:28","slug":"confederation-des-etats-du-sahel-organisation-gouvernance-et-defis-dune-alliance-emergente","status":"publish","type":"post","link":"https:\/\/africanova.info\/?p=20799","title":{"rendered":"Conf\u00e9d\u00e9ration des \u00c9tats du Sahel : organisation, gouvernance et d\u00e9fis d\u2019une alliance \u00e9mergente"},"content":{"rendered":"<p>La Conf\u00e9d\u00e9ration des \u00c9tats du Sahel (CES), fruit de l\u2019union du Burkina Faso, du Mali et du Niger, a franchi ses premi\u00e8res \u00e9tapes concr\u00e8tes vers son op\u00e9rationnalisation. Issue de l\u2019Alliance des \u00c9tats du Sahel (AES) fond\u00e9e en septembre 2023, cette conf\u00e9d\u00e9ration aspire \u00e0 devenir un bloc r\u00e9gional solide face aux d\u00e9fis s\u00e9curitaires et \u00e9conomiques du Sahel.<\/p><p><strong>Une organisation d\u2019int\u00e9gration r\u00e9gionale novel<\/strong><\/p><p>L\u2019AES, n\u00e9e d\u2019un pacte de d\u00e9fense mutuelle par les chefs d\u2019\u00c9tat Assimi Go\u00efta (Mali), Ibrahim Traor\u00e9 (Burkina) et Abdourahamane Tiani (Niger), fut initialement con\u00e7ue pour faire face \u00e0 l\u2019ins\u00e9curit\u00e9 grandissante. Le 6 juillet 2024 \u00e0 Niamey, une phase nouvelle a \u00e9t\u00e9 annonc\u00e9e : la transformation de cette alliance en une conf\u00e9d\u00e9ration, dot\u00e9e d\u2019une structure institutionnelle et d\u2019objectifs \u00e9largis.<\/p><p>Cette structure pr\u00e9voit la cr\u00e9ation d\u2019un Coll\u00e8ge des Chefs d\u2019\u00c9tat en guise d\u2019organe supr\u00eame, charg\u00e9 de d\u00e9finir la strat\u00e9gie globale, de coordonner les politiques et de superviser la mise en \u0153uvre des d\u00e9cisions. Ce coll\u00e8ge devra se r\u00e9unir r\u00e9guli\u00e8rement pour adapter son action aux \u00e9volutions politiques et s\u00e9curitaires r\u00e9gionales.<\/p><p><strong>Gouvernance et piliers d\u2019action<\/strong><\/p><p>L\u2019organisation s\u2019articule autour de plusieurs piliers : d\u00e9fense et s\u00e9curit\u00e9 collective, d\u00e9veloppement \u00e9conomique et coop\u00e9ration diplomatique. Chaque \u00c9tat membre d\u00e9l\u00e8gue des ministres sp\u00e9cialis\u00e9s qui se r\u00e9unissent fr\u00e9quemment afin d\u2019avancer sur les plans conjoints.<\/p><p>Depuis juillet 2025, un minist\u00e8re de l\u2019\u00c9conomie et des Finances commun coordonne la gestion budg\u00e9taire et la mise en place d\u2019une taxe conf\u00e9d\u00e9rale destin\u00e9e \u00e0 financer les projets structurants. Une Banque d\u2019investissement et de d\u00e9veloppement de la CES a \u00e9t\u00e9 cr\u00e9\u00e9e, dot\u00e9e d\u2019un capital initial de 500 milliards de francs CFA, pour impulser des initiatives dans les infrastructures, les transports, l\u2019\u00e9nergie et l\u2019agriculture.<\/p><p>Les ministres de la D\u00e9fense et de la S\u00e9curit\u00e9 travaillent \u00e0 consolider une force de d\u00e9fense int\u00e9gr\u00e9e, avec des corps d\u2019\u00e9lite form\u00e9s \u00e0 des op\u00e9rations coordonn\u00e9es, renfor\u00e7ant la capacit\u00e9 de la CES \u00e0 agir face aux menaces djihadistes. Une charte de d\u00e9fense commune stipule qu\u2019une attaque contre un \u00c9tat membre sera consid\u00e9r\u00e9e comme une attaque contre l\u2019ensemble de la Conf\u00e9d\u00e9ration.<\/p><p><strong>Les d\u00e9fis \u00e0 relever<\/strong><\/p><p>Si la CES progresse vers son op\u00e9rationnalisation, elle fait face \u00e0 des d\u00e9fis nombreux. La diversit\u00e9 des situations politiques nationales, avec un pouvoir militaire aux pouvoirs encore fragiles, complexifie l\u2019harmonisation des politiques. Les disparit\u00e9s \u00e9conomiques et sociales sont significatives, imposant des strat\u00e9gies d\u2019int\u00e9gration ambitieuses mais pragmatiques.<\/p><figure class=\"wp-block-image size-full\"><img fetchpriority=\"high\" decoding=\"async\" width=\"780\" height=\"440\" src=\"https:\/\/africanova.info\/wp-content\/uploads\/2025\/08\/Ev1-Assimi-Ib-Abdoul-1-780x440-1.jpg\" alt=\"\" class=\"wp-image-20800\" srcset=\"https:\/\/africanova.info\/wp-content\/uploads\/2025\/08\/Ev1-Assimi-Ib-Abdoul-1-780x440-1.jpg 780w, https:\/\/africanova.info\/wp-content\/uploads\/2025\/08\/Ev1-Assimi-Ib-Abdoul-1-780x440-1-300x169.jpg 300w, https:\/\/africanova.info\/wp-content\/uploads\/2025\/08\/Ev1-Assimi-Ib-Abdoul-1-780x440-1-768x433.jpg 768w, https:\/\/africanova.info\/wp-content\/uploads\/2025\/08\/Ev1-Assimi-Ib-Abdoul-1-780x440-1-585x330.jpg 585w, https:\/\/africanova.info\/wp-content\/uploads\/2025\/08\/Ev1-Assimi-Ib-Abdoul-1-780x440-1-600x338.jpg 600w\" sizes=\"(max-width: 780px) 100vw, 780px\" \/><\/figure><p>Les relations avec la CEDEAO, d\u00e9sormais exclue de cette configuration, restent tendues, renfor\u00e7ant le risque de doublons institutionnels et de conflits de comp\u00e9tence. Par ailleurs, la n\u00e9cessit\u00e9 de b\u00e2tir une Gouvernance d\u00e9mocratique inclusive se pose avec acuit\u00e9 pour garantir la p\u00e9rennit\u00e9 de cette union.<\/p><p><strong>Enjeux diplomatiques et partenariats<\/strong><\/p><p>La CES cherche activement \u00e0 diversifier ses partenariats internationaux. Elle s\u2019est tourn\u00e9e vers des puissances comme la Chine et la Russie, qui proposent un soutien moins conditionn\u00e9 aux principes d\u00e9mocratiques occidentaux, mais aussi vers les Nations unies et l\u2019Union africaine.<\/p><p>La Conf\u00e9d\u00e9ration esp\u00e8re b\u00e9n\u00e9ficier d\u2019appuis financiers, techniques et logistiques qui l\u2019aideront \u00e0 relever les multiples d\u00e9fis du Sahel, en mati\u00e8re de s\u00e9curit\u00e9, d\u00e9veloppement et coh\u00e9sion sociale.<\/p><p><strong>Conclusion<\/strong><\/p><p>L&rsquo;Alliance des \u00c9tats du Sahel est aujourd\u2019hui en pleine phase de construction institutionnelle et strat\u00e9gique. Son succ\u00e8s d\u00e9pendra de la capacit\u00e9 des \u00c9tats membres \u00e0 conjuguer ambitions souverainistes, solidarit\u00e9s r\u00e9gionales et engagement d\u00e9mocratique. Le Sahel attend des r\u00e9ponses efficaces, tant sur le plan s\u00e9curitaire que socio-\u00e9conomique, auxquelles cette nouvelle conf\u00e9d\u00e9ration devra r\u00e9pondre.<\/p><div class=\"gsp_post_data\" data-post_type=\"post\" data-cat=\"actualites\" data-modified=\"120\" data-title=\"Conf\u00e9d\u00e9ration des \u00c9tats du Sahel : organisation, gouvernance et d\u00e9fis d\u2019une alliance \u00e9mergente\" data-home=\"https:\/\/africanova.info\"><\/div>","protected":false},"excerpt":{"rendered":"<p>La Conf\u00e9d\u00e9ration des \u00c9tats du Sahel (CES), fruit de l\u2019union du Burkina Faso, du Mali et du Niger, a franchi ses premi\u00e8res \u00e9tapes concr\u00e8tes vers son op\u00e9rationnalisation. Issue de l\u2019Alliance&hellip;<\/p>\n","protected":false},"author":1,"featured_media":20801,"comment_status":"open","ping_status":"open","sticky":false,"template":"","format":"standard","meta":{"_bbp_topic_count":0,"_bbp_reply_count":0,"_bbp_total_topic_count":0,"_bbp_total_reply_count":0,"_bbp_voice_count":0,"_bbp_anonymous_reply_count":0,"_bbp_topic_count_hidden":0,"_bbp_reply_count_hidden":0,"_bbp_forum_subforum_count":0,"_lmt_disableupdate":"","_lmt_disable":"","_jetpack_memberships_contains_paid_content":false,"footnotes":""},"categories":[1],"tags":[],"class_list":["post-20799","post","type-post","status-publish","format-standard","has-post-thumbnail","hentry","category-actualites"],"jetpack_featured_media_url":"https:\/\/africanova.info\/wp-content\/uploads\/2025\/08\/confederation_AES.jpg","jetpack_sharing_enabled":true,"_links":{"self":[{"href":"https:\/\/africanova.info\/index.php?rest_route=\/wp\/v2\/posts\/20799","targetHints":{"allow":["GET"]}}],"collection":[{"href":"https:\/\/africanova.info\/index.php?rest_route=\/wp\/v2\/posts"}],"about":[{"href":"https:\/\/africanova.info\/index.php?rest_route=\/wp\/v2\/types\/post"}],"author":[{"embeddable":true,"href":"https:\/\/africanova.info\/index.php?rest_route=\/wp\/v2\/users\/1"}],"replies":[{"embeddable":true,"href":"https:\/\/africanova.info\/index.php?rest_route=%2Fwp%2Fv2%2Fcomments&post=20799"}],"version-history":[{"count":1,"href":"https:\/\/africanova.info\/index.php?rest_route=\/wp\/v2\/posts\/20799\/revisions"}],"predecessor-version":[{"id":20802,"href":"https:\/\/africanova.info\/index.php?rest_route=\/wp\/v2\/posts\/20799\/revisions\/20802"}],"wp:featuredmedia":[{"embeddable":true,"href":"https:\/\/africanova.info\/index.php?rest_route=\/wp\/v2\/media\/20801"}],"wp:attachment":[{"href":"https:\/\/africanova.info\/index.php?rest_route=%2Fwp%2Fv2%2Fmedia&parent=20799"}],"wp:term":[{"taxonomy":"category","embeddable":true,"href":"https:\/\/africanova.info\/index.php?rest_route=%2Fwp%2Fv2%2Fcategories&post=20799"},{"taxonomy":"post_tag","embeddable":true,"href":"https:\/\/africanova.info\/index.php?rest_route=%2Fwp%2Fv2%2Ftags&post=20799"}],"curies":[{"name":"wp","href":"https:\/\/api.w.org\/{rel}","templated":true}]}}