
{"id":20794,"date":"2025-08-23T08:09:13","date_gmt":"2025-08-23T06:09:13","guid":{"rendered":"https:\/\/africanova.info\/?p=20794"},"modified":"2025-08-23T08:09:15","modified_gmt":"2025-08-23T06:09:15","slug":"burkina-faso-mali-et-niger-creation-officielle-de-la-confederation-des-etats-du-sahel-un-nouveau-bloc-aux-ambitions-strategiques","status":"publish","type":"post","link":"https:\/\/africanova.info\/?p=20794","title":{"rendered":"Burkina Faso, Mali et Niger : cr\u00e9ation officielle de la Conf\u00e9d\u00e9ration des \u00c9tats du Sahel, un nouveau bloc aux ambitions strat\u00e9giques"},"content":{"rendered":"<p>Le 22 ao\u00fbt 2025, les dirigeants du Burkina Faso, du Mali et du Niger ont officiellement proclam\u00e9 la cr\u00e9ation de la Conf\u00e9d\u00e9ration des \u00c9tats du Sahel (CES), nouvelle organisation r\u00e9gionale n\u00e9e du retrait collectif des trois pays de la CEDEAO. Cette alliance marque une inflexion strat\u00e9gique significative dans la gouvernance politique, \u00e9conomique et s\u00e9curitaire du Sahel.<\/p><p><strong>Une r\u00e9ponse \u00e0 la crise politique et s\u00e9curitaire<\/strong><\/p><p>Face \u00e0 la d\u00e9fiance envers la CEDEAO, accus\u00e9e d\u2019ing\u00e9rence excessive et d\u2019avoir impos\u00e9 des sanctions punitives, les trois \u00c9tats ont choisi de f\u00e9d\u00e9rer leurs moyens dans un cadre plus resserr\u00e9, cibl\u00e9 sur leurs enjeux communs. Le Sahel, confront\u00e9 \u00e0 une crise s\u00e9curitaire grave avec la mont\u00e9e des groupes djihadistes, n\u00e9cessite une coordination renforc\u00e9e en mati\u00e8re de d\u00e9fense et d\u2019actions militaires.<\/p><p>La CES projette ainsi de d\u00e9velopper une coop\u00e9ration militaire int\u00e9gr\u00e9e, avec des centres de commandement conjoints, une strat\u00e9gie partag\u00e9e de lutte contre le terrorisme et une meilleure gestion des fronti\u00e8res.<\/p><p><strong>Des ambitions \u00e9conomiques renforc\u00e9es<\/strong><\/p><p>Au-del\u00e0 des aspects s\u00e9curitaires, la Conf\u00e9d\u00e9ration mise sur un grand projet de d\u00e9veloppement \u00e9conomique. La CES vise \u00e0 favoriser la libre circulation, la cr\u00e9ation d\u2019un march\u00e9 commun sah\u00e9lien et la mutualisation de ressources naturelles. Ces initiatives visent \u00e0 r\u00e9duire la d\u00e9pendance \u00e9conomique vis-\u00e0-vis de puissances externes et \u00e0 ancrer une croissance r\u00e9gionale durable.<\/p><p>Des investissements dans les infrastructures cl\u00e9s, telles que le transport, l\u2019\u00e9nergie et les technologies, sont pr\u00e9vus. La CES appelle \u00e9galement les partenaires internationaux \u00e0 soutenir financi\u00e8rement ce projet d\u2019int\u00e9gration sous-r\u00e9gionale, notamment la Banque mondiale, l\u2019Union africaine et certains acteurs bilat\u00e9raux.<\/p><p><strong>Un d\u00e9fi organisationnel et politique<\/strong><\/p><p>Cependant, de multiples d\u00e9fis se profilent \u00e0 l\u2019horizon. La coh\u00e9sion politique entre les dirigeants actuels, issus tous de r\u00e9gimes militaires en transition, reste fragile. La CES devra aussi surmonter les nombreuses disparit\u00e9s socio-\u00e9conomiques entre les pays membres et affronter la m\u00e9fiance de certains voisins et acteurs r\u00e9gionaux.<\/p><p>L\u2019organisation devra \u00e9galement d\u00e9finir un cadre d\u00e9mocratique inclusif pour l\u00e9gitimer sa gouvernance, condition sine qua non pour la stabilit\u00e9 \u00e0 long terme.<\/p><figure class=\"wp-block-image size-full\"><img fetchpriority=\"high\" decoding=\"async\" width=\"800\" height=\"534\" src=\"https:\/\/africanova.info\/wp-content\/uploads\/2025\/08\/198D3530-67D9-4775-B20F-5EB519825E0E-1.png\" alt=\"\" class=\"wp-image-20796\" srcset=\"https:\/\/africanova.info\/wp-content\/uploads\/2025\/08\/198D3530-67D9-4775-B20F-5EB519825E0E-1.png 800w, https:\/\/africanova.info\/wp-content\/uploads\/2025\/08\/198D3530-67D9-4775-B20F-5EB519825E0E-1-300x200.png 300w, https:\/\/africanova.info\/wp-content\/uploads\/2025\/08\/198D3530-67D9-4775-B20F-5EB519825E0E-1-768x513.png 768w, https:\/\/africanova.info\/wp-content\/uploads\/2025\/08\/198D3530-67D9-4775-B20F-5EB519825E0E-1-585x390.png 585w, https:\/\/africanova.info\/wp-content\/uploads\/2025\/08\/198D3530-67D9-4775-B20F-5EB519825E0E-1-263x175.png 263w, https:\/\/africanova.info\/wp-content\/uploads\/2025\/08\/198D3530-67D9-4775-B20F-5EB519825E0E-1-600x401.png 600w\" sizes=\"(max-width: 800px) 100vw, 800px\" \/><\/figure><p><strong>R\u00e9actions r\u00e9gionales et internationales<\/strong><\/p><p>La cr\u00e9ation de la CES a suscit\u00e9 des r\u00e9actions contrast\u00e9es. Les \u00c9tats membres de la CEDEAO ont exprim\u00e9 leur regret, voyant leur organisation affaiblie face \u00e0 cette s\u00e9cession. Mais d\u2019autres acteurs internationaux saluent cette nouvelle dynamique, estimant qu\u2019elle pourrait repr\u00e9senter une alternative si elle parvient \u00e0 stabiliser la r\u00e9gion.<\/p><p>La France et l\u2019Union europ\u00e9enne, partenaires historiques et financiers importants au Sahel, restent prudents mais ouverts \u00e0 un dialogue avec la CES, \u00e0 condition que celle-ci s\u2019engage sur la voie du retour \u00e0 l\u2019ordre constitutionnel.<\/p><p><strong>Conclusion<\/strong><\/p><p>La naissance de la Conf\u00e9d\u00e9ration des \u00c9tats du Sahel incarne la volont\u00e9 des pays sah\u00e9liens de prendre en main leur avenir, en r\u00e9ponse aux crises multidimensionnelles qui fragilisent la r\u00e9gion. Cette initiative r\u00e9invente la coop\u00e9ration r\u00e9gionale africaine, entre autonomie politique et ambitions \u00e9conomiques. Son succ\u00e8s d\u00e9pendra largement de la capacit\u00e9 des \u00c9tats membres \u00e0 conjuguer s\u00e9curit\u00e9, d\u00e9veloppement et gouvernance d\u00e9mocratique.<\/p><div class=\"gsp_post_data\" data-post_type=\"post\" data-cat=\"actualites\" data-modified=\"120\" data-title=\"Burkina Faso, Mali et Niger : cr\u00e9ation officielle de la Conf\u00e9d\u00e9ration des \u00c9tats du Sahel, un nouveau bloc aux ambitions strat\u00e9giques\" data-home=\"https:\/\/africanova.info\"><\/div>","protected":false},"excerpt":{"rendered":"<p>Le 22 ao\u00fbt 2025, les dirigeants du Burkina Faso, du Mali et du Niger ont officiellement proclam\u00e9 la cr\u00e9ation de la Conf\u00e9d\u00e9ration des \u00c9tats du Sahel (CES), nouvelle organisation r\u00e9gionale&hellip;<\/p>\n","protected":false},"author":1,"featured_media":20797,"comment_status":"open","ping_status":"open","sticky":false,"template":"","format":"standard","meta":{"_bbp_topic_count":0,"_bbp_reply_count":0,"_bbp_total_topic_count":0,"_bbp_total_reply_count":0,"_bbp_voice_count":0,"_bbp_anonymous_reply_count":0,"_bbp_topic_count_hidden":0,"_bbp_reply_count_hidden":0,"_bbp_forum_subforum_count":0,"_lmt_disableupdate":"","_lmt_disable":"","_jetpack_memberships_contains_paid_content":false,"footnotes":""},"categories":[1],"tags":[],"class_list":["post-20794","post","type-post","status-publish","format-standard","has-post-thumbnail","hentry","category-actualites"],"jetpack_featured_media_url":"https:\/\/africanova.info\/wp-content\/uploads\/2025\/08\/000_36322KM.jpg","jetpack_sharing_enabled":true,"_links":{"self":[{"href":"https:\/\/africanova.info\/index.php?rest_route=\/wp\/v2\/posts\/20794","targetHints":{"allow":["GET"]}}],"collection":[{"href":"https:\/\/africanova.info\/index.php?rest_route=\/wp\/v2\/posts"}],"about":[{"href":"https:\/\/africanova.info\/index.php?rest_route=\/wp\/v2\/types\/post"}],"author":[{"embeddable":true,"href":"https:\/\/africanova.info\/index.php?rest_route=\/wp\/v2\/users\/1"}],"replies":[{"embeddable":true,"href":"https:\/\/africanova.info\/index.php?rest_route=%2Fwp%2Fv2%2Fcomments&post=20794"}],"version-history":[{"count":1,"href":"https:\/\/africanova.info\/index.php?rest_route=\/wp\/v2\/posts\/20794\/revisions"}],"predecessor-version":[{"id":20798,"href":"https:\/\/africanova.info\/index.php?rest_route=\/wp\/v2\/posts\/20794\/revisions\/20798"}],"wp:featuredmedia":[{"embeddable":true,"href":"https:\/\/africanova.info\/index.php?rest_route=\/wp\/v2\/media\/20797"}],"wp:attachment":[{"href":"https:\/\/africanova.info\/index.php?rest_route=%2Fwp%2Fv2%2Fmedia&parent=20794"}],"wp:term":[{"taxonomy":"category","embeddable":true,"href":"https:\/\/africanova.info\/index.php?rest_route=%2Fwp%2Fv2%2Fcategories&post=20794"},{"taxonomy":"post_tag","embeddable":true,"href":"https:\/\/africanova.info\/index.php?rest_route=%2Fwp%2Fv2%2Ftags&post=20794"}],"curies":[{"name":"wp","href":"https:\/\/api.w.org\/{rel}","templated":true}]}}