
{"id":20788,"date":"2025-08-23T08:02:49","date_gmt":"2025-08-23T06:02:49","guid":{"rendered":"https:\/\/africanova.info\/?p=20788"},"modified":"2025-08-23T08:02:52","modified_gmt":"2025-08-23T06:02:52","slug":"burkina-faso-mali-et-niger-analyse-approfondie-du-retrait-officiel-de-la-cedeao-et-creation-de-la-confederation-des-etats-du-sahel","status":"publish","type":"post","link":"https:\/\/africanova.info\/?p=20788","title":{"rendered":"Burkina Faso, Mali et Niger : analyse approfondie du retrait officiel de la CEDEAO et cr\u00e9ation de la Conf\u00e9d\u00e9ration des \u00c9tats du Sahel"},"content":{"rendered":"<p>Le 29 janvier 2025, le Burkina Faso, le Mali et le Niger ont officiellement quitt\u00e9 la Communaut\u00e9 \u00e9conomique des \u00c9tats de l\u2019Afrique de l\u2019Ouest (CEDEAO). Cette rupture historique, pr\u00e9lude \u00e0 une reconfiguration institutionnelle majeure, cl\u00f4t une ann\u00e9e de tensions diplomatiques, sociales et s\u00e9curitaires dans une r\u00e9gion d\u00e9j\u00e0 expos\u00e9e \u00e0 de nombreux d\u00e9fis. Les trois \u00c9tats, dirig\u00e9s depuis des coups d\u2019\u00c9tat militaires, ont justifi\u00e9 leur retrait par un sentiment croissant d\u2019ing\u00e9rence et de sanctions jug\u00e9es \u00ab ill\u00e9gitimes \u00bb, et entendent d\u00e9sormais s\u2019organiser hors du cadre ouest-africain classique en cr\u00e9ant la Conf\u00e9d\u00e9ration des \u00c9tats du Sahel (CES).<\/p><p><strong>Un divorce longuement n\u00e9goci\u00e9<\/strong><\/p><p>Le retrait officiel, qui faisait suite \u00e0 une annonce un an plus t\u00f4t, se pr\u00e9sente comme l\u2019aboutissement d\u2019un bras de fer avec la CEDEAO, laquelle avait impos\u00e9 des sanctions \u00e9conomiques et une suspension politique apr\u00e8s les coups d\u2019\u00c9tat successifs au Mali, au Burkina et au Niger. Ces mesures visaient notamment \u00e0 restaurer les r\u00e9gimes d\u00e9mocratiques et \u00e0 renforcer la stabilit\u00e9 r\u00e9gionale. La d\u00e9cision des trois pays, malgr\u00e9 les pressions diplomatiques, r\u00e9v\u00e8le une volont\u00e9 ferme d\u2019affirmer une souverainet\u00e9 retrouv\u00e9e et une gestion autonome de leur destin\u00e9e.<\/p><p>La CEDEAO, confront\u00e9e \u00e0 cette d\u00e9fection, a d\u00e9cid\u00e9 de \u00ab maintenir ses portes ouvertes au dialogue \u00bb, tout en soulignant l\u2019inqui\u00e9tude quant \u00e0 la fragmentation de la zone ouest-africaine et \u00e0 ses cons\u00e9quences s\u00e9curitaires et \u00e9conomiques.<\/p><figure class=\"wp-block-image size-full is-resized\"><img fetchpriority=\"high\" decoding=\"async\" width=\"699\" height=\"393\" src=\"https:\/\/africanova.info\/wp-content\/uploads\/2025\/08\/86008617-61232369.jpg\" alt=\"\" class=\"wp-image-20790\" style=\"width:780px;height:auto\" srcset=\"https:\/\/africanova.info\/wp-content\/uploads\/2025\/08\/86008617-61232369.jpg 699w, https:\/\/africanova.info\/wp-content\/uploads\/2025\/08\/86008617-61232369-300x169.jpg 300w, https:\/\/africanova.info\/wp-content\/uploads\/2025\/08\/86008617-61232369-585x329.jpg 585w, https:\/\/africanova.info\/wp-content\/uploads\/2025\/08\/86008617-61232369-600x337.jpg 600w\" sizes=\"(max-width: 699px) 100vw, 699px\" \/><\/figure><p><strong>La Conf\u00e9d\u00e9ration des \u00c9tats du Sahel : une ambition r\u00e9gionale nouvelle<\/strong><\/p><p>Au-del\u00e0 du retrait, les trois \u00c9tats sah\u00e9liens se sont engag\u00e9s dans la cr\u00e9ation de la CES, une alliance politique et \u00e9conomique destin\u00e9e \u00e0 affronter ensemble les d\u00e9fis r\u00e9gionalistes \u00e9crasants. Cette conf\u00e9d\u00e9ration ambitionne de coordonner les politiques de s\u00e9curit\u00e9 dans une zone particuli\u00e8rement affect\u00e9e par la menace djihadiste, notamment par des groupes comme Al-Qa\u00efda au Maghreb islamique ou l\u2019\u00c9tat islamique dans le Grand Sahara.<\/p><p>Sur le plan \u00e9conomique, la CES promet de favoriser le commerce intra-r\u00e9gional, la libre circulation des citoyens, et la mise en \u0153uvre de projets d\u2019infrastructures conjoints afin d\u2019attirer les investissements \u00e9trangers et de stimuler la croissance.<\/p><p><strong>Cons\u00e9quences politiques et s\u00e9curitaires<\/strong><\/p><p>Le retrait du Mali, Burkina Faso et Niger d\u00e9stabilise notablement la CEDEAO, qui perd trois de ses membres les plus affect\u00e9s par les insurrections arm\u00e9es. La coop\u00e9ration militaire et le partage de renseignements sur le terrorisme risquent d\u2019en p\u00e2tir, alors m\u00eame que la menace djihadiste s\u2019intensifie.<\/p><p>Par ailleurs, cette reconfiguration modifie l\u2019\u00e9quilibre politique r\u00e9gional. D\u2019autres \u00c9tats de la sous-r\u00e9gion, comme le Togo ou le B\u00e9nin, sont d\u00e9sormais sur le front de la lutte anti-terroriste dans un cadre communautaire affaibli.<\/p><p>La d\u00e9cision affirme aussi une recomposition g\u00e9ostrat\u00e9gique, certains observateurs notant l\u2019influence croissante de partenaires extra-r\u00e9gionaux comme la Chine, la Russie et la Turquie aupr\u00e8s des autorit\u00e9s sah\u00e9liennes.<\/p><p><strong>Impact socio-\u00e9conomique pour les populations<\/strong><\/p><p>Le divorce avec la CEDEAO menace plusieurs acquis sociaux et \u00e9conomiques for\u00e7ant les ressortissants des trois pays \u00e0 r\u00e9\u00e9valuer leurs droits de circulation et d\u2019immigration dans l\u2019espace ouest-africain. Le risque est r\u00e9el que, sans accord bilat\u00e9ral compensatoire, les millions de citoyens perdent la libert\u00e9 de s\u00e9jour et d\u2019entreprendre dans les \u00c9tats membres de la CEDEAO.<\/p><p>\u00c9conomiquement, le retrait pourrait aussi ralentir les programmes d\u2019aide et d\u2019investissement, notamment ceux financ\u00e9s par des bailleurs institutionnels via la CEDEAO. Cette perspective inqui\u00e8te les milieux d\u2019affaires et les soci\u00e9t\u00e9s civiles locales.<\/p><p><strong>Une r\u00e9gion dans la tourmente : entre souverainet\u00e9 et fragmentation<\/strong><\/p><p>Loin d\u2019\u00eatre un simple coup d\u2019\u00e9clat politique, ce retrait incarne la mont\u00e9e d\u2019un sentiment d\u2019ali\u00e9nation envers les institutions ouest-africaines. Il s\u2019inscrit dans une logique de souverainet\u00e9 renforc\u00e9e, mais au prix d\u2019une fragmentation potentiellement dangereuse pour la stabilit\u00e9 r\u00e9gionale. Le Sahel, zone d\u00e9j\u00e0 fragilis\u00e9e par la lutte contre le terrorisme, la pauvret\u00e9 et le changement climatique, pourrait pagayer dans le flou institutionnel.<\/p><figure class=\"wp-block-image size-large\"><img decoding=\"async\" width=\"1024\" height=\"576\" src=\"https:\/\/africanova.info\/wp-content\/uploads\/2025\/08\/000_34H37CE-1024x576.jpg\" alt=\"\" class=\"wp-image-20791\" srcset=\"https:\/\/africanova.info\/wp-content\/uploads\/2025\/08\/000_34H37CE-1024x576.jpg 1024w, https:\/\/africanova.info\/wp-content\/uploads\/2025\/08\/000_34H37CE-300x169.jpg 300w, https:\/\/africanova.info\/wp-content\/uploads\/2025\/08\/000_34H37CE-768x432.jpg 768w, https:\/\/africanova.info\/wp-content\/uploads\/2025\/08\/000_34H37CE-1170x658.jpg 1170w, https:\/\/africanova.info\/wp-content\/uploads\/2025\/08\/000_34H37CE-585x329.jpg 585w, https:\/\/africanova.info\/wp-content\/uploads\/2025\/08\/000_34H37CE-1200x675.jpg 1200w, https:\/\/africanova.info\/wp-content\/uploads\/2025\/08\/000_34H37CE-600x338.jpg 600w, https:\/\/africanova.info\/wp-content\/uploads\/2025\/08\/000_34H37CE.jpg 1280w\" sizes=\"(max-width: 1024px) 100vw, 1024px\" \/><\/figure><p>Les \u00c9tats de la CES devront d\u00e9sormais relever des d\u00e9fis lourds afin de se doter de m\u00e9canismes efficaces de gouvernance, de s\u00e9curit\u00e9 et de d\u00e9veloppement, tout en construisant une v\u00e9ritable coh\u00e9sion entre des pays marqu\u00e9s par des crises politiques et des disparit\u00e9s socio-\u00e9conomiques.<\/p><p><strong>Perspectives pour l\u2019Afrique de l\u2019Ouest et les partenaires internationaux<\/strong><\/p><p>Face \u00e0 cette fracture, plusieurs acteurs internationaux appellent \u00e0 la reprise du dialogue, notamment la France qui reste un acteur cl\u00e9 dans la r\u00e9gion, l\u2019Union europ\u00e9enne, la Banque mondiale et les Nations unies.<\/p><p>L\u2019enjeu est de trouver un \u00e9quilibre entre respect de la souverainet\u00e9 sah\u00e9lienne et maintien d\u2019une coop\u00e9ration r\u00e9gionale pertinente pour la paix et le d\u00e9veloppement.<\/p><p><\/p><div class=\"gsp_post_data\" data-post_type=\"post\" data-cat=\"actualites\" data-modified=\"120\" data-title=\"Burkina Faso, Mali et Niger : analyse approfondie du retrait officiel de la CEDEAO et cr\u00e9ation de la Conf\u00e9d\u00e9ration des \u00c9tats du Sahel\" data-home=\"https:\/\/africanova.info\"><\/div>","protected":false},"excerpt":{"rendered":"<p>Le 29 janvier 2025, le Burkina Faso, le Mali et le Niger ont officiellement quitt\u00e9 la Communaut\u00e9 \u00e9conomique des \u00c9tats de l\u2019Afrique de l\u2019Ouest (CEDEAO). Cette rupture historique, pr\u00e9lude \u00e0&hellip;<\/p>\n","protected":false},"author":1,"featured_media":20792,"comment_status":"open","ping_status":"open","sticky":false,"template":"","format":"standard","meta":{"_bbp_topic_count":0,"_bbp_reply_count":0,"_bbp_total_topic_count":0,"_bbp_total_reply_count":0,"_bbp_voice_count":0,"_bbp_anonymous_reply_count":0,"_bbp_topic_count_hidden":0,"_bbp_reply_count_hidden":0,"_bbp_forum_subforum_count":0,"_lmt_disableupdate":"","_lmt_disable":"","_jetpack_memberships_contains_paid_content":false,"footnotes":""},"categories":[1],"tags":[],"class_list":["post-20788","post","type-post","status-publish","format-standard","has-post-thumbnail","hentry","category-actualites"],"jetpack_featured_media_url":"https:\/\/africanova.info\/wp-content\/uploads\/2025\/08\/AES-President-min.webp","jetpack_sharing_enabled":true,"_links":{"self":[{"href":"https:\/\/africanova.info\/index.php?rest_route=\/wp\/v2\/posts\/20788","targetHints":{"allow":["GET"]}}],"collection":[{"href":"https:\/\/africanova.info\/index.php?rest_route=\/wp\/v2\/posts"}],"about":[{"href":"https:\/\/africanova.info\/index.php?rest_route=\/wp\/v2\/types\/post"}],"author":[{"embeddable":true,"href":"https:\/\/africanova.info\/index.php?rest_route=\/wp\/v2\/users\/1"}],"replies":[{"embeddable":true,"href":"https:\/\/africanova.info\/index.php?rest_route=%2Fwp%2Fv2%2Fcomments&post=20788"}],"version-history":[{"count":1,"href":"https:\/\/africanova.info\/index.php?rest_route=\/wp\/v2\/posts\/20788\/revisions"}],"predecessor-version":[{"id":20793,"href":"https:\/\/africanova.info\/index.php?rest_route=\/wp\/v2\/posts\/20788\/revisions\/20793"}],"wp:featuredmedia":[{"embeddable":true,"href":"https:\/\/africanova.info\/index.php?rest_route=\/wp\/v2\/media\/20792"}],"wp:attachment":[{"href":"https:\/\/africanova.info\/index.php?rest_route=%2Fwp%2Fv2%2Fmedia&parent=20788"}],"wp:term":[{"taxonomy":"category","embeddable":true,"href":"https:\/\/africanova.info\/index.php?rest_route=%2Fwp%2Fv2%2Fcategories&post=20788"},{"taxonomy":"post_tag","embeddable":true,"href":"https:\/\/africanova.info\/index.php?rest_route=%2Fwp%2Fv2%2Ftags&post=20788"}],"curies":[{"name":"wp","href":"https:\/\/api.w.org\/{rel}","templated":true}]}}