
{"id":20782,"date":"2025-08-23T07:40:57","date_gmt":"2025-08-23T05:40:57","guid":{"rendered":"https:\/\/africanova.info\/?p=20782"},"modified":"2025-08-23T07:51:05","modified_gmt":"2025-08-23T05:51:05","slug":"burkina-faso-mali-et-niger-avancee-historique-dans-leur-retrait-de-la-cedeao-et-creation-de-la-confederation-des-etats-du-sahel","status":"publish","type":"post","link":"https:\/\/africanova.info\/?p=20782","title":{"rendered":"Burkina Faso, Mali et Niger : avanc\u00e9e historique dans leur retrait de la CEDEAO et cr\u00e9ation de la Conf\u00e9d\u00e9ration des \u00c9tats du Sahel"},"content":{"rendered":"<p>Les trois pays sah\u00e9liens, Burkina Faso, Mali et Niger, ont franchi une \u00e9tape majeure dans leur retrait de la Communaut\u00e9 \u00e9conomique des \u00c9tats de l\u2019Afrique de l\u2019Ouest (CEDEAO). Lors d\u2019une r\u00e9union tenue \u00e0 Ouagadougou ce week-end, ils ont act\u00e9 la feuille de route de leur sortie officielle, pr\u00e9vue pour la fin janvier 2026, afin de s\u2019unir dans une nouvelle alliance r\u00e9gionale, la Conf\u00e9d\u00e9ration des \u00c9tats du Sahel (CES).<\/p><p>Ce divorce politique d\u00e9coule d\u2019une fracture profonde avec la CEDEAO, accus\u00e9e d\u2019ing\u00e9rence et de partialit\u00e9, notamment apr\u00e8s les sanctions impos\u00e9es suite aux coups d\u2019\u00c9tat successifs dans ces pays. Les dirigeants sah\u00e9liens revendiquent d\u00e9sormais une plus grande autonomie strat\u00e9gique et souhaitent b\u00e2tir une coop\u00e9ration r\u00e9gionale fond\u00e9e sur leurs int\u00e9r\u00eats propres, en rupture avec l\u2019influence occidentale africaine traditionnelle.<\/p><p>La r\u00e9union a \u00e9t\u00e9 marqu\u00e9e par un consensus rare entre les trois \u00c9tats, qui entendent conjurer les d\u00e9fis s\u00e9curitaires, \u00e9conomiques et sociaux dans une zone en proie \u00e0 des insurrections djihadistes et \u00e0 une crise humanitaire persistante. La future conf\u00e9d\u00e9ration vise \u00e0 renforcer la coop\u00e9ration militaire, la libre circulation des personnes et des biens, et \u00e0 favoriser un d\u00e9veloppement \u00e9conomique endog\u00e8ne.<\/p><p>Cette initiative suscite des r\u00e9actions contrast\u00e9es. Au sein de la CEDEAO, la s\u00e9paration est per\u00e7ue comme un coup dur \u00e0 l\u2019int\u00e9gration r\u00e9gionale et un risque de fragmentation accrue du continent. Certains pays membres redoutent un effet domino. Sur la sc\u00e8ne internationale, la France et l\u2019Union europ\u00e9enne ont exprim\u00e9 leur pr\u00e9occupation, invitant au dialogue pour \u00e9viter une escalade des tensions.<\/p><figure class=\"wp-block-image size-large\"><img fetchpriority=\"high\" decoding=\"async\" width=\"1024\" height=\"683\" src=\"https:\/\/africanova.info\/wp-content\/uploads\/2025\/08\/Sommet-des-chefs-dEtats-de-lAES-1024x683.jpeg\" alt=\"\" class=\"wp-image-20783\" srcset=\"https:\/\/africanova.info\/wp-content\/uploads\/2025\/08\/Sommet-des-chefs-dEtats-de-lAES-1024x683.jpeg 1024w, https:\/\/africanova.info\/wp-content\/uploads\/2025\/08\/Sommet-des-chefs-dEtats-de-lAES-300x200.jpeg 300w, https:\/\/africanova.info\/wp-content\/uploads\/2025\/08\/Sommet-des-chefs-dEtats-de-lAES-768x512.jpeg 768w, https:\/\/africanova.info\/wp-content\/uploads\/2025\/08\/Sommet-des-chefs-dEtats-de-lAES-1536x1025.jpeg 1536w, https:\/\/africanova.info\/wp-content\/uploads\/2025\/08\/Sommet-des-chefs-dEtats-de-lAES-1920x1281.jpeg 1920w, https:\/\/africanova.info\/wp-content\/uploads\/2025\/08\/Sommet-des-chefs-dEtats-de-lAES-1170x780.jpeg 1170w, https:\/\/africanova.info\/wp-content\/uploads\/2025\/08\/Sommet-des-chefs-dEtats-de-lAES-585x390.jpeg 585w, https:\/\/africanova.info\/wp-content\/uploads\/2025\/08\/Sommet-des-chefs-dEtats-de-lAES-263x175.jpeg 263w, https:\/\/africanova.info\/wp-content\/uploads\/2025\/08\/Sommet-des-chefs-dEtats-de-lAES-1320x880.jpeg 1320w, https:\/\/africanova.info\/wp-content\/uploads\/2025\/08\/Sommet-des-chefs-dEtats-de-lAES-600x400.jpeg 600w, https:\/\/africanova.info\/wp-content\/uploads\/2025\/08\/Sommet-des-chefs-dEtats-de-lAES.jpeg 2048w\" sizes=\"(max-width: 1024px) 100vw, 1024px\" \/><\/figure><p>Malgr\u00e9 ces mises en garde, le Burkina Faso, le Mali et le Niger affichent une fermet\u00e9 nouvelle dans leur strat\u00e9gie, refusant toute soumission aux sanctions \u00e9conomiques qu\u2019ils jugent injustes. Ils cherchent en parall\u00e8le \u00e0 renforcer les partenariats avec d\u2019autres acteurs internationaux, notamment la Chine et la Russie, pour soutenir leurs ambitions.<\/p><p>Le retrait de ces trois pays redessine le paysage politique de l\u2019Afrique de l\u2019Ouest et pose la question de l\u2019avenir des organisations r\u00e9gionales africaines face \u00e0 la mont\u00e9e des mouvements souverainistes et des ruptures diplomatiques.<\/p><p><\/p><div class=\"gsp_post_data\" data-post_type=\"post\" data-cat=\"actualites\" data-modified=\"120\" data-title=\"Burkina Faso, Mali et Niger : avanc\u00e9e historique dans leur retrait de la CEDEAO et cr\u00e9ation de la Conf\u00e9d\u00e9ration des \u00c9tats du Sahel\" data-home=\"https:\/\/africanova.info\"><\/div>","protected":false},"excerpt":{"rendered":"<p>Les trois pays sah\u00e9liens, Burkina Faso, Mali et Niger, ont franchi une \u00e9tape majeure dans leur retrait de la Communaut\u00e9 \u00e9conomique des \u00c9tats de l\u2019Afrique de l\u2019Ouest (CEDEAO). Lors d\u2019une&hellip;<\/p>\n","protected":false},"author":1,"featured_media":20786,"comment_status":"open","ping_status":"open","sticky":false,"template":"","format":"standard","meta":{"_bbp_topic_count":0,"_bbp_reply_count":0,"_bbp_total_topic_count":0,"_bbp_total_reply_count":0,"_bbp_voice_count":0,"_bbp_anonymous_reply_count":0,"_bbp_topic_count_hidden":0,"_bbp_reply_count_hidden":0,"_bbp_forum_subforum_count":0,"_lmt_disableupdate":"","_lmt_disable":"","_jetpack_memberships_contains_paid_content":false,"footnotes":""},"categories":[1],"tags":[],"class_list":["post-20782","post","type-post","status-publish","format-standard","has-post-thumbnail","hentry","category-actualites"],"jetpack_featured_media_url":"https:\/\/africanova.info\/wp-content\/uploads\/2025\/08\/F6KBzu3XUAAqzBx-600x400-1.jpg","jetpack_sharing_enabled":true,"_links":{"self":[{"href":"https:\/\/africanova.info\/index.php?rest_route=\/wp\/v2\/posts\/20782","targetHints":{"allow":["GET"]}}],"collection":[{"href":"https:\/\/africanova.info\/index.php?rest_route=\/wp\/v2\/posts"}],"about":[{"href":"https:\/\/africanova.info\/index.php?rest_route=\/wp\/v2\/types\/post"}],"author":[{"embeddable":true,"href":"https:\/\/africanova.info\/index.php?rest_route=\/wp\/v2\/users\/1"}],"replies":[{"embeddable":true,"href":"https:\/\/africanova.info\/index.php?rest_route=%2Fwp%2Fv2%2Fcomments&post=20782"}],"version-history":[{"count":1,"href":"https:\/\/africanova.info\/index.php?rest_route=\/wp\/v2\/posts\/20782\/revisions"}],"predecessor-version":[{"id":20785,"href":"https:\/\/africanova.info\/index.php?rest_route=\/wp\/v2\/posts\/20782\/revisions\/20785"}],"wp:featuredmedia":[{"embeddable":true,"href":"https:\/\/africanova.info\/index.php?rest_route=\/wp\/v2\/media\/20786"}],"wp:attachment":[{"href":"https:\/\/africanova.info\/index.php?rest_route=%2Fwp%2Fv2%2Fmedia&parent=20782"}],"wp:term":[{"taxonomy":"category","embeddable":true,"href":"https:\/\/africanova.info\/index.php?rest_route=%2Fwp%2Fv2%2Fcategories&post=20782"},{"taxonomy":"post_tag","embeddable":true,"href":"https:\/\/africanova.info\/index.php?rest_route=%2Fwp%2Fv2%2Ftags&post=20782"}],"curies":[{"name":"wp","href":"https:\/\/api.w.org\/{rel}","templated":true}]}}