
{"id":20762,"date":"2025-08-22T10:32:46","date_gmt":"2025-08-22T08:32:46","guid":{"rendered":"https:\/\/africanova.info\/?p=20762"},"modified":"2025-08-22T10:32:49","modified_gmt":"2025-08-22T08:32:49","slug":"debats-sur-la-memoire-coloniale-et-la-question-des-reparations-en-france-et-en-europe-evolutions-controverses-et-perspectives","status":"publish","type":"post","link":"https:\/\/africanova.info\/?p=20762","title":{"rendered":"D\u00e9bats sur la m\u00e9moire coloniale et la question des r\u00e9parations en France et en Europe : \u00e9volutions, controverses et perspectives"},"content":{"rendered":"<p>Depuis le d\u00e9but des ann\u00e9es 2000, la question de la m\u00e9moire coloniale en France et en Europe est au c\u0153ur de d\u00e9bats de plus en plus vifs, articulant histoire, politique et identit\u00e9s. En 2025, cette probl\u00e9matique occupe une place centrale dans la conscience collective, suscitant des revendications insistantes pour la reconnaissance, la r\u00e9paration et la r\u00e9conciliation, mais aussi des r\u00e9sistances et controverses majeures qui traduisent la complexit\u00e9 du sujet dans les soci\u00e9t\u00e9s postcoloniales europ\u00e9ennes.<\/p><p><strong>Les fondements des revendications de r\u00e9paration<\/strong><\/p><p>Les revendications reposent sur le constat des profondes in\u00e9galit\u00e9s \u00e9conomiques, sociales et politiques r\u00e9sultant de la colonisation. Elles appellent notamment \u00e0 des compensations financi\u00e8res, la restitution d\u2019artefacts culturels vol\u00e9s, ainsi que des investissements sp\u00e9cifiques dans les anciennes colonies pour compenser des si\u00e8cles d\u2019exploitation.<\/p><p>Ces demandes sont port\u00e9es par des associations, des mouvements sociaux et des intellectuels, int\u00e9grant aussi des dimensions m\u00e9morielles comme la reconnaissance des violences coloniales.<\/p><p><strong>R\u00e9ponses politiques et l\u00e9gales en France et en Europe<\/strong><\/p><p>La France, par exemple, a entrepris des actions symboliques telles que la reconnaissance officielle de certains crimes coloniaux, la cr\u00e9ation de mus\u00e9es d\u00e9di\u00e9s, et la restitution de certaines \u0153uvres. Cependant, la question des r\u00e9parations financi\u00e8res reste largement d\u00e9battue, la plupart des gouvernements privil\u00e9giant des aides au d\u00e9veloppement plut\u00f4t que des compensations directes.<\/p><p>Dans d\u2019autres pays europ\u00e9ens, la Belgique, l&rsquo;Allemagne, ou les Pays-Bas font face \u00e0 des dynamiques similaires, avec parfois des politiques plus avanc\u00e9es sur le plan des restitutions.<\/p><p><strong>Controverses et oppositions dans l\u2019opinion publique<\/strong><\/p><p>Cette question suscite des d\u00e9bats intenses. Certains consid\u00e8rent la demande de r\u00e9parations comme une remise en cause de l\u2019identit\u00e9 nationale, voire une forme de repentance excessive. D\u2019autres craignent que le d\u00e9bat soit instrumentalis\u00e9 politiquement, risquant de fracturer davantage les soci\u00e9t\u00e9s.<\/p><p>Les controverses portent \u00e9galement sur les modalit\u00e9s pratiques, la d\u00e9finition des b\u00e9n\u00e9ficiaires et la gestion des fonds.<\/p><p><strong>La dimension \u00e9ducative et culturelle<\/strong><\/p><p>L\u2019\u00e9ducation devient un levier central pour aborder ces questions. Les programmes scolaires int\u00e8grent de plus en plus des enseignements sur les histoires coloniales, avec l\u2019objectif de construire une m\u00e9moire critique partag\u00e9e. Les productions culturelles, le cin\u00e9ma, la litt\u00e9rature et les arts participent \u00e9galement \u00e0 la conscientisation et \u00e0 la discussion publique.<\/p><p><strong>Vers une r\u00e9conciliation possible ?<\/strong><\/p><p>Au-del\u00e0 des r\u00e9parations mat\u00e9rielles, ces d\u00e9bats initient une r\u00e9flexion profonde sur la r\u00e9conciliation, la r\u00e9paration symbolique, et l\u2019avenir des relations postcoloniales. La reconnaissance des souffrances pass\u00e9es et la construction d\u2019un dialogue interculturel sont pr\u00e9sent\u00e9s comme des fondations indispensables \u00e0 une coexistence pacifique.<\/p><figure class=\"wp-block-image size-full\"><img fetchpriority=\"high\" decoding=\"async\" width=\"1000\" height=\"640\" src=\"https:\/\/africanova.info\/wp-content\/uploads\/2025\/08\/colonisation-1000x640-3.jpg\" alt=\"\" class=\"wp-image-20768\" srcset=\"https:\/\/africanova.info\/wp-content\/uploads\/2025\/08\/colonisation-1000x640-3.jpg 1000w, https:\/\/africanova.info\/wp-content\/uploads\/2025\/08\/colonisation-1000x640-3-300x192.jpg 300w, https:\/\/africanova.info\/wp-content\/uploads\/2025\/08\/colonisation-1000x640-3-768x492.jpg 768w, https:\/\/africanova.info\/wp-content\/uploads\/2025\/08\/colonisation-1000x640-3-585x374.jpg 585w, https:\/\/africanova.info\/wp-content\/uploads\/2025\/08\/colonisation-1000x640-3-600x384.jpg 600w\" sizes=\"(max-width: 1000px) 100vw, 1000px\" \/><\/figure><p><strong>Le r\u00f4le des institutions internationales<\/strong><\/p><p>Sur le plan mondial, l\u2019ONU et d\u2019autres organismes encouragent la reconnaissance des droits des peuples colonis\u00e9s et appellent \u00e0 des mesures de r\u00e9paration. Ces pressions renforcent la dynamique en Europe, int\u00e9grant la question dans la politique internationale des droits humains.<\/p><p><strong>Conclusion implicite<\/strong><\/p><p>Le d\u00e9bat sur la m\u00e9moire coloniale et les r\u00e9parations en 2025 refl\u00e8te la qu\u00eate complexe d\u2019un \u00e9quilibre entre v\u00e9rit\u00e9 historique, justice sociale et unit\u00e9 nationale. Ce processus, sans cesse renouvel\u00e9, est un enjeu majeur pour la construction des d\u00e9mocraties contemporaines.<\/p><p><\/p><div class=\"gsp_post_data\" data-post_type=\"post\" data-cat=\"actualites\" data-modified=\"120\" data-title=\"D\u00e9bats sur la m\u00e9moire coloniale et la question des r\u00e9parations en France et en Europe : \u00e9volutions, controverses et perspectives\" data-home=\"https:\/\/africanova.info\"><\/div>","protected":false},"excerpt":{"rendered":"<p>Depuis le d\u00e9but des ann\u00e9es 2000, la question de la m\u00e9moire coloniale en France et en Europe est au c\u0153ur de d\u00e9bats de plus en plus vifs, articulant histoire, politique&hellip;<\/p>\n","protected":false},"author":1,"featured_media":20763,"comment_status":"open","ping_status":"open","sticky":false,"template":"","format":"standard","meta":{"_bbp_topic_count":0,"_bbp_reply_count":0,"_bbp_total_topic_count":0,"_bbp_total_reply_count":0,"_bbp_voice_count":0,"_bbp_anonymous_reply_count":0,"_bbp_topic_count_hidden":0,"_bbp_reply_count_hidden":0,"_bbp_forum_subforum_count":0,"_lmt_disableupdate":"","_lmt_disable":"","_jetpack_memberships_contains_paid_content":false,"footnotes":""},"categories":[1],"tags":[],"class_list":["post-20762","post","type-post","status-publish","format-standard","has-post-thumbnail","hentry","category-actualites"],"jetpack_featured_media_url":"https:\/\/africanova.info\/wp-content\/uploads\/2025\/08\/Abolition-esclavage-1849_@Fancois-Auguste-Biard.webp","jetpack_sharing_enabled":true,"_links":{"self":[{"href":"https:\/\/africanova.info\/index.php?rest_route=\/wp\/v2\/posts\/20762","targetHints":{"allow":["GET"]}}],"collection":[{"href":"https:\/\/africanova.info\/index.php?rest_route=\/wp\/v2\/posts"}],"about":[{"href":"https:\/\/africanova.info\/index.php?rest_route=\/wp\/v2\/types\/post"}],"author":[{"embeddable":true,"href":"https:\/\/africanova.info\/index.php?rest_route=\/wp\/v2\/users\/1"}],"replies":[{"embeddable":true,"href":"https:\/\/africanova.info\/index.php?rest_route=%2Fwp%2Fv2%2Fcomments&post=20762"}],"version-history":[{"count":1,"href":"https:\/\/africanova.info\/index.php?rest_route=\/wp\/v2\/posts\/20762\/revisions"}],"predecessor-version":[{"id":20769,"href":"https:\/\/africanova.info\/index.php?rest_route=\/wp\/v2\/posts\/20762\/revisions\/20769"}],"wp:featuredmedia":[{"embeddable":true,"href":"https:\/\/africanova.info\/index.php?rest_route=\/wp\/v2\/media\/20763"}],"wp:attachment":[{"href":"https:\/\/africanova.info\/index.php?rest_route=%2Fwp%2Fv2%2Fmedia&parent=20762"}],"wp:term":[{"taxonomy":"category","embeddable":true,"href":"https:\/\/africanova.info\/index.php?rest_route=%2Fwp%2Fv2%2Fcategories&post=20762"},{"taxonomy":"post_tag","embeddable":true,"href":"https:\/\/africanova.info\/index.php?rest_route=%2Fwp%2Fv2%2Ftags&post=20762"}],"curies":[{"name":"wp","href":"https:\/\/api.w.org\/{rel}","templated":true}]}}