
{"id":20758,"date":"2025-08-22T09:21:46","date_gmt":"2025-08-22T07:21:46","guid":{"rendered":"https:\/\/africanova.info\/?p=20758"},"modified":"2025-08-22T09:21:46","modified_gmt":"2025-08-22T07:21:46","slug":"influence-croissante-des-createurs-latino-americains-dans-la-mode-internationale-dynamiques-culturelles-et-enjeux-economiques","status":"publish","type":"post","link":"https:\/\/africanova.info\/?p=20758","title":{"rendered":"Influence croissante des cr\u00e9ateurs latino-am\u00e9ricains dans la mode internationale : dynamiques culturelles et enjeux \u00e9conomiques"},"content":{"rendered":"<p>Depuis plusieurs ann\u00e9es, la mode latino-am\u00e9ricaine se d\u00e9ploie avec une force et une cr\u00e9ativit\u00e9 sans pr\u00e9c\u00e9dent, imposant une pr\u00e9sence majeure sur la sc\u00e8ne internationale. En 2025, les cr\u00e9ateurs venus du Mexique, de Colombie, du Br\u00e9sil, du P\u00e9rou, et d\u2019autres pays de la r\u00e9gion imposent leur vision unique, fond\u00e9e sur un m\u00e9lange subtil de traditions ancestrales et d\u2019innovations contemporaines. Leur influence d\u00e9passe d\u00e9sormais le simple domaine artistique pour s\u2019imposer comme un acteur \u00e9conomique, culturel et politique cl\u00e9 dans l\u2019industrie mondiale de la mode.<\/p><p><strong>Une richesse culturelle multiple et revendiqu\u00e9e<\/strong><\/p><p>Les cr\u00e9ations latino-am\u00e9ricaines s\u2019appuient sur un h\u00e9ritage riche, fruit de la fusion entre cultures indig\u00e8nes, coloniales et modernes. Les stylistes int\u00e8grent dans leurs collections des tissus traditionnels comme le tissage andin, les broderies mexicaines, ou les motifs afro-br\u00e9siliens, les r\u00e9interpr\u00e9tant avec une esth\u00e9tique actuelle et audacieuse.<\/p><p>Cette richesse identitaire est au c\u0153ur d\u2019une d\u00e9marche qui valorise aussi bien la diversit\u00e9 que la m\u00e9moire collective, au service d\u2019une mode engag\u00e9e, porteuse de sens et d\u2019histoires souvent m\u00e9connues \u00e0 l\u2019international.<\/p><p><strong>La perc\u00e9e vers les march\u00e9s mondiaux<\/strong><\/p><p>La visibilit\u00e9 croissante des cr\u00e9ateurs latino-am\u00e9ricains \u00e0 Paris, Milan, New York, et Tokyo est un t\u00e9moignage du succ\u00e8s de cette vague culturelle. De grandes maisons collaborent d\u00e9sormais avec ces talents pour int\u00e9grer des \u00e9l\u00e9ments fresh et authentiques dans leurs collections, multipliant les passerelles entre la mode globale et ces identit\u00e9s singuli\u00e8res.<\/p><p>Les plateformes num\u00e9riques jouent un r\u00f4le acc\u00e9l\u00e9rateur, facilitant la promotion mondiale, la vente en ligne et la cr\u00e9ation de communaut\u00e9s de fans et de consommateurs.<\/p><p><strong>Enjeux \u00e9conomiques substantiels<\/strong><\/p><p>Le d\u00e9veloppement de la mode latino-am\u00e9ricaine g\u00e9n\u00e8re un impact \u00e9conomique direct notable, avec la cr\u00e9ation croissante d\u2019emplois dans les secteurs de la confection, de la production artisanale, du design et du commerce.<\/p><p>Les gouvernements nationaux commencent \u00e0 reconna\u00eetre l\u2019importance strat\u00e9gique de cette industrie, en mettant en \u0153uvre des politiques pour encourager la formation, la protection de la propri\u00e9t\u00e9 intellectuelle et le d\u00e9veloppement des infrastructures.<\/p><p><strong>Durabilit\u00e9, \u00e9thique et innovation<\/strong><\/p><p>Un des traits marquants de la mode latino-am\u00e9ricaine est sa sensibilit\u00e9 croissante aux enjeux de durabilit\u00e9 et d\u2019\u00e9thique. Nombre de cr\u00e9ateurs adoptent des pratiques respectueuses de l\u2019environnement, favorisent les circuits courts, les mat\u00e9riaux biosourc\u00e9s, et soutiennent l\u2019\u00e9conomie circulaire locale.<\/p><p>Cette tendance r\u00e9pond \u00e0 une demande mondiale accrue pour une mode responsable, tout en offrant une valeur ajout\u00e9e culturelle originale.<\/p><p><strong>Obstacles et d\u00e9fis structurels<\/strong><\/p><p>Malgr\u00e9 ces succ\u00e8s, le secteur doit encore surmonter des obstacles importants : difficult\u00e9s d\u2019acc\u00e8s aux financements, manque de distribution internationale directe, vuln\u00e9rabilit\u00e9s li\u00e9es aux fluctuations \u00e9conomiques r\u00e9gionales et barri\u00e8res logistiques.<\/p><p>Il existe aussi des enjeux li\u00e9s \u00e0 la protection des savoir-faire traditionnels face aux risques d\u2019appropriation ou de copie par les acteurs internationaux.<\/p><p><strong>Impact social et implication politique<\/strong><\/p><p>La mode latino-am\u00e9ricaine est \u00e9galement un vecteur puissant d\u2019\u00e9mancipation sociale, notamment pour les femmes, les populations indig\u00e8nes et les communaut\u00e9s afro-descendantes. En valorisant ces groupes, elle contribue \u00e0 renforcer leur visibilit\u00e9 et leurs droits.<\/p><figure class=\"wp-block-image size-full is-resized\"><img fetchpriority=\"high\" decoding=\"async\" width=\"750\" height=\"410\" src=\"https:\/\/africanova.info\/wp-content\/uploads\/2025\/08\/vardao-meilleur-mode-latino-americaine-750x410-1.jpg\" alt=\"\" class=\"wp-image-20759\" style=\"width:780px;height:auto\" srcset=\"https:\/\/africanova.info\/wp-content\/uploads\/2025\/08\/vardao-meilleur-mode-latino-americaine-750x410-1.jpg 750w, https:\/\/africanova.info\/wp-content\/uploads\/2025\/08\/vardao-meilleur-mode-latino-americaine-750x410-1-300x164.jpg 300w, https:\/\/africanova.info\/wp-content\/uploads\/2025\/08\/vardao-meilleur-mode-latino-americaine-750x410-1-585x320.jpg 585w, https:\/\/africanova.info\/wp-content\/uploads\/2025\/08\/vardao-meilleur-mode-latino-americaine-750x410-1-600x328.jpg 600w\" sizes=\"(max-width: 750px) 100vw, 750px\" \/><\/figure><p>Certains cr\u00e9ateurs int\u00e8grent des messages politiques dans leurs \u0153uvres, s\u2019engageant dans des combats pour les droits humains, la justice sociale et la reconnaissance culturelle.<\/p><p><strong>D\u00e9fis de mondialisation et avenir<\/strong><\/p><p>La mondialisation offre des opportunit\u00e9s de rayonnement mais menace aussi de dilution culturelle. Le d\u00e9fi sera de maintenir un \u00e9quilibre entre ouverture internationale et int\u00e9grit\u00e9 identitaire.<\/p><p>L\u2019essor des technologies num\u00e9riques permet cependant d\u2019innover dans la cr\u00e9ation et la diffusion, ouvrant des perspectives prometteuses.<\/p><p><strong>Conclusion implicite<\/strong><\/p><p>L\u2019influence croissante des cr\u00e9ateurs latino-am\u00e9ricains dans la mode internationale signe un moment charni\u00e8re. Cette dynamique allie puissance \u00e9conomique, cr\u00e9ativit\u00e9 artistique et engagement social, traduisant la vitalit\u00e9 culturelle d\u2019une r\u00e9gion en pleine affirmation sur la sc\u00e8ne mondiale.<\/p><p><\/p><div class=\"gsp_post_data\" data-post_type=\"post\" data-cat=\"mode-et-tendances\" data-modified=\"120\" data-title=\"Influence croissante des cr\u00e9ateurs latino-am\u00e9ricains dans la mode internationale : dynamiques culturelles et enjeux \u00e9conomiques\" data-home=\"https:\/\/africanova.info\"><\/div>","protected":false},"excerpt":{"rendered":"<p>Depuis plusieurs ann\u00e9es, la mode latino-am\u00e9ricaine se d\u00e9ploie avec une force et une cr\u00e9ativit\u00e9 sans pr\u00e9c\u00e9dent, imposant une pr\u00e9sence majeure sur la sc\u00e8ne internationale. En 2025, les cr\u00e9ateurs venus du&hellip;<\/p>\n","protected":false},"author":1,"featured_media":20760,"comment_status":"open","ping_status":"open","sticky":false,"template":"","format":"standard","meta":{"_bbp_topic_count":0,"_bbp_reply_count":0,"_bbp_total_topic_count":0,"_bbp_total_reply_count":0,"_bbp_voice_count":0,"_bbp_anonymous_reply_count":0,"_bbp_topic_count_hidden":0,"_bbp_reply_count_hidden":0,"_bbp_forum_subforum_count":0,"_lmt_disableupdate":"","_lmt_disable":"","_jetpack_memberships_contains_paid_content":false,"footnotes":""},"categories":[280],"tags":[12592,12597,12594,12598,12595,12596,12593,5792,12591],"class_list":["post-20758","post","type-post","status-publish","format-standard","has-post-thumbnail","hentry","category-mode-et-tendances","tag-artisanat-traditionnel-mode","tag-commerce-international-mode","tag-createurs-latino-americains","tag-diversite-culturelle-mode-2","tag-durabilite-mode-latino","tag-industrie-mode-amerique-latine","tag-influence-culturelle-mode","tag-innovation-mode-2","tag-mode-latino-americaine-2025"],"jetpack_featured_media_url":"https:\/\/africanova.info\/wp-content\/uploads\/2025\/08\/diversite-inclusivite-mode-amerique-latine.jpg","jetpack_sharing_enabled":true,"_links":{"self":[{"href":"https:\/\/africanova.info\/index.php?rest_route=\/wp\/v2\/posts\/20758","targetHints":{"allow":["GET"]}}],"collection":[{"href":"https:\/\/africanova.info\/index.php?rest_route=\/wp\/v2\/posts"}],"about":[{"href":"https:\/\/africanova.info\/index.php?rest_route=\/wp\/v2\/types\/post"}],"author":[{"embeddable":true,"href":"https:\/\/africanova.info\/index.php?rest_route=\/wp\/v2\/users\/1"}],"replies":[{"embeddable":true,"href":"https:\/\/africanova.info\/index.php?rest_route=%2Fwp%2Fv2%2Fcomments&post=20758"}],"version-history":[{"count":1,"href":"https:\/\/africanova.info\/index.php?rest_route=\/wp\/v2\/posts\/20758\/revisions"}],"predecessor-version":[{"id":20761,"href":"https:\/\/africanova.info\/index.php?rest_route=\/wp\/v2\/posts\/20758\/revisions\/20761"}],"wp:featuredmedia":[{"embeddable":true,"href":"https:\/\/africanova.info\/index.php?rest_route=\/wp\/v2\/media\/20760"}],"wp:attachment":[{"href":"https:\/\/africanova.info\/index.php?rest_route=%2Fwp%2Fv2%2Fmedia&parent=20758"}],"wp:term":[{"taxonomy":"category","embeddable":true,"href":"https:\/\/africanova.info\/index.php?rest_route=%2Fwp%2Fv2%2Fcategories&post=20758"},{"taxonomy":"post_tag","embeddable":true,"href":"https:\/\/africanova.info\/index.php?rest_route=%2Fwp%2Fv2%2Ftags&post=20758"}],"curies":[{"name":"wp","href":"https:\/\/api.w.org\/{rel}","templated":true}]}}