
{"id":20743,"date":"2025-08-22T09:05:28","date_gmt":"2025-08-22T07:05:28","guid":{"rendered":"https:\/\/africanova.info\/?p=20743"},"modified":"2025-08-22T09:05:30","modified_gmt":"2025-08-22T07:05:30","slug":"crise-migratoire-mediterraneenne-defis-politiques-humanitaires-et-securitaires-en-europe","status":"publish","type":"post","link":"https:\/\/africanova.info\/?p=20743","title":{"rendered":"Crise migratoire m\u00e9diterran\u00e9enne : d\u00e9fis politiques, humanitaires et s\u00e9curitaires en Europe"},"content":{"rendered":"<p>Depuis plusieurs ann\u00e9es, la crise migratoire en M\u00e9diterran\u00e9e repr\u00e9sente l\u2019un des dossiers humanitaires et politiques les plus complexes de l\u2019Union europ\u00e9enne. En 2025, la situation continue d\u2019\u00e9voluer sous l\u2019effet conjugu\u00e9 des conflits r\u00e9gionaux, des bouleversements climatiques, et des dynamiques socio-\u00e9conomiques, tirant les capacit\u00e9s d\u2019accueil et d\u2019int\u00e9gration des pays europ\u00e9ens \u00e0 leurs limites. Cette r\u00e9alit\u00e9 soul\u00e8ve des d\u00e9bats passionn\u00e9s autour des politiques migratoires, des obligations humanitaires et de la s\u00e9curit\u00e9.<\/p><p><strong>Les flux migratoires en 2025 : une \u00e9volution contrast\u00e9e<\/strong><\/p><p>Apr\u00e8s un reflux notable li\u00e9 \u00e0 la pand\u00e9mie et aux mesures restrictives, les arriv\u00e9es en Europe par la route m\u00e9diterran\u00e9enne connaissent une nouvelle hausse. Ces flux sont principalement compos\u00e9s de personnes originaires d\u2019Afrique subsaharienne, du Moyen-Orient et d\u2019Afghanistan, fuyant conflits, pers\u00e9cutions, et pauvret\u00e9.<\/p><p>Les routes migratoires demeurent dangereuses, avec un nombre croissant de naufrages et de drames en mer, illustrant la vuln\u00e9rabilit\u00e9 des migrants qui d\u00e9pendent de passeurs.<\/p><p><strong>R\u00e9ponses politiques europ\u00e9ennes et nationales<\/strong><\/p><p>Face \u00e0 ces arriv\u00e9es, les \u00c9tats membres de l\u2019UE affichent des positions contrast\u00e9es, entre volont\u00e9 d\u2019accueil et durcissement des contr\u00f4les. Les politiques migratoires oscillent entre coop\u00e9ration renforc\u00e9e avec les pays d\u2019origine et de transit, et externalisation des fronti\u00e8res avec des accords controvers\u00e9s.<\/p><p>La question de la r\u00e9partition des demandeurs d\u2019asile au sein de l\u2019Union reste une source de tensions, certains pays invoquant des motifs s\u00e9curitaires, sociaux ou \u00e9conomiques pour limiter leur quota.<\/p><p><strong>Enjeux humanitaires cruciaux<\/strong><\/p><p>Les organisations humanitaires soulignent les conditions souvent d\u00e9plorables d\u2019accueil, les difficult\u00e9s d\u2019acc\u00e8s aux soins, \u00e0 l\u2019h\u00e9bergement et \u00e0 la protection juridique. Les retours forc\u00e9s et la mise en d\u00e9tention administrative suscitent des critiques internationales, notamment de la part des ONG et des institutions europ\u00e9ennes d\u00e9di\u00e9es aux droits humains.<\/p><p>Un travail d\u2019am\u00e9lioration des proc\u00e9dures d\u2019asile, avec une acc\u00e9l\u00e9ration des d\u00e9cisions et une dignit\u00e9 respect\u00e9e, est r\u00e9guli\u00e8rement demand\u00e9.<\/p><p><strong>S\u00e9curit\u00e9 et int\u00e9gration<\/strong><\/p><p>L\u2019un des d\u00e9fis majeurs reste la s\u00e9curit\u00e9 int\u00e9rieure, face \u00e0 des ph\u00e9nom\u00e8nes de radicalisation li\u00e9s \u00e0 des conditions sociales pr\u00e9caires. L\u2019int\u00e9gration des migrants, sur les plans culturel, \u00e9conomique et social, est souvent per\u00e7ue comme un facteur clef de pr\u00e9vention des tensions.<\/p><p>Les politiques publiques d\u2019inclusion, la formation professionnelle et les programmes d\u2019\u00e9ducation civique prennent une place centrale.<\/p><p><strong>Coop\u00e9rations internationales et r\u00e9gionales<\/strong><\/p><p>La coop\u00e9ration avec les pays d\u2019origine et de transit est renforc\u00e9e pour agir en amont des flux migratoires. L\u2019Union europ\u00e9enne d\u00e9veloppe des programmes d\u2019aide au d\u00e9veloppement, de s\u00e9curit\u00e9 et de gouvernance visant \u00e0 r\u00e9duire les causes profondes de la migration.<\/p><figure class=\"wp-block-image size-large\"><img fetchpriority=\"high\" decoding=\"async\" width=\"1024\" height=\"512\" src=\"https:\/\/africanova.info\/wp-content\/uploads\/2025\/08\/crise-des-migrants-ce-que-l-europe-peut-faire-1024x512.jpg\" alt=\"\" class=\"wp-image-20745\" srcset=\"https:\/\/africanova.info\/wp-content\/uploads\/2025\/08\/crise-des-migrants-ce-que-l-europe-peut-faire-1024x512.jpg 1024w, https:\/\/africanova.info\/wp-content\/uploads\/2025\/08\/crise-des-migrants-ce-que-l-europe-peut-faire-300x150.jpg 300w, https:\/\/africanova.info\/wp-content\/uploads\/2025\/08\/crise-des-migrants-ce-que-l-europe-peut-faire-768x384.jpg 768w, https:\/\/africanova.info\/wp-content\/uploads\/2025\/08\/crise-des-migrants-ce-que-l-europe-peut-faire-1536x768.jpg 1536w, https:\/\/africanova.info\/wp-content\/uploads\/2025\/08\/crise-des-migrants-ce-que-l-europe-peut-faire-1920x960.jpg 1920w, https:\/\/africanova.info\/wp-content\/uploads\/2025\/08\/crise-des-migrants-ce-que-l-europe-peut-faire-1170x585.jpg 1170w, https:\/\/africanova.info\/wp-content\/uploads\/2025\/08\/crise-des-migrants-ce-que-l-europe-peut-faire-585x293.jpg 585w, https:\/\/africanova.info\/wp-content\/uploads\/2025\/08\/crise-des-migrants-ce-que-l-europe-peut-faire-1320x660.jpg 1320w, https:\/\/africanova.info\/wp-content\/uploads\/2025\/08\/crise-des-migrants-ce-que-l-europe-peut-faire-600x300.jpg 600w, https:\/\/africanova.info\/wp-content\/uploads\/2025\/08\/crise-des-migrants-ce-que-l-europe-peut-faire.jpg 2000w\" sizes=\"(max-width: 1024px) 100vw, 1024px\" \/><\/figure><p>N\u00e9anmoins, ces partenariats restent fragiles face aux r\u00e9alit\u00e9s g\u00e9opolitiques et aux int\u00e9r\u00eats divergents des acteurs locaux.<\/p><p><strong>Perspectives d\u2019avenir<\/strong><\/p><p>La crise migratoire m\u00e9diterran\u00e9enne appelle \u00e0 une r\u00e9vision des approches, privil\u00e9giant l\u2019humanit\u00e9 et la responsabilit\u00e9 collective, tout en prenant en compte les contraintes politiques des nations europ\u00e9ennes.<\/p><p>Une meilleure coordination europ\u00e9enne, un partage \u00e9quitable des responsabilit\u00e9s, et une approche holistique des causes et effets de la migration sont n\u00e9cessaires pour b\u00e2tir des solutions durables.<\/p><p><strong>Conclusion implicite<\/strong><\/p><p>La crise migratoire m\u00e9diterran\u00e9enne en 2025 refl\u00e8te la complexit\u00e9 des d\u00e9fis li\u00e9s \u00e0 la mobilit\u00e9 humaine globale. Elle invite \u00e0 un effort renouvel\u00e9 d\u2019\u00e9quilibre entre s\u00e9curit\u00e9, droits fondamentaux et solidarit\u00e9, exigeant courage politique et engagement humanitaire.<\/p><p><\/p><div class=\"gsp_post_data\" data-post_type=\"post\" data-cat=\"actualites\" data-modified=\"120\" data-title=\"Crise migratoire m\u00e9diterran\u00e9enne : d\u00e9fis politiques, humanitaires et s\u00e9curitaires en Europe\" data-home=\"https:\/\/africanova.info\"><\/div>","protected":false},"excerpt":{"rendered":"<p>Depuis plusieurs ann\u00e9es, la crise migratoire en M\u00e9diterran\u00e9e repr\u00e9sente l\u2019un des dossiers humanitaires et politiques les plus complexes de l\u2019Union europ\u00e9enne. En 2025, la situation continue d\u2019\u00e9voluer sous l\u2019effet conjugu\u00e9&hellip;<\/p>\n","protected":false},"author":1,"featured_media":20746,"comment_status":"open","ping_status":"open","sticky":false,"template":"","format":"standard","meta":{"_bbp_topic_count":0,"_bbp_reply_count":0,"_bbp_total_topic_count":0,"_bbp_total_reply_count":0,"_bbp_voice_count":0,"_bbp_anonymous_reply_count":0,"_bbp_topic_count_hidden":0,"_bbp_reply_count_hidden":0,"_bbp_forum_subforum_count":0,"_lmt_disableupdate":"","_lmt_disable":"","_jetpack_memberships_contains_paid_content":false,"footnotes":""},"categories":[1],"tags":[],"class_list":["post-20743","post","type-post","status-publish","format-standard","has-post-thumbnail","hentry","category-actualites"],"jetpack_featured_media_url":"https:\/\/africanova.info\/wp-content\/uploads\/2025\/08\/999013-david-cameron-defendu-decision-mettre.jpg","jetpack_sharing_enabled":true,"_links":{"self":[{"href":"https:\/\/africanova.info\/index.php?rest_route=\/wp\/v2\/posts\/20743","targetHints":{"allow":["GET"]}}],"collection":[{"href":"https:\/\/africanova.info\/index.php?rest_route=\/wp\/v2\/posts"}],"about":[{"href":"https:\/\/africanova.info\/index.php?rest_route=\/wp\/v2\/types\/post"}],"author":[{"embeddable":true,"href":"https:\/\/africanova.info\/index.php?rest_route=\/wp\/v2\/users\/1"}],"replies":[{"embeddable":true,"href":"https:\/\/africanova.info\/index.php?rest_route=%2Fwp%2Fv2%2Fcomments&post=20743"}],"version-history":[{"count":1,"href":"https:\/\/africanova.info\/index.php?rest_route=\/wp\/v2\/posts\/20743\/revisions"}],"predecessor-version":[{"id":20747,"href":"https:\/\/africanova.info\/index.php?rest_route=\/wp\/v2\/posts\/20743\/revisions\/20747"}],"wp:featuredmedia":[{"embeddable":true,"href":"https:\/\/africanova.info\/index.php?rest_route=\/wp\/v2\/media\/20746"}],"wp:attachment":[{"href":"https:\/\/africanova.info\/index.php?rest_route=%2Fwp%2Fv2%2Fmedia&parent=20743"}],"wp:term":[{"taxonomy":"category","embeddable":true,"href":"https:\/\/africanova.info\/index.php?rest_route=%2Fwp%2Fv2%2Fcategories&post=20743"},{"taxonomy":"post_tag","embeddable":true,"href":"https:\/\/africanova.info\/index.php?rest_route=%2Fwp%2Fv2%2Ftags&post=20743"}],"curies":[{"name":"wp","href":"https:\/\/api.w.org\/{rel}","templated":true}]}}