
{"id":20671,"date":"2025-08-22T07:51:30","date_gmt":"2025-08-22T05:51:30","guid":{"rendered":"https:\/\/africanova.info\/?p=20671"},"modified":"2025-08-22T07:51:32","modified_gmt":"2025-08-22T05:51:32","slug":"la-mode-africaine-conquiert-paris-cles-du-succes-enjeux-economiques-et-influence-sur-le-luxe-mondial","status":"publish","type":"post","link":"https:\/\/africanova.info\/?p=20671","title":{"rendered":"La mode africaine conquiert Paris : cl\u00e9s du succ\u00e8s, enjeux \u00e9conomiques et influence sur le luxe mondial"},"content":{"rendered":"<p>Ces derni\u00e8res ann\u00e9es, la mode africaine est pass\u00e9e d\u2019un ph\u00e9nom\u00e8ne marginal \u00e0 une force incontournable dans le paysage global du luxe et de la cr\u00e9ativit\u00e9. Paris, capitale historique de la mode, est devenue un terrain d\u2019expansion o\u00f9 les cr\u00e9ateurs venus du continent imposent leur vision, fusionnant tradition, innovation et aspirations contemporaines. Ce succ\u00e8s est le r\u00e9sultat d\u2019un ensemble de facteurs \u00e9conomiques, sociaux et culturels qui red\u00e9finissent les r\u00e8gles du jeu dans une industrie mondialis\u00e9e.<\/p><p><strong>La mont\u00e9e des cr\u00e9ateurs africains \u00e0 Paris : une visibilit\u00e9 accrue<\/strong><\/p><p>Les d\u00e9fil\u00e9s, expositions et collaborations avec les grandes maisons t\u00e9moignent d\u2019une reconnaissance croissante. Des stylistes comme Imane Ayissi, Stella Jean, et d\u2019autres jeunes talents participent \u00e0 cette dynamique. Cette visibilit\u00e9 s\u2019appuie sur des bases solides : la richesse des textiles africains, la cr\u00e9ativit\u00e9 des artisans et une identit\u00e9 culturelle port\u00e9e avec fiert\u00e9.<\/p><p>L\u2019int\u00e9gration dans la haute couture ou le pr\u00eat-\u00e0-porter de luxe montre un int\u00e9r\u00eat marqu\u00e9 des consommateurs pour des esth\u00e9tiques nouvelles, authentiques et porteuses de sens.<\/p><p><strong>Enjeux \u00e9conomiques : un secteur en pleine croissance<\/strong><\/p><p>Le march\u00e9 de la mode africaine est en forte expansion, g\u00e9n\u00e9rant d\u2019importants revenus et cr\u00e9ant des emplois, notamment pour les artisans locaux. Ces retomb\u00e9es \u00e9conomiques concernent non seulement l\u2019Afrique, mais aussi l\u2019industrie de la mode dans les grandes m\u00e9tropoles, o\u00f9 la production se diversifie.<\/p><p>L\u2019ouverture de boutiques, l\u2019exportation des collections et le d\u00e9veloppement des plateformes de vente en ligne facilitent la conqu\u00eate de nouveaux publics.<\/p><p><strong>Fusion entre tradition et modernit\u00e9<\/strong><\/p><p>Les cr\u00e9ateurs jouent sur un \u00e9quilibre subtil entre revendication identitaire et adaptation aux codes internationaux. L\u2019utilisation de tissus traditionnels (wax, kente) est associ\u00e9e \u00e0 des coupes contemporaines, permettant de toucher un public large tout en pr\u00e9servant l\u2019authenticit\u00e9.<\/p><p>Cette tol\u00e9rance \u00e0 la diversit\u00e9 contribue \u00e0 faire \u00e9voluer les standards de la mode, int\u00e9grant des r\u00e9cits qui \u00e9largissent les horizons culturels.<\/p><figure class=\"wp-block-image size-full\"><img fetchpriority=\"high\" decoding=\"async\" width=\"1000\" height=\"667\" src=\"https:\/\/africanova.info\/wp-content\/uploads\/2025\/08\/1746698455_african-fashion-international-afrique-du-sud_2.webp\" alt=\"\" class=\"wp-image-20672\" srcset=\"https:\/\/africanova.info\/wp-content\/uploads\/2025\/08\/1746698455_african-fashion-international-afrique-du-sud_2.webp 1000w, https:\/\/africanova.info\/wp-content\/uploads\/2025\/08\/1746698455_african-fashion-international-afrique-du-sud_2-300x200.webp 300w, https:\/\/africanova.info\/wp-content\/uploads\/2025\/08\/1746698455_african-fashion-international-afrique-du-sud_2-768x512.webp 768w, https:\/\/africanova.info\/wp-content\/uploads\/2025\/08\/1746698455_african-fashion-international-afrique-du-sud_2-585x390.webp 585w, https:\/\/africanova.info\/wp-content\/uploads\/2025\/08\/1746698455_african-fashion-international-afrique-du-sud_2-263x175.webp 263w, https:\/\/africanova.info\/wp-content\/uploads\/2025\/08\/1746698455_african-fashion-international-afrique-du-sud_2-600x400.webp 600w\" sizes=\"(max-width: 1000px) 100vw, 1000px\" \/><\/figure><p><strong>D\u00e9fis et obstacles<\/strong><\/p><p>Malgr\u00e9 le succ\u00e8s, plusieurs d\u00e9fis subsistent : difficult\u00e9s d\u2019acc\u00e8s au financement, concurrence accrue, questions de propri\u00e9t\u00e9 intellectuelle et valorisation \u00e9thique des savoir-faire artisanaux. La n\u00e9cessit\u00e9 d\u2019une meilleure structuration du secteur et d\u2019une plus grande protection des cr\u00e9ateurs est apparente.<\/p><p><strong>Impact culturel et soci\u00e9tal<\/strong><\/p><p>Au-del\u00e0 du march\u00e9, l\u2019essor de la mode africaine est un vecteur puissant d\u2019affirmation culturelle et politique. Il participe \u00e0 d\u00e9construire les st\u00e9r\u00e9otypes, valoriser la cr\u00e9ativit\u00e9 africaine et encourager une lecture plus inclusive de la mondialisation culturelle.<\/p><p><strong>Conclusion implicite<\/strong><\/p><p>La conqu\u00eate de Paris par la mode africaine est un ph\u00e9nom\u00e8ne soci\u00e9tal et \u00e9conomique aux multiples ramifications. Cette dynamique ouvre la voie \u00e0 une red\u00e9finition des pouvoirs dans la mode mondiale, o\u00f9 diversit\u00e9 et innovation s\u2019entrem\u00ealent dans un flux cr\u00e9atif porteur de changement.<\/p><p><\/p><div class=\"gsp_post_data\" data-post_type=\"post\" data-cat=\"mode-et-tendances\" data-modified=\"120\" data-title=\"La mode africaine conquiert Paris : cl\u00e9s du succ\u00e8s, enjeux \u00e9conomiques et influence sur le luxe mondial\" data-home=\"https:\/\/africanova.info\"><\/div>","protected":false},"excerpt":{"rendered":"<p>Ces derni\u00e8res ann\u00e9es, la mode africaine est pass\u00e9e d\u2019un ph\u00e9nom\u00e8ne marginal \u00e0 une force incontournable dans le paysage global du luxe et de la cr\u00e9ativit\u00e9. Paris, capitale historique de la&hellip;<\/p>\n","protected":false},"author":1,"featured_media":20673,"comment_status":"open","ping_status":"open","sticky":false,"template":"","format":"standard","meta":{"_bbp_topic_count":0,"_bbp_reply_count":0,"_bbp_total_topic_count":0,"_bbp_total_reply_count":0,"_bbp_voice_count":0,"_bbp_anonymous_reply_count":0,"_bbp_topic_count_hidden":0,"_bbp_reply_count_hidden":0,"_bbp_forum_subforum_count":0,"_lmt_disableupdate":"","_lmt_disable":"","_jetpack_memberships_contains_paid_content":false,"footnotes":""},"categories":[280],"tags":[],"class_list":["post-20671","post","type-post","status-publish","format-standard","has-post-thumbnail","hentry","category-mode-et-tendances"],"jetpack_featured_media_url":"https:\/\/africanova.info\/wp-content\/uploads\/2025\/08\/tendance-1024x768-1.webp","jetpack_sharing_enabled":true,"_links":{"self":[{"href":"https:\/\/africanova.info\/index.php?rest_route=\/wp\/v2\/posts\/20671","targetHints":{"allow":["GET"]}}],"collection":[{"href":"https:\/\/africanova.info\/index.php?rest_route=\/wp\/v2\/posts"}],"about":[{"href":"https:\/\/africanova.info\/index.php?rest_route=\/wp\/v2\/types\/post"}],"author":[{"embeddable":true,"href":"https:\/\/africanova.info\/index.php?rest_route=\/wp\/v2\/users\/1"}],"replies":[{"embeddable":true,"href":"https:\/\/africanova.info\/index.php?rest_route=%2Fwp%2Fv2%2Fcomments&post=20671"}],"version-history":[{"count":1,"href":"https:\/\/africanova.info\/index.php?rest_route=\/wp\/v2\/posts\/20671\/revisions"}],"predecessor-version":[{"id":20674,"href":"https:\/\/africanova.info\/index.php?rest_route=\/wp\/v2\/posts\/20671\/revisions\/20674"}],"wp:featuredmedia":[{"embeddable":true,"href":"https:\/\/africanova.info\/index.php?rest_route=\/wp\/v2\/media\/20673"}],"wp:attachment":[{"href":"https:\/\/africanova.info\/index.php?rest_route=%2Fwp%2Fv2%2Fmedia&parent=20671"}],"wp:term":[{"taxonomy":"category","embeddable":true,"href":"https:\/\/africanova.info\/index.php?rest_route=%2Fwp%2Fv2%2Fcategories&post=20671"},{"taxonomy":"post_tag","embeddable":true,"href":"https:\/\/africanova.info\/index.php?rest_route=%2Fwp%2Fv2%2Ftags&post=20671"}],"curies":[{"name":"wp","href":"https:\/\/api.w.org\/{rel}","templated":true}]}}