
{"id":20620,"date":"2025-08-21T10:22:31","date_gmt":"2025-08-21T08:22:31","guid":{"rendered":"https:\/\/africanova.info\/?p=20620"},"modified":"2025-08-21T10:22:33","modified_gmt":"2025-08-21T08:22:33","slug":"manifestations-en-hausse-aux-etats-unis-contre-le-deploiement-de-la-garde-nationale-a-washington","status":"publish","type":"post","link":"https:\/\/africanova.info\/?p=20620","title":{"rendered":"Manifestations en hausse aux \u00c9tats-Unis contre le d\u00e9ploiement de la garde nationale \u00e0 Washington"},"content":{"rendered":"<p>Les \u00c9tats-Unis connaissent une intensification des manifestations \u00e0 Washington, capitale f\u00e9d\u00e9rale, en r\u00e9action au r\u00e9cent d\u00e9ploiement massif de la garde nationale ordonn\u00e9 par les autorit\u00e9s. Ce d\u00e9ploiement, justifi\u00e9 par des craintes de troubles sociaux et de violences potentielles, suscite une forte opposition parmi les militants des droits civiques, les organisations communautaires et une partie de l\u2019opinion publique.<\/p><p><strong>Contexte des manifestations<\/strong><\/p><p>Les rassemblements, qui ont d\u00e9but\u00e9 de mani\u00e8re sporadique, ont gagn\u00e9 en ampleur ces derni\u00e8res semaines, avec des cort\u00e8ges revendiquant la fin de ce d\u00e9ploiement jug\u00e9 excessif et la d\u00e9fense des libert\u00e9s civiles. Les manifestants d\u00e9noncent une militarisation de l\u2019espace urbain et une r\u00e9pression disproportionn\u00e9e des mouvements sociaux.<\/p><p>Les revendications touchent aussi des probl\u00e9matiques \u00e9largies telles que la r\u00e9forme polici\u00e8re, la justice sociale et les droits des minorit\u00e9s.<\/p><p><strong>R\u00e9action des autorit\u00e9s<\/strong><\/p><p>Le gouvernement f\u00e9d\u00e9ral et les autorit\u00e9s locales d\u00e9fendent le recours \u00e0 la garde nationale comme une mesure de pr\u00e9vention face \u00e0 des menaces cr\u00e9dibles. Des discours appellent au calme tout en affirmant leur volont\u00e9 de maintenir l\u2019ordre et la s\u00e9curit\u00e9.<\/p><p>Cependant, des questions surgissent sur la dur\u00e9e et la proportionnalit\u00e9 de cette pr\u00e9sence militaire dans la capitale.<\/p><p><strong>Tensions et incidents<\/strong><\/p><p>Les manifestations ont \u00e9t\u00e9 marqu\u00e9es par des affrontements ponctuels entre forces de l\u2019ordre et protestataires, avec des interpellations et des condamnations \u00e0 des peines diverses. La situation demeure tendue, avec des risques de radicalisation de certains groupes.<\/p><figure class=\"wp-block-image size-large\"><img fetchpriority=\"high\" decoding=\"async\" width=\"1024\" height=\"682\" src=\"https:\/\/africanova.info\/wp-content\/uploads\/2025\/08\/cd09203fd93a6f1056297aff6484fbefec310698a34681a2caadaba0fe717f83-1024x682.jpg\" alt=\"\" class=\"wp-image-20621\" srcset=\"https:\/\/africanova.info\/wp-content\/uploads\/2025\/08\/cd09203fd93a6f1056297aff6484fbefec310698a34681a2caadaba0fe717f83-1024x682.jpg 1024w, https:\/\/africanova.info\/wp-content\/uploads\/2025\/08\/cd09203fd93a6f1056297aff6484fbefec310698a34681a2caadaba0fe717f83-300x200.jpg 300w, https:\/\/africanova.info\/wp-content\/uploads\/2025\/08\/cd09203fd93a6f1056297aff6484fbefec310698a34681a2caadaba0fe717f83-768x512.jpg 768w, https:\/\/africanova.info\/wp-content\/uploads\/2025\/08\/cd09203fd93a6f1056297aff6484fbefec310698a34681a2caadaba0fe717f83-1170x780.jpg 1170w, https:\/\/africanova.info\/wp-content\/uploads\/2025\/08\/cd09203fd93a6f1056297aff6484fbefec310698a34681a2caadaba0fe717f83-585x390.jpg 585w, https:\/\/africanova.info\/wp-content\/uploads\/2025\/08\/cd09203fd93a6f1056297aff6484fbefec310698a34681a2caadaba0fe717f83-263x175.jpg 263w, https:\/\/africanova.info\/wp-content\/uploads\/2025\/08\/cd09203fd93a6f1056297aff6484fbefec310698a34681a2caadaba0fe717f83-1320x880.jpg 1320w, https:\/\/africanova.info\/wp-content\/uploads\/2025\/08\/cd09203fd93a6f1056297aff6484fbefec310698a34681a2caadaba0fe717f83-600x400.jpg 600w, https:\/\/africanova.info\/wp-content\/uploads\/2025\/08\/cd09203fd93a6f1056297aff6484fbefec310698a34681a2caadaba0fe717f83.jpg 1400w\" sizes=\"(max-width: 1024px) 100vw, 1024px\" \/><figcaption class=\"wp-element-caption\">Activists carry signs during a protest against President Donald Trump&rsquo;s federal takeover of policing of the District of Columbia, Saturday, Aug. 16, 2025, in Washington. (AP Photo\/Alex Brandon)<\/figcaption><\/figure><p>Les m\u00e9dias nationaux et internationaux suivent de pr\u00e8s ces \u00e9v\u00e9nements, qui ravivent les d\u00e9bats sur l\u2019\u00e9quilibre entre s\u00e9curit\u00e9 et libert\u00e9s aux \u00c9tats-Unis.<\/p><p><strong>Enjeux d\u00e9mocratiques et sociaux<\/strong><\/p><p>Ce mouvement de protestation refl\u00e8te un climat social tendu, marqu\u00e9 par des fractures politiques profondes. Il interroge sur la mani\u00e8re dont les autorit\u00e9s g\u00e8rent la contestation populaire et l\u2019expression d\u00e9mocratique, particuli\u00e8rement dans un contexte de post-pand\u00e9mie et de bouleversements \u00e9conomiques.<\/p><p>Les acteurs civiques appellent \u00e0 un dialogue ouvert et \u00e0 des r\u00e9formes structurelles pour apaiser les tensions.<\/p><p><strong>Perspectives<\/strong><\/p><p>La fin du d\u00e9ploiement de la garde nationale est attendue comme une \u00e9tape cl\u00e9 pour le retour \u00e0 une vie citoyenne normale, mais la r\u00e9solution durable des revendications sociales n\u00e9cessitera des r\u00e9ponses politiques adapt\u00e9es et inclusives.<\/p><p>La situation \u00e0 Washington reste un barom\u00e8tre important de la sant\u00e9 d\u00e9mocratique am\u00e9ricaine.<\/p><hr class=\"wp-block-separator has-alpha-channel-opacity\"\/><p><\/p><div class=\"gsp_post_data\" data-post_type=\"post\" data-cat=\"actualites\" data-modified=\"120\" data-title=\"Manifestations en hausse aux \u00c9tats-Unis contre le d\u00e9ploiement de la garde nationale \u00e0 Washington\" data-home=\"https:\/\/africanova.info\"><\/div>","protected":false},"excerpt":{"rendered":"<p>Les \u00c9tats-Unis connaissent une intensification des manifestations \u00e0 Washington, capitale f\u00e9d\u00e9rale, en r\u00e9action au r\u00e9cent d\u00e9ploiement massif de la garde nationale ordonn\u00e9 par les autorit\u00e9s. Ce d\u00e9ploiement, justifi\u00e9 par des&hellip;<\/p>\n","protected":false},"author":1,"featured_media":20622,"comment_status":"open","ping_status":"open","sticky":false,"template":"","format":"standard","meta":{"_bbp_topic_count":0,"_bbp_reply_count":0,"_bbp_total_topic_count":0,"_bbp_total_reply_count":0,"_bbp_voice_count":0,"_bbp_anonymous_reply_count":0,"_bbp_topic_count_hidden":0,"_bbp_reply_count_hidden":0,"_bbp_forum_subforum_count":0,"_lmt_disableupdate":"","_lmt_disable":"","_jetpack_memberships_contains_paid_content":false,"footnotes":""},"categories":[1],"tags":[],"class_list":["post-20620","post","type-post","status-publish","format-standard","has-post-thumbnail","hentry","category-actualites"],"jetpack_featured_media_url":"https:\/\/africanova.info\/wp-content\/uploads\/2025\/08\/1200x675_cmsv2_523eef71-be53-5524-bdc4-5ccbcdf6bac9-9421276.webp","jetpack_sharing_enabled":true,"_links":{"self":[{"href":"https:\/\/africanova.info\/index.php?rest_route=\/wp\/v2\/posts\/20620","targetHints":{"allow":["GET"]}}],"collection":[{"href":"https:\/\/africanova.info\/index.php?rest_route=\/wp\/v2\/posts"}],"about":[{"href":"https:\/\/africanova.info\/index.php?rest_route=\/wp\/v2\/types\/post"}],"author":[{"embeddable":true,"href":"https:\/\/africanova.info\/index.php?rest_route=\/wp\/v2\/users\/1"}],"replies":[{"embeddable":true,"href":"https:\/\/africanova.info\/index.php?rest_route=%2Fwp%2Fv2%2Fcomments&post=20620"}],"version-history":[{"count":1,"href":"https:\/\/africanova.info\/index.php?rest_route=\/wp\/v2\/posts\/20620\/revisions"}],"predecessor-version":[{"id":20623,"href":"https:\/\/africanova.info\/index.php?rest_route=\/wp\/v2\/posts\/20620\/revisions\/20623"}],"wp:featuredmedia":[{"embeddable":true,"href":"https:\/\/africanova.info\/index.php?rest_route=\/wp\/v2\/media\/20622"}],"wp:attachment":[{"href":"https:\/\/africanova.info\/index.php?rest_route=%2Fwp%2Fv2%2Fmedia&parent=20620"}],"wp:term":[{"taxonomy":"category","embeddable":true,"href":"https:\/\/africanova.info\/index.php?rest_route=%2Fwp%2Fv2%2Fcategories&post=20620"},{"taxonomy":"post_tag","embeddable":true,"href":"https:\/\/africanova.info\/index.php?rest_route=%2Fwp%2Fv2%2Ftags&post=20620"}],"curies":[{"name":"wp","href":"https:\/\/api.w.org\/{rel}","templated":true}]}}