
{"id":20324,"date":"2025-08-20T09:10:48","date_gmt":"2025-08-20T07:10:48","guid":{"rendered":"https:\/\/africanova.info\/?p=20324"},"modified":"2025-08-20T09:10:51","modified_gmt":"2025-08-20T07:10:51","slug":"nouvelle-escalade-de-la-crise-politique-apres-la-suspension-des-negociations-avec-la-coalition-rebelle","status":"publish","type":"post","link":"https:\/\/africanova.info\/?p=20324","title":{"rendered":"Nouvelle escalade de la crise politique apr\u00e8s la suspension des n\u00e9gociations avec la coalition rebelle"},"content":{"rendered":"<p>La situation politique au Mali s\u2019est profond\u00e9ment aggrav\u00e9e au cours des derni\u00e8res 24 heures avec la suspension brutale des n\u00e9gociations entre le gouvernement malien et la coalition rebelle active dans le centre et le nord du pays. Cette rupture intervient alors que la communaut\u00e9 internationale esp\u00e9rait qu\u2019un compromis permettrait de mettre fin \u00e0 des ann\u00e9es de conflit meurtrier, entre violences arm\u00e9es, ins\u00e9curit\u00e9 chronique et fragmentation politique.<\/p><p>Depuis plusieurs mois, des pourparlers avaient \u00e9t\u00e9 entam\u00e9s sous m\u00e9diation de l\u2019Union africaine et des Nations unies afin d\u2019instaurer un cessez-le-feu durable et de poser les bases d\u2019un accord politique plus global. Mais les r\u00e9cents \u00e9changes ont tourn\u00e9 court \u00e0 cause d\u2019accusations mutuelles de non-respect des engagements. Le gouvernement malien reproche \u00e0 la coalition un retard dans la d\u00e9mobilisation des combattants et le maintien de positions militaires strat\u00e9giques, tandis que les rebelles d\u00e9noncent un manque de transparence et la persistance d\u2019actions militaires contre leurs bases.<\/p><p>Cette d\u00e9confiture des n\u00e9gociations est particuli\u00e8rement pr\u00e9occupante dans un contexte o\u00f9 les attaques arm\u00e9es se multiplient, non seulement contre les forces gouvernementales mais aussi r\u00e9guli\u00e8rement contre les populations civiles. Au cours du dernier week-end, plusieurs villages ont \u00e9t\u00e9 la cible de raids terroristes, provoquant des d\u00e9placements massifs et accentuant la crise humanitaire. Le Programme alimentaire mondial souligne que plus de 2 millions de personnes dans la r\u00e9gion vivent dans une ins\u00e9curit\u00e9 alimentaire aigu\u00eb due aux combats et aux restrictions de d\u00e9placement.<\/p><p>Sur le plan r\u00e9gional, la d\u00e9t\u00e9rioration au Mali inqui\u00e8te les \u00c9tats voisins du Sahel, notamment le Burkina Faso, le Niger et la Mauritanie, qui redoutent que l\u2019instabilit\u00e9 n\u2019entra\u00eene une contagion s\u00e9curitaire. L\u2019Organisation internationale de la Francophonie et la Communaut\u00e9 \u00e9conomique des \u00c9tats de l\u2019Afrique de l\u2019Ouest (CEDEAO) ont exprim\u00e9 leur ferme volont\u00e9 d\u2019accompagner un nouveau processus de paix, mais insistent sur la n\u00e9cessit\u00e9 d\u2019un engagement concret de toutes les parties.<\/p><p>Par ailleurs, l\u2019implication des forces internationales, en particulier la Mission multidimensionnelle int\u00e9gr\u00e9e des Nations unies pour la stabilisation au Mali (MINUSMA) et la force Barkhane de la France, reste au centre du d\u00e9bat politique national. Certains acteurs locaux critiquent ce qu\u2019ils per\u00e7oivent comme une ing\u00e9rence \u00e9trang\u00e8re, alors que d\u2019autres saluent le r\u00f4le vital de ces forces pour contenir les groupes jihadistes qui tirent profit du chaos.<\/p><figure class=\"wp-block-image size-full is-resized\"><img fetchpriority=\"high\" decoding=\"async\" width=\"640\" height=\"360\" src=\"https:\/\/africanova.info\/wp-content\/uploads\/2025\/08\/Les-combattants-rebelles-de-lex-coalition-seleka-en-2013.jpg\" alt=\"\" class=\"wp-image-20325\" style=\"width:780px;height:auto\" srcset=\"https:\/\/africanova.info\/wp-content\/uploads\/2025\/08\/Les-combattants-rebelles-de-lex-coalition-seleka-en-2013.jpg 640w, https:\/\/africanova.info\/wp-content\/uploads\/2025\/08\/Les-combattants-rebelles-de-lex-coalition-seleka-en-2013-300x169.jpg 300w, https:\/\/africanova.info\/wp-content\/uploads\/2025\/08\/Les-combattants-rebelles-de-lex-coalition-seleka-en-2013-585x329.jpg 585w, https:\/\/africanova.info\/wp-content\/uploads\/2025\/08\/Les-combattants-rebelles-de-lex-coalition-seleka-en-2013-600x338.jpg 600w\" sizes=\"(max-width: 640px) 100vw, 640px\" \/><\/figure><p>En perspective, la reprise du dialogue semble incertaine, et les experts craignent que la crise politique malienne ne s\u2019enlise durablement, avec un risque accru de fracture entre les diff\u00e9rentes r\u00e9gions du pays. Cette instabilit\u00e9 a des r\u00e9percussions directes sur le d\u00e9veloppement \u00e9conomique, la r\u00e9conciliation nationale et la s\u00e9curit\u00e9 r\u00e9gionale. Pour les populations maliennes, l\u2019espoir demeure que la paix revienne, mais cela n\u00e9cessite une v\u00e9ritable volont\u00e9 politique et des compromis difficiles.<\/p><p>En conclusion, la suspension des n\u00e9gociations entre le gouvernement malien et la coalition rebelle marque une \u00e9tape critique dans la crise en cours. L\u2019issue de ce conflit conditionnera non seulement l\u2019avenir du Mali mais aussi la stabilit\u00e9 du Sahel tout entier. C\u2019est un moment d\u00e9cisif pour la diplomatie africaine et les partenaires internationaux de renforcer leur engagement pour un retour rapide \u00e0 la table des discussions.<\/p><p><\/p><div class=\"gsp_post_data\" data-post_type=\"post\" data-cat=\"politique\" data-modified=\"120\" data-title=\"Nouvelle escalade de la crise politique apr\u00e8s la suspension des n\u00e9gociations avec la coalition rebelle\" data-home=\"https:\/\/africanova.info\"><\/div>","protected":false},"excerpt":{"rendered":"<p>La situation politique au Mali s\u2019est profond\u00e9ment aggrav\u00e9e au cours des derni\u00e8res 24 heures avec la suspension brutale des n\u00e9gociations entre le gouvernement malien et la coalition rebelle active dans&hellip;<\/p>\n","protected":false},"author":1,"featured_media":20326,"comment_status":"open","ping_status":"open","sticky":false,"template":"","format":"standard","meta":{"_bbp_topic_count":0,"_bbp_reply_count":0,"_bbp_total_topic_count":0,"_bbp_total_reply_count":0,"_bbp_voice_count":0,"_bbp_anonymous_reply_count":0,"_bbp_topic_count_hidden":0,"_bbp_reply_count_hidden":0,"_bbp_forum_subforum_count":0,"_lmt_disableupdate":"","_lmt_disable":"","_jetpack_memberships_contains_paid_content":false,"footnotes":""},"categories":[7],"tags":[],"class_list":["post-20324","post","type-post","status-publish","format-standard","has-post-thumbnail","hentry","category-politique"],"jetpack_featured_media_url":"https:\/\/africanova.info\/wp-content\/uploads\/2025\/08\/Hero-image_AU_Priorities.jpg","jetpack_sharing_enabled":true,"_links":{"self":[{"href":"https:\/\/africanova.info\/index.php?rest_route=\/wp\/v2\/posts\/20324","targetHints":{"allow":["GET"]}}],"collection":[{"href":"https:\/\/africanova.info\/index.php?rest_route=\/wp\/v2\/posts"}],"about":[{"href":"https:\/\/africanova.info\/index.php?rest_route=\/wp\/v2\/types\/post"}],"author":[{"embeddable":true,"href":"https:\/\/africanova.info\/index.php?rest_route=\/wp\/v2\/users\/1"}],"replies":[{"embeddable":true,"href":"https:\/\/africanova.info\/index.php?rest_route=%2Fwp%2Fv2%2Fcomments&post=20324"}],"version-history":[{"count":1,"href":"https:\/\/africanova.info\/index.php?rest_route=\/wp\/v2\/posts\/20324\/revisions"}],"predecessor-version":[{"id":20327,"href":"https:\/\/africanova.info\/index.php?rest_route=\/wp\/v2\/posts\/20324\/revisions\/20327"}],"wp:featuredmedia":[{"embeddable":true,"href":"https:\/\/africanova.info\/index.php?rest_route=\/wp\/v2\/media\/20326"}],"wp:attachment":[{"href":"https:\/\/africanova.info\/index.php?rest_route=%2Fwp%2Fv2%2Fmedia&parent=20324"}],"wp:term":[{"taxonomy":"category","embeddable":true,"href":"https:\/\/africanova.info\/index.php?rest_route=%2Fwp%2Fv2%2Fcategories&post=20324"},{"taxonomy":"post_tag","embeddable":true,"href":"https:\/\/africanova.info\/index.php?rest_route=%2Fwp%2Fv2%2Ftags&post=20324"}],"curies":[{"name":"wp","href":"https:\/\/api.w.org\/{rel}","templated":true}]}}