
{"id":20320,"date":"2025-08-19T11:45:20","date_gmt":"2025-08-19T09:45:20","guid":{"rendered":"https:\/\/africanova.info\/?p=20320"},"modified":"2025-08-19T11:46:18","modified_gmt":"2025-08-19T09:46:18","slug":"guerre-en-ukraine-et-crise-a-gaza-mobilisation-internationale-pour-un-cessez-le-feu-et-laide-durgence","status":"publish","type":"post","link":"https:\/\/africanova.info\/?p=20320","title":{"rendered":"Guerre en Ukraine et crise \u00e0 Gaza \u2013 mobilisation internationale pour un cessez-le-feu et l\u2019aide d\u2019urgence"},"content":{"rendered":"<p>Les conflits simultan\u00e9s en Ukraine et dans la bande de Gaza exacerbent une situation humanitaire internationale d\u2019une gravit\u00e9 in\u00e9dite, mobilisant la communaut\u00e9 mondiale dans des efforts intensifs pour soutenir les populations civiles affect\u00e9es et appeler \u00e0 un cessez-le-feu durable.<\/p><p><strong>Une double crise aux proportions dramatiques<\/strong><\/p><p>En Ukraine, la guerre entre forces gouvernementales et forces russes entre dans sa cinqui\u00e8me ann\u00e9e, avec des combats continuels dans plusieurs r\u00e9gions et des millions de personnes d\u00e9plac\u00e9es. La d\u00e9vastation des infrastructures impacte s\u00e9v\u00e8rement l\u2019acc\u00e8s aux services essentiels : eau, \u00e9lectricit\u00e9, sant\u00e9, \u00e9ducation.<\/p><p>\u00c0 Gaza, les combats entre Isra\u00ebl et les groupes arm\u00e9s palestiniens ont r\u00e9cemment repris avec une intensit\u00e9 dramatique, engendrant un nombre croissant de victimes civiles, une destruction massive des infrastructures, et des besoins humanitaires urgents.<\/p><p><strong>Efforts internationaux coordonn\u00e9s<\/strong><\/p><p>Face \u00e0 cette double urgence, les agences humanitaires telles que l\u2019ONU, la Croix-Rouge, et divers partenaires ONG ont intensifi\u00e9 leurs interventions, mobilisant ressources financi\u00e8res, logistiques et humaines pour r\u00e9pondre aux besoins en nourriture, abris, soins m\u00e9dicaux et protection.<\/p><p>Des coalitions de pays, r\u00e9unies en forums multilat\u00e9raux, appellent \u00e0 un cessez-le-feu imm\u00e9diat, soulignant la n\u00e9cessit\u00e9 de relancer un dialogue politique pour mettre fin aux violences. Les appels sont renforc\u00e9s par les cons\u00e9quences mondiales des conflits : instabilit\u00e9 des march\u00e9s alimentaires, crise \u00e9nerg\u00e9tique, et exacerbation des tensions g\u00e9opolitiques.<\/p><p><strong>D\u00e9fis majeurs dans les zones de conflit<\/strong><\/p><p>Les op\u00e9rations d\u2019aide font face \u00e0 des obstacles consid\u00e9rables, li\u00e9s \u00e0 la s\u00e9curit\u00e9, aux restrictions d\u2019acc\u00e8s, et \u00e0 la destruction des infrastructures de communication et transport. Le personnel humanitaire est expos\u00e9 \u00e0 des risques, dans un environnement instable o\u00f9 le respect du droit international humanitaire est parfois bafou\u00e9.<\/p><figure class=\"wp-block-image size-full\"><img fetchpriority=\"high\" decoding=\"async\" width=\"836\" height=\"557\" src=\"https:\/\/africanova.info\/wp-content\/uploads\/2025\/08\/1945919.webp\" alt=\"\" class=\"wp-image-20322\" srcset=\"https:\/\/africanova.info\/wp-content\/uploads\/2025\/08\/1945919.webp 836w, https:\/\/africanova.info\/wp-content\/uploads\/2025\/08\/1945919-300x200.webp 300w, https:\/\/africanova.info\/wp-content\/uploads\/2025\/08\/1945919-768x512.webp 768w, https:\/\/africanova.info\/wp-content\/uploads\/2025\/08\/1945919-585x390.webp 585w, https:\/\/africanova.info\/wp-content\/uploads\/2025\/08\/1945919-263x175.webp 263w, https:\/\/africanova.info\/wp-content\/uploads\/2025\/08\/1945919-600x400.webp 600w\" sizes=\"(max-width: 836px) 100vw, 836px\" \/><\/figure><p>Les r\u00e9fugi\u00e9s et d\u00e9plac\u00e9s souffrent de conditions de vie pr\u00e9caires, souvent dans des camps surpeupl\u00e9s, avec un acc\u00e8s limit\u00e9 \u00e0 l\u2019eau potable et aux soins.<\/p><p><strong>L\u2019urgence d\u2019une solution politique<\/strong><\/p><p>La communaut\u00e9 internationale insiste sur le fait que l\u2019aide seule ne suffira pas \u00e0 r\u00e9soudre ces crises. La paix durable n\u00e9cessite une r\u00e9solution politique, un engagement des parties au conflit et un r\u00f4le accru des institutions internationales pour soutenir les n\u00e9gociations.<\/p><p>Les r\u00e9percussions politiques sont multiples, allant de la stabilit\u00e9 r\u00e9gionale au repositionnement des alliances globales.<\/p><p><strong>Conclusion<\/strong><\/p><p>La guerre en Ukraine et la crise \u00e0 Gaza illustrent la complexit\u00e9 et l\u2019interconnexion des conflits mondiaux. Africanova s\u2019engage \u00e0 fournir une couverture approfondie pour \u00e9clairer ses lecteurs sur les d\u00e9veloppements humanitaires et politiques majeurs \u00e0 l\u2019\u00e9chelle internationale.<\/p><p><\/p><div class=\"gsp_post_data\" data-post_type=\"post\" data-cat=\"actualites\" data-modified=\"120\" data-title=\"Guerre en Ukraine et crise \u00e0 Gaza \u2013 mobilisation internationale pour un cessez-le-feu et l\u2019aide d\u2019urgence\" data-home=\"https:\/\/africanova.info\"><\/div>","protected":false},"excerpt":{"rendered":"<p>Les conflits simultan\u00e9s en Ukraine et dans la bande de Gaza exacerbent une situation humanitaire internationale d\u2019une gravit\u00e9 in\u00e9dite, mobilisant la communaut\u00e9 mondiale dans des efforts intensifs pour soutenir les&hellip;<\/p>\n","protected":false},"author":1,"featured_media":20321,"comment_status":"open","ping_status":"open","sticky":false,"template":"","format":"standard","meta":{"_bbp_topic_count":0,"_bbp_reply_count":0,"_bbp_total_topic_count":0,"_bbp_total_reply_count":0,"_bbp_voice_count":0,"_bbp_anonymous_reply_count":0,"_bbp_topic_count_hidden":0,"_bbp_reply_count_hidden":0,"_bbp_forum_subforum_count":0,"_lmt_disableupdate":"","_lmt_disable":"","_jetpack_memberships_contains_paid_content":false,"footnotes":""},"categories":[1],"tags":[],"class_list":["post-20320","post","type-post","status-publish","format-standard","has-post-thumbnail","hentry","category-actualites"],"jetpack_featured_media_url":"https:\/\/africanova.info\/wp-content\/uploads\/2025\/08\/20240124-img-malgre-un-appel-cesser-les-envois-d-armes-vers-israel-la-france-continuer.jpg","jetpack_sharing_enabled":true,"_links":{"self":[{"href":"https:\/\/africanova.info\/index.php?rest_route=\/wp\/v2\/posts\/20320","targetHints":{"allow":["GET"]}}],"collection":[{"href":"https:\/\/africanova.info\/index.php?rest_route=\/wp\/v2\/posts"}],"about":[{"href":"https:\/\/africanova.info\/index.php?rest_route=\/wp\/v2\/types\/post"}],"author":[{"embeddable":true,"href":"https:\/\/africanova.info\/index.php?rest_route=\/wp\/v2\/users\/1"}],"replies":[{"embeddable":true,"href":"https:\/\/africanova.info\/index.php?rest_route=%2Fwp%2Fv2%2Fcomments&post=20320"}],"version-history":[{"count":1,"href":"https:\/\/africanova.info\/index.php?rest_route=\/wp\/v2\/posts\/20320\/revisions"}],"predecessor-version":[{"id":20323,"href":"https:\/\/africanova.info\/index.php?rest_route=\/wp\/v2\/posts\/20320\/revisions\/20323"}],"wp:featuredmedia":[{"embeddable":true,"href":"https:\/\/africanova.info\/index.php?rest_route=\/wp\/v2\/media\/20321"}],"wp:attachment":[{"href":"https:\/\/africanova.info\/index.php?rest_route=%2Fwp%2Fv2%2Fmedia&parent=20320"}],"wp:term":[{"taxonomy":"category","embeddable":true,"href":"https:\/\/africanova.info\/index.php?rest_route=%2Fwp%2Fv2%2Fcategories&post=20320"},{"taxonomy":"post_tag","embeddable":true,"href":"https:\/\/africanova.info\/index.php?rest_route=%2Fwp%2Fv2%2Ftags&post=20320"}],"curies":[{"name":"wp","href":"https:\/\/api.w.org\/{rel}","templated":true}]}}