
{"id":20114,"date":"2025-08-18T11:06:34","date_gmt":"2025-08-18T09:06:34","guid":{"rendered":"https:\/\/africanova.info\/?p=20114"},"modified":"2025-08-18T11:06:37","modified_gmt":"2025-08-18T09:06:37","slug":"burkina-faso-renforcement-regional-et-international-de-la-lutte-antiterroriste-face-a-la-montee-de-la-violence","status":"publish","type":"post","link":"https:\/\/africanova.info\/?p=20114","title":{"rendered":"Burkina Faso \u2013 Renforcement r\u00e9gional et international de la lutte antiterroriste face \u00e0 la mont\u00e9e de la violence"},"content":{"rendered":"<p><strong>Introduction<\/strong><\/p><p>Le Burkina Faso fait face \u00e0 une recrudescence dramatique d\u2019attaques terroristes et d\u2019ins\u00e9curit\u00e9s grandissantes qui menacent la stabilit\u00e9 politique et sociale du pays. En r\u00e9ponse, une coalition r\u00e9gionale et internationale s&rsquo;est renforc\u00e9e pour accompagner les forces burkinab\u00e9es dans la lutte contre ces groupes arm\u00e9s. Cet article propose une analyse approfondie des causes de cette crise, des mesures prises, ainsi que des d\u00e9fis \u00e0 relever pour s\u00e9curiser ce pays cl\u00e9 de la r\u00e9gion sah\u00e9lienne.<\/p><p><strong>Pr\u00e9sentation du contexte s\u00e9curitaire<\/strong><\/p><p>Depuis plusieurs ann\u00e9es, le Burkina Faso est devenu l\u2019un des \u00e9picentres de la menace djihadiste en Afrique de l\u2019Ouest, avec des attaques perp\u00e9tr\u00e9es par des groupes li\u00e9s \u00e0 Al-Qa\u00efda, \u00e0 l\u2019\u00c9tat islamique, et d\u2019autres factions locales. Ces groupes utilisent la violence pour d\u00e9stabiliser les institutions et contr\u00f4ler des territoires souvent isol\u00e9s.<\/p><p>Les fronti\u00e8res poreuses avec le Mali, le Niger et le Ghana facilitent la mobilit\u00e9 des groupes arm\u00e9s, rendant la lutte contre le terrorisme d\u2019autant plus complexe.<\/p><p><strong>Collaboration r\u00e9gionale accrue<\/strong><\/p><p>Face \u00e0 cette menace, la Commission du G5 Sahel \u2013 regroupant Burkina Faso, Mali, Niger, Mauritanie et Tchad \u2013 a intensifi\u00e9 ses op\u00e9rations conjointes, avec un appui logistique et financier renforc\u00e9 de la Communaut\u00e9 \u00e9conomique des \u00c9tats de l\u2019Afrique de l\u2019Ouest (CEDEAO) et de partenaires internationaux comme la France, les \u00c9tats-Unis et l\u2019Union europ\u00e9enne.<\/p><p>Cette architecture vise \u00e0 cr\u00e9er une synergie d\u2019actions militaires, de renseignements et de d\u00e9veloppement socio-\u00e9conomique pour s\u2019attaquer aux causes profondes du terrorisme.<\/p><p><strong>Initiatives nationales burkinab\u00e9es<\/strong><\/p><p>Les autorit\u00e9s burkinab\u00e9es ont lanc\u00e9 une r\u00e9forme majeure de leurs forces de s\u00e9curit\u00e9, incluant un accroissement effectif des effectifs, une meilleure formation sp\u00e9cialis\u00e9e, et l\u2019am\u00e9lioration de l\u2019\u00e9quipement, notamment la mobilit\u00e9 et les technologies de surveillance.<\/p><p>Parall\u00e8lement, des mesures ont \u00e9t\u00e9 mises en place pour restaurer la confiance entre les populations et les forces arm\u00e9es, en luttant contre les exactions et les pratiques abusives que certains d\u00e9noncent.<\/p><p><strong>Impact sur les populations civiles<\/strong><\/p><p>La violence a provoqu\u00e9 des d\u00e9placements massifs, avec plus d\u2019un million de personnes r\u00e9fugi\u00e9es \u00e0 l\u2019int\u00e9rieur du pays ou \u00e0 l\u2019\u00e9tranger. Les conditions sanitaires, \u00e9ducatives et \u00e9conomiques se d\u00e9t\u00e9riorent, fragilisant davantage le tissu social.<\/p><p>Les ONG humanitaires alertent sur la n\u00e9cessit\u00e9 d\u2019une aide d\u2019urgence renforc\u00e9e et coordonn\u00e9e pour pr\u00e9venir une catastrophe humanitaire.<\/p><figure class=\"wp-block-image size-large\"><img fetchpriority=\"high\" decoding=\"async\" width=\"1024\" height=\"681\" src=\"https:\/\/africanova.info\/wp-content\/uploads\/2025\/08\/gettyimages-1243819442-1024x681.jpg\" alt=\"\" class=\"wp-image-20115\" srcset=\"https:\/\/africanova.info\/wp-content\/uploads\/2025\/08\/gettyimages-1243819442-1024x681.jpg 1024w, https:\/\/africanova.info\/wp-content\/uploads\/2025\/08\/gettyimages-1243819442-300x200.jpg 300w, https:\/\/africanova.info\/wp-content\/uploads\/2025\/08\/gettyimages-1243819442-768x511.jpg 768w, https:\/\/africanova.info\/wp-content\/uploads\/2025\/08\/gettyimages-1243819442-1536x1022.jpg 1536w, https:\/\/africanova.info\/wp-content\/uploads\/2025\/08\/gettyimages-1243819442-1920x1278.jpg 1920w, https:\/\/africanova.info\/wp-content\/uploads\/2025\/08\/gettyimages-1243819442-1170x779.jpg 1170w, https:\/\/africanova.info\/wp-content\/uploads\/2025\/08\/gettyimages-1243819442-585x389.jpg 585w, https:\/\/africanova.info\/wp-content\/uploads\/2025\/08\/gettyimages-1243819442-263x175.jpg 263w, https:\/\/africanova.info\/wp-content\/uploads\/2025\/08\/gettyimages-1243819442-1320x878.jpg 1320w, https:\/\/africanova.info\/wp-content\/uploads\/2025\/08\/gettyimages-1243819442-600x399.jpg 600w, https:\/\/africanova.info\/wp-content\/uploads\/2025\/08\/gettyimages-1243819442.jpg 2000w\" sizes=\"(max-width: 1024px) 100vw, 1024px\" \/><\/figure><p><strong>D\u00e9fis et limites de la strat\u00e9gie actuelle<\/strong><\/p><p>Malgr\u00e9 ces efforts, le conflit perdure, avec une adaptation constante des groupes arm\u00e9s qui utilisent la gu\u00e9rilla et des tactiques asym\u00e9triques. Le grand d\u00e9fi reste d\u2019associer s\u00e9curit\u00e9 et d\u00e9veloppement durable, car l\u2019absence de perspectives \u00e9conomiques nourrit le recrutement chez les jeunes.<\/p><p>La soci\u00e9t\u00e9 civile appelle \u00e0 une inclusion plus forte dans la prise de d\u00e9cisions et \u00e0 une meilleure gouvernance.<\/p><p><strong>Perspectives d\u2019avenir<\/strong><\/p><p>Le succ\u00e8s de la lutte antiterroriste au Burkina Faso d\u00e9pendra d\u2019une approche int\u00e9gr\u00e9e, associant s\u00e9curit\u00e9, lutte contre la pauvret\u00e9, acc\u00e8s \u00e0 l\u2019\u00e9ducation et dialogue communautaire. L\u2019implication de tous les acteurs locaux et internationaux est d\u00e9terminante.<\/p><p><strong>Conclusion<\/strong><\/p><p>Le Burkina Faso est \u00e0 la crois\u00e9e des chemins dans sa lutte contre le terrorisme. Renforcer la coop\u00e9ration r\u00e9gionale et adopter une strat\u00e9gie holistique sont essentiels pour assurer la paix et le d\u00e9veloppement durable.<\/p><p><\/p><div class=\"gsp_post_data\" data-post_type=\"post\" data-cat=\"actualites\" data-modified=\"120\" data-title=\"Burkina Faso \u2013 Renforcement r\u00e9gional et international de la lutte antiterroriste face \u00e0 la mont\u00e9e de la violence\" data-home=\"https:\/\/africanova.info\"><\/div>","protected":false},"excerpt":{"rendered":"<p>Introduction Le Burkina Faso fait face \u00e0 une recrudescence dramatique d\u2019attaques terroristes et d\u2019ins\u00e9curit\u00e9s grandissantes qui menacent la stabilit\u00e9 politique et sociale du pays. En r\u00e9ponse, une coalition r\u00e9gionale et&hellip;<\/p>\n","protected":false},"author":1,"featured_media":20116,"comment_status":"open","ping_status":"open","sticky":false,"template":"","format":"standard","meta":{"_bbp_topic_count":0,"_bbp_reply_count":0,"_bbp_total_topic_count":0,"_bbp_total_reply_count":0,"_bbp_voice_count":0,"_bbp_anonymous_reply_count":0,"_bbp_topic_count_hidden":0,"_bbp_reply_count_hidden":0,"_bbp_forum_subforum_count":0,"_lmt_disableupdate":"","_lmt_disable":"","_jetpack_memberships_contains_paid_content":false,"footnotes":""},"categories":[1],"tags":[],"class_list":["post-20114","post","type-post","status-publish","format-standard","has-post-thumbnail","hentry","category-actualites"],"jetpack_featured_media_url":"https:\/\/africanova.info\/wp-content\/uploads\/2025\/08\/000_32MK7QY.jpg","jetpack_sharing_enabled":true,"_links":{"self":[{"href":"https:\/\/africanova.info\/index.php?rest_route=\/wp\/v2\/posts\/20114","targetHints":{"allow":["GET"]}}],"collection":[{"href":"https:\/\/africanova.info\/index.php?rest_route=\/wp\/v2\/posts"}],"about":[{"href":"https:\/\/africanova.info\/index.php?rest_route=\/wp\/v2\/types\/post"}],"author":[{"embeddable":true,"href":"https:\/\/africanova.info\/index.php?rest_route=\/wp\/v2\/users\/1"}],"replies":[{"embeddable":true,"href":"https:\/\/africanova.info\/index.php?rest_route=%2Fwp%2Fv2%2Fcomments&post=20114"}],"version-history":[{"count":1,"href":"https:\/\/africanova.info\/index.php?rest_route=\/wp\/v2\/posts\/20114\/revisions"}],"predecessor-version":[{"id":20117,"href":"https:\/\/africanova.info\/index.php?rest_route=\/wp\/v2\/posts\/20114\/revisions\/20117"}],"wp:featuredmedia":[{"embeddable":true,"href":"https:\/\/africanova.info\/index.php?rest_route=\/wp\/v2\/media\/20116"}],"wp:attachment":[{"href":"https:\/\/africanova.info\/index.php?rest_route=%2Fwp%2Fv2%2Fmedia&parent=20114"}],"wp:term":[{"taxonomy":"category","embeddable":true,"href":"https:\/\/africanova.info\/index.php?rest_route=%2Fwp%2Fv2%2Fcategories&post=20114"},{"taxonomy":"post_tag","embeddable":true,"href":"https:\/\/africanova.info\/index.php?rest_route=%2Fwp%2Fv2%2Ftags&post=20114"}],"curies":[{"name":"wp","href":"https:\/\/api.w.org\/{rel}","templated":true}]}}