
{"id":19677,"date":"2025-08-15T08:01:18","date_gmt":"2025-08-15T06:01:18","guid":{"rendered":"https:\/\/africanova.info\/?p=19677"},"modified":"2025-08-15T08:01:21","modified_gmt":"2025-08-15T06:01:21","slug":"ouverture-du-festival-panafricain-de-dakar-2025-vitrine-pour-les-talents-emergents-et-la-jeunesse-creative","status":"publish","type":"post","link":"https:\/\/africanova.info\/?p=19677","title":{"rendered":"Ouverture du Festival panafricain de Dakar 2025 \u2013 vitrine pour les talents \u00e9mergents et la jeunesse cr\u00e9ative"},"content":{"rendered":"<p>Introduction<\/p><p>La capitale s\u00e9n\u00e9galaise vibre au rythme des arts et des cultures. Depuis le 14 ao\u00fbt 2025, Dakar accueille le&nbsp;Festival panafricain 2025, un rendez-vous majeur qui fait converger cr\u00e9ateurs, artistes, intellectuels et publics venus de tout le continent. Cette \u00e9dition, plac\u00e9e sous le th\u00e8me&nbsp;<em>\u00ab&nbsp;R\u00e9inventer l\u2019Afrique par ses cultures&nbsp;\u00bb<\/em>, veut mettre en avant les jeunes talents et renouveler l\u2019image culturelle du continent \u00e0 l\u2019international.<\/p><p>Un carrefour de disciplines artistiques<\/p><p>Peinture, sculpture, photographie, cin\u00e9ma, danse, mode, gastronomie\u202f: le festival offre un panorama complet de la cr\u00e9ation africaine contemporaine. Plusieurs pavillons th\u00e9matiques mettent \u00e0 l\u2019honneur des r\u00e9gions sp\u00e9cifiques, permettant de d\u00e9couvrir la diversit\u00e9 culturelle du Maghreb, de l\u2019Afrique centrale, de l\u2019Ouest et australe.<\/p><p>Focus sur la jeunesse cr\u00e9ative<\/p><p>L\u2019\u00e9dition 2025 multiplie sessions et expositions d\u00e9di\u00e9es aux cr\u00e9ateurs de moins de 35 ans. Objectif\u202f: offrir des d\u00e9bouch\u00e9s professionnels, des contacts avec des galeries et festivals partenaires, et stimuler les \u00e9changes artistiques interafricains.<\/p><p>Un \u00e9v\u00e9nement sous le signe de l\u2019\u00e9conomie culturelle<\/p><p>Au-del\u00e0 de la vitrine artistique, le festival appuie une vision \u00e9conomique\u202f: dynamiser le march\u00e9 de l\u2019art africain et encourager les investisseurs \u00e0 soutenir les industries cr\u00e9atives. Des tables rondes associant artistes, entrepreneurs et d\u00e9cideurs publics explorent les moyens de renforcer la cha\u00eene de valeur culturelle.<\/p><figure class=\"wp-block-image size-large\"><img fetchpriority=\"high\" decoding=\"async\" width=\"1024\" height=\"683\" src=\"https:\/\/africanova.info\/wp-content\/uploads\/2025\/08\/festival_parade_arrives_at_sauti_za_busara_2015_by_robin_batista-scaled-1-1024x683.webp\" alt=\"\" class=\"wp-image-19678\" srcset=\"https:\/\/africanova.info\/wp-content\/uploads\/2025\/08\/festival_parade_arrives_at_sauti_za_busara_2015_by_robin_batista-scaled-1-1024x683.webp 1024w, https:\/\/africanova.info\/wp-content\/uploads\/2025\/08\/festival_parade_arrives_at_sauti_za_busara_2015_by_robin_batista-scaled-1-300x200.webp 300w\" sizes=\"(max-width: 1024px) 100vw, 1024px\" \/><\/figure><p>R\u00e9sonance internationale<\/p><p>De nombreuses d\u00e9l\u00e9gations \u00e9trang\u00e8res \u2013 Europe, Am\u00e9rique, Asie \u2013 sont pr\u00e9sentes, confirmant Dakar comme une capitale culturelle en devenir. Les m\u00e9dias internationaux s\u2019emparent d\u00e9j\u00e0 des images vibrantes de cette \u00e9dition, amplifiant sa port\u00e9e.<\/p><p>Conclusion<\/p><p>Le Festival panafricain de Dakar 2025 illustre la force unificatrice et le potentiel \u00e9conomique des cultures africaines. En donnant la parole \u00e0 la nouvelle g\u00e9n\u00e9ration, il pr\u00e9pare une vitrine durable pour le rayonnement mondial du patrimoine cr\u00e9atif du continent.<\/p><p> <\/p><div class=\"gsp_post_data\" data-post_type=\"post\" data-cat=\"culture\" data-modified=\"120\" data-title=\"Ouverture du Festival panafricain de Dakar 2025 \u2013 vitrine pour les talents \u00e9mergents et la jeunesse cr\u00e9ative\" data-home=\"https:\/\/africanova.info\"><\/div>","protected":false},"excerpt":{"rendered":"<p>Introduction La capitale s\u00e9n\u00e9galaise vibre au rythme des arts et des cultures. Depuis le 14 ao\u00fbt 2025, Dakar accueille le&nbsp;Festival panafricain 2025, un rendez-vous majeur qui fait converger cr\u00e9ateurs, artistes,&hellip;<\/p>\n","protected":false},"author":1,"featured_media":19679,"comment_status":"open","ping_status":"open","sticky":false,"template":"","format":"standard","meta":{"_bbp_topic_count":0,"_bbp_reply_count":0,"_bbp_total_topic_count":0,"_bbp_total_reply_count":0,"_bbp_voice_count":0,"_bbp_anonymous_reply_count":0,"_bbp_topic_count_hidden":0,"_bbp_reply_count_hidden":0,"_bbp_forum_subforum_count":0,"_lmt_disableupdate":"","_lmt_disable":"","_jetpack_memberships_contains_paid_content":false,"footnotes":""},"categories":[4],"tags":[],"class_list":["post-19677","post","type-post","status-publish","format-standard","has-post-thumbnail","hentry","category-culture"],"jetpack_featured_media_url":"https:\/\/africanova.info\/wp-content\/uploads\/2025\/08\/45.jpg","jetpack_sharing_enabled":true,"_links":{"self":[{"href":"https:\/\/africanova.info\/index.php?rest_route=\/wp\/v2\/posts\/19677","targetHints":{"allow":["GET"]}}],"collection":[{"href":"https:\/\/africanova.info\/index.php?rest_route=\/wp\/v2\/posts"}],"about":[{"href":"https:\/\/africanova.info\/index.php?rest_route=\/wp\/v2\/types\/post"}],"author":[{"embeddable":true,"href":"https:\/\/africanova.info\/index.php?rest_route=\/wp\/v2\/users\/1"}],"replies":[{"embeddable":true,"href":"https:\/\/africanova.info\/index.php?rest_route=%2Fwp%2Fv2%2Fcomments&post=19677"}],"version-history":[{"count":1,"href":"https:\/\/africanova.info\/index.php?rest_route=\/wp\/v2\/posts\/19677\/revisions"}],"predecessor-version":[{"id":19680,"href":"https:\/\/africanova.info\/index.php?rest_route=\/wp\/v2\/posts\/19677\/revisions\/19680"}],"wp:featuredmedia":[{"embeddable":true,"href":"https:\/\/africanova.info\/index.php?rest_route=\/wp\/v2\/media\/19679"}],"wp:attachment":[{"href":"https:\/\/africanova.info\/index.php?rest_route=%2Fwp%2Fv2%2Fmedia&parent=19677"}],"wp:term":[{"taxonomy":"category","embeddable":true,"href":"https:\/\/africanova.info\/index.php?rest_route=%2Fwp%2Fv2%2Fcategories&post=19677"},{"taxonomy":"post_tag","embeddable":true,"href":"https:\/\/africanova.info\/index.php?rest_route=%2Fwp%2Fv2%2Ftags&post=19677"}],"curies":[{"name":"wp","href":"https:\/\/api.w.org\/{rel}","templated":true}]}}