
{"id":19660,"date":"2025-08-15T07:49:46","date_gmt":"2025-08-15T05:49:46","guid":{"rendered":"https:\/\/africanova.info\/?p=19660"},"modified":"2025-08-15T07:49:49","modified_gmt":"2025-08-15T05:49:49","slug":"signature-du-nouveau-pacte-sahel-pour-renforcer-la-lutte-contre-les-groupes-armes-et-restaurer-la-stabilite-regionale","status":"publish","type":"post","link":"https:\/\/africanova.info\/?p=19660","title":{"rendered":"Signature du nouveau pacte Sahel pour renforcer la lutte contre les groupes arm\u00e9s et restaurer la stabilit\u00e9 r\u00e9gionale"},"content":{"rendered":"<p>Introduction<\/p><p>Face \u00e0 l\u2019intensification des violences terroristes et des groupes arm\u00e9s dans la r\u00e9gion du Sahel, un nouveau pacte s\u00e9curitaire r\u00e9gional a \u00e9t\u00e9 officiellement sign\u00e9 le 15 ao\u00fbt 2025. Ce trait\u00e9, soutenu par les pays concern\u00e9s et par des partenaires internationaux, marque une volont\u00e9 majeure de coordonner les efforts pour restaurer la paix, renforcer les capacit\u00e9s militaires, et proposer des solutions globales aux crises multidimensionnelles qui minent la r\u00e9gion.<\/p><p>Un contexte s\u00e9curitaire toujours alarmant<\/p><p>Le Sahel reste l&rsquo;une des r\u00e9gions les plus instables du monde, avec la multiplication d\u2019attaques terroristes, de trafics illicites et de conflits intercommunautaires. Les \u00c9tats du G5 Sahel (Burkina Faso, Mali, Mauritanie, Niger, Tchad) sont confront\u00e9s \u00e0 une menace asym\u00e9trique qui d\u00e9passe leurs capacit\u00e9s traditionnelles. Une coordination renforc\u00e9e, tant sur le plan militaire que politique, est jug\u00e9e indispensable.<\/p><p>Contenu et engagement du nouveau pacte<\/p><p>Le pacte sign\u00e9 pr\u00e9voit plusieurs axes renforc\u00e9s\u202f:<\/p><ul class=\"wp-block-list\"><li>Renforcement des forces militaires multilat\u00e9rales avec un partage accru d\u2019informations et de ressources logistiques.<\/li>\n\n<li>Mise en place de strat\u00e9gies conjointes pour la s\u00e9curisation des fronti\u00e8res vuln\u00e9rables et l\u2019interdiction des flux d\u2019armes et de combattants.<\/li>\n\n<li>D\u00e9veloppement de programmes de stabilisation locale incluant la r\u00e9conciliation intercommunautaire et la relance \u00e9conomique des zones affect\u00e9es.<\/li>\n\n<li>Appui renforc\u00e9 des partenaires internationaux, en particulier europ\u00e9ens et africains, avec un accent mis sur la formation, le renseignement et la lutte contre la cybercriminalit\u00e9 li\u00e9e aux groupes arm\u00e9s.<\/li><\/ul><figure class=\"wp-block-image size-large\"><img fetchpriority=\"high\" decoding=\"async\" width=\"1024\" height=\"768\" src=\"https:\/\/africanova.info\/wp-content\/uploads\/2025\/08\/75281795-52666425-1024x768.jpg\" alt=\"\" class=\"wp-image-19661\" srcset=\"https:\/\/africanova.info\/wp-content\/uploads\/2025\/08\/75281795-52666425-1024x768.jpg 1024w, https:\/\/africanova.info\/wp-content\/uploads\/2025\/08\/75281795-52666425-300x225.jpg 300w, https:\/\/africanova.info\/wp-content\/uploads\/2025\/08\/75281795-52666425-768x576.jpg 768w, https:\/\/africanova.info\/wp-content\/uploads\/2025\/08\/75281795-52666425-1170x878.jpg 1170w, https:\/\/africanova.info\/wp-content\/uploads\/2025\/08\/75281795-52666425-585x439.jpg 585w, https:\/\/africanova.info\/wp-content\/uploads\/2025\/08\/75281795-52666425-600x450.jpg 600w, https:\/\/africanova.info\/wp-content\/uploads\/2025\/08\/75281795-52666425.jpg 1200w\" sizes=\"(max-width: 1024px) 100vw, 1024px\" \/><\/figure><p>R\u00e9actions des acteurs locaux et internationaux<\/p><p>Le pacte recueille des soutiens clairs des gouvernements saheliens et de plusieurs partenaires comme l\u2019Union africaine, la CEDEAO et l\u2019Union europ\u00e9enne. Ces derniers r\u00e9affirment leur engagement \u00e0 accompagner la r\u00e9gion dans une approche int\u00e9gr\u00e9e. Toutefois, certaines voix critiques insistent sur la n\u00e9cessit\u00e9 d\u2019associer davantage les acteurs de la soci\u00e9t\u00e9 civile et de renforcer les dimensions sociales et humanitaires en parall\u00e8le des actions militaires.<\/p><p>Enjeux et d\u00e9fis pour la mise en \u0153uvre<\/p><p>Si ce pacte constitue une avanc\u00e9e politique majeure, sa r\u00e9ussite d\u00e9pendra de plusieurs facteurs cl\u00e9s\u202f: la capacit\u00e9 des \u00c9tats \u00e0 surmonter leurs divisions internes, la continuit\u00e9 des financements, et l\u2019efficacit\u00e9 op\u00e9rationnelle sur le terrain, parfois rendu difficile par la g\u00e9ographie et les sensibilit\u00e9s locales. L\u2019implication des populations locales demeure essentielle pour garantir des solutions durables.<\/p><p>Conclusion<\/p><p>Le nouveau pacte Sahel ouvre une nouvelle phase dans la lutte contre l\u2019ins\u00e9curit\u00e9 end\u00e9mique. La mobilisation collective et une approche globale, conjuguant s\u00e9curit\u00e9, d\u00e9veloppement et dialogue, seront d\u00e9terminantes pour recr\u00e9er un espace de paix et de prosp\u00e9rit\u00e9 dans cette r\u00e9gion strat\u00e9gique.<\/p><p><\/p><div class=\"gsp_post_data\" data-post_type=\"post\" data-cat=\"actualites\" data-modified=\"120\" data-title=\"Signature du nouveau pacte Sahel pour renforcer la lutte contre les groupes arm\u00e9s et restaurer la stabilit\u00e9 r\u00e9gionale\" data-home=\"https:\/\/africanova.info\"><\/div>","protected":false},"excerpt":{"rendered":"<p>Introduction Face \u00e0 l\u2019intensification des violences terroristes et des groupes arm\u00e9s dans la r\u00e9gion du Sahel, un nouveau pacte s\u00e9curitaire r\u00e9gional a \u00e9t\u00e9 officiellement sign\u00e9 le 15 ao\u00fbt 2025. Ce&hellip;<\/p>\n","protected":false},"author":1,"featured_media":19664,"comment_status":"open","ping_status":"open","sticky":false,"template":"","format":"standard","meta":{"_bbp_topic_count":0,"_bbp_reply_count":0,"_bbp_total_topic_count":0,"_bbp_total_reply_count":0,"_bbp_voice_count":0,"_bbp_anonymous_reply_count":0,"_bbp_topic_count_hidden":0,"_bbp_reply_count_hidden":0,"_bbp_forum_subforum_count":0,"_lmt_disableupdate":"","_lmt_disable":"","_jetpack_memberships_contains_paid_content":false,"footnotes":""},"categories":[1],"tags":[],"class_list":["post-19660","post","type-post","status-publish","format-standard","has-post-thumbnail","hentry","category-actualites"],"jetpack_featured_media_url":"https:\/\/africanova.info\/wp-content\/uploads\/2025\/08\/unnamed-0-2.jpeg","jetpack_sharing_enabled":true,"_links":{"self":[{"href":"https:\/\/africanova.info\/index.php?rest_route=\/wp\/v2\/posts\/19660","targetHints":{"allow":["GET"]}}],"collection":[{"href":"https:\/\/africanova.info\/index.php?rest_route=\/wp\/v2\/posts"}],"about":[{"href":"https:\/\/africanova.info\/index.php?rest_route=\/wp\/v2\/types\/post"}],"author":[{"embeddable":true,"href":"https:\/\/africanova.info\/index.php?rest_route=\/wp\/v2\/users\/1"}],"replies":[{"embeddable":true,"href":"https:\/\/africanova.info\/index.php?rest_route=%2Fwp%2Fv2%2Fcomments&post=19660"}],"version-history":[{"count":1,"href":"https:\/\/africanova.info\/index.php?rest_route=\/wp\/v2\/posts\/19660\/revisions"}],"predecessor-version":[{"id":19665,"href":"https:\/\/africanova.info\/index.php?rest_route=\/wp\/v2\/posts\/19660\/revisions\/19665"}],"wp:featuredmedia":[{"embeddable":true,"href":"https:\/\/africanova.info\/index.php?rest_route=\/wp\/v2\/media\/19664"}],"wp:attachment":[{"href":"https:\/\/africanova.info\/index.php?rest_route=%2Fwp%2Fv2%2Fmedia&parent=19660"}],"wp:term":[{"taxonomy":"category","embeddable":true,"href":"https:\/\/africanova.info\/index.php?rest_route=%2Fwp%2Fv2%2Fcategories&post=19660"},{"taxonomy":"post_tag","embeddable":true,"href":"https:\/\/africanova.info\/index.php?rest_route=%2Fwp%2Fv2%2Ftags&post=19660"}],"curies":[{"name":"wp","href":"https:\/\/api.w.org\/{rel}","templated":true}]}}