
{"id":19644,"date":"2025-08-15T07:38:42","date_gmt":"2025-08-15T05:38:42","guid":{"rendered":"https:\/\/africanova.info\/?p=19644"},"modified":"2025-08-15T07:38:45","modified_gmt":"2025-08-15T05:38:45","slug":"arrestations-dun-reseau-accuse-de-complot-contre-le-gouvernement-malien-dont-un-expatrie-francais-a-bamako","status":"publish","type":"post","link":"https:\/\/africanova.info\/?p=19644","title":{"rendered":"Arrestations d\u2019un r\u00e9seau accus\u00e9 de complot contre le gouvernement malien, dont un expatri\u00e9 fran\u00e7ais \u00e0 Bamako"},"content":{"rendered":"<p>Introduction<\/p><p>Le 15 ao\u00fbt 2025, les autorit\u00e9s maliennes ont annonc\u00e9 l\u2019arrestation d\u2019un r\u00e9seau pr\u00e9sum\u00e9 impliqu\u00e9 dans un complot visant \u00e0 d\u00e9stabiliser le gouvernement en place. Ce groupe, comprenant plusieurs ressortissants locaux et un expatri\u00e9 fran\u00e7ais, aurait orchestr\u00e9 des actions subversives \u00e0 Bamako, renfor\u00e7ant ainsi l\u2019attention port\u00e9e sur la s\u00e9curit\u00e9 int\u00e9rieure et la lutte contre les ing\u00e9rences \u00e9trang\u00e8res. Ce dossier sensible illustre les d\u00e9fis complexes auxquels fait face le Mali dans son retour progressif \u00e0 la stabilit\u00e9 politique.<\/p><p>Contexte et d\u00e9roulement des arrestations<\/p><p>Depuis plusieurs mois, les services de renseignement maliens surveillaient des mouvements suspects \u00e0 Bamako. Gr\u00e2ce \u00e0 une coordination avec des partenaires internationaux, cette op\u00e9ration a permis de d\u00e9manteler un r\u00e9seau suspect\u00e9 d\u2019avoir planifi\u00e9 des actes pouvant compromettre la s\u00e9curit\u00e9 nationale. L\u2019expatri\u00e9 fran\u00e7ais arr\u00eat\u00e9 est d\u00e9crit comme un complice important, ce qui met en lumi\u00e8re les enjeux g\u00e9opolitiques autour du Sahel.<\/p><p>R\u00e9actions officielles et mesures s\u00e9curitaires<\/p><p>Le gouvernement malien a salu\u00e9 cette op\u00e9ration comme un succ\u00e8s majeur dans la pr\u00e9vention de menaces contre l\u2019\u00c9tat. Le ministre de la S\u00e9curit\u00e9 a appel\u00e9 \u00e0 l\u2019unit\u00e9 nationale et renforc\u00e9 la mobilisation des forces de l\u2019ordre. La communaut\u00e9 internationale, notamment les partenaires europ\u00e9ens, exprime son soutien tout en revendiquant la n\u00e9cessit\u00e9 de respecter les droits fondamentaux pendant les investigations.<\/p><figure class=\"wp-block-image size-full\"><img fetchpriority=\"high\" decoding=\"async\" width=\"932\" height=\"582\" src=\"https:\/\/africanova.info\/wp-content\/uploads\/2025\/08\/2P4DL7EC6RHIBCOCANH3CU2CQU.jpg\" alt=\"\" class=\"wp-image-19645\" srcset=\"https:\/\/africanova.info\/wp-content\/uploads\/2025\/08\/2P4DL7EC6RHIBCOCANH3CU2CQU.jpg 932w, https:\/\/africanova.info\/wp-content\/uploads\/2025\/08\/2P4DL7EC6RHIBCOCANH3CU2CQU-300x187.jpg 300w, https:\/\/africanova.info\/wp-content\/uploads\/2025\/08\/2P4DL7EC6RHIBCOCANH3CU2CQU-768x480.jpg 768w, https:\/\/africanova.info\/wp-content\/uploads\/2025\/08\/2P4DL7EC6RHIBCOCANH3CU2CQU-585x365.jpg 585w, https:\/\/africanova.info\/wp-content\/uploads\/2025\/08\/2P4DL7EC6RHIBCOCANH3CU2CQU-600x375.jpg 600w\" sizes=\"(max-width: 932px) 100vw, 932px\" \/><\/figure><p>Impact politique et perspectives<\/p><p>Cette affaire pose un \u00e9clairage sur la fragilit\u00e9 persistante de la transition politique malienne. Elle souligne aussi l\u2019importance d\u2019une collaboration s\u00e9curitaire renforc\u00e9e entre les pays du Sahel et leurs alli\u00e9s internationaux. Toutefois, ce type d\u2019\u00e9v\u00e9nement peut raviver les tensions internes et compliquer la relance d\u00e9mocratique.<\/p><p>Conclusion<\/p><p>L\u2019arrestation de ce r\u00e9seau \u00e0 Bamako marque une \u00e9tape cl\u00e9 dans la vigilance d\u00e9ploy\u00e9e par le Mali face aux menaces hybrides. La transparence et le respect des proc\u00e9dures juridiques seront essentiels pour que cette affaire ne se transforme pas en source de division politique, tout en renfor\u00e7ant la r\u00e9silience nationale.<\/p><p><\/p><div class=\"gsp_post_data\" data-post_type=\"post\" data-cat=\"politique\" data-modified=\"120\" data-title=\"Arrestations d\u2019un r\u00e9seau accus\u00e9 de complot contre le gouvernement malien, dont un expatri\u00e9 fran\u00e7ais \u00e0 Bamako\" data-home=\"https:\/\/africanova.info\"><\/div>","protected":false},"excerpt":{"rendered":"<p>Introduction Le 15 ao\u00fbt 2025, les autorit\u00e9s maliennes ont annonc\u00e9 l\u2019arrestation d\u2019un r\u00e9seau pr\u00e9sum\u00e9 impliqu\u00e9 dans un complot visant \u00e0 d\u00e9stabiliser le gouvernement en place. Ce groupe, comprenant plusieurs ressortissants&hellip;<\/p>\n","protected":false},"author":1,"featured_media":19646,"comment_status":"open","ping_status":"open","sticky":false,"template":"","format":"standard","meta":{"_bbp_topic_count":0,"_bbp_reply_count":0,"_bbp_total_topic_count":0,"_bbp_total_reply_count":0,"_bbp_voice_count":0,"_bbp_anonymous_reply_count":0,"_bbp_topic_count_hidden":0,"_bbp_reply_count_hidden":0,"_bbp_forum_subforum_count":0,"_lmt_disableupdate":"","_lmt_disable":"","_jetpack_memberships_contains_paid_content":false,"footnotes":""},"categories":[7],"tags":[],"class_list":["post-19644","post","type-post","status-publish","format-standard","has-post-thumbnail","hentry","category-politique"],"jetpack_featured_media_url":"https:\/\/africanova.info\/wp-content\/uploads\/2025\/08\/7ACNUTAAQBBUBHT6GDYFL6HCFI.jpg","jetpack_sharing_enabled":true,"_links":{"self":[{"href":"https:\/\/africanova.info\/index.php?rest_route=\/wp\/v2\/posts\/19644","targetHints":{"allow":["GET"]}}],"collection":[{"href":"https:\/\/africanova.info\/index.php?rest_route=\/wp\/v2\/posts"}],"about":[{"href":"https:\/\/africanova.info\/index.php?rest_route=\/wp\/v2\/types\/post"}],"author":[{"embeddable":true,"href":"https:\/\/africanova.info\/index.php?rest_route=\/wp\/v2\/users\/1"}],"replies":[{"embeddable":true,"href":"https:\/\/africanova.info\/index.php?rest_route=%2Fwp%2Fv2%2Fcomments&post=19644"}],"version-history":[{"count":1,"href":"https:\/\/africanova.info\/index.php?rest_route=\/wp\/v2\/posts\/19644\/revisions"}],"predecessor-version":[{"id":19648,"href":"https:\/\/africanova.info\/index.php?rest_route=\/wp\/v2\/posts\/19644\/revisions\/19648"}],"wp:featuredmedia":[{"embeddable":true,"href":"https:\/\/africanova.info\/index.php?rest_route=\/wp\/v2\/media\/19646"}],"wp:attachment":[{"href":"https:\/\/africanova.info\/index.php?rest_route=%2Fwp%2Fv2%2Fmedia&parent=19644"}],"wp:term":[{"taxonomy":"category","embeddable":true,"href":"https:\/\/africanova.info\/index.php?rest_route=%2Fwp%2Fv2%2Fcategories&post=19644"},{"taxonomy":"post_tag","embeddable":true,"href":"https:\/\/africanova.info\/index.php?rest_route=%2Fwp%2Fv2%2Ftags&post=19644"}],"curies":[{"name":"wp","href":"https:\/\/api.w.org\/{rel}","templated":true}]}}