
{"id":19628,"date":"2025-08-14T23:00:16","date_gmt":"2025-08-14T21:00:16","guid":{"rendered":"https:\/\/africanova.info\/?p=19628"},"modified":"2025-08-14T23:00:19","modified_gmt":"2025-08-14T21:00:19","slug":"quel-bilan-politique-et-social-apres-la-pax-americana-entre-la-rdc-et-le-m23-rwandais","status":"publish","type":"post","link":"https:\/\/africanova.info\/?p=19628","title":{"rendered":"Quel bilan politique et social apr\u00e8s la \u00ab\u00a0pax americana\u00a0\u00bb entre la RDC et le M23 rwandais ?"},"content":{"rendered":"<p>Introduction : une paix fragile dans l\u2019Est congolais<\/p><p>La situation dans&nbsp;l\u2019Est de la R\u00e9publique d\u00e9mocratique du Congo (RDC)&nbsp;reste, en 2025, l\u2019une des plus pr\u00e9occupantes crises s\u00e9curitaires d\u2019Afrique. Depuis la reprise des affrontements fin 2024 entre les&nbsp;Forces arm\u00e9es de la RDC (FARDC)&nbsp;et le&nbsp;Mouvement du 23 mars (M23)&nbsp;\u2013 un groupe rebelle lourdement arm\u00e9 et appuy\u00e9 par le Rwanda \u2013 la province du Nord-Kivu vit au rythme des offensives, des d\u00e9placements massifs de population, et des n\u00e9gociations sous forte pression internationale.<br>Ce que plusieurs diplomates appellent aujourd\u2019hui la&nbsp;\u00ab\u00a0pax americana\u00a0\u00bb&nbsp;d\u00e9signe l\u2019accord de cessez-le-feu et le cadre de n\u00e9gociation impos\u00e9s en grande partie par Washington, avec l\u2019appui de l\u2019Union europ\u00e9enne, de l\u2019ONU, et d\u2019alli\u00e9s africains comme l\u2019Angola.<\/p><p>Cette initiative est-elle en train de stabiliser la r\u00e9gion ou ne fait-elle que geler un conflit pr\u00eat \u00e0 red\u00e9marrer\u202f? Ce dossier analyse le&nbsp;bilan politique&nbsp;et&nbsp;social&nbsp;de cette \u00ab\u00a0pax americana\u00a0\u00bb encore fragile.<\/p><p>Contexte : la r\u00e9surgence du M23 et l\u2019effondrement territorial<\/p><p>Offensive \u00e9clair et prise de Goma<\/p><p>En octobre 2024, le M23 lance une offensive d\u2019ampleur in\u00e9dite depuis sa d\u00e9faite officielle en 2013. Progressant rapidement, il s\u2019empare de plusieurs localit\u00e9s strat\u00e9giques et, en janvier 2025, de la ville de Goma, capitale provinciale du Nord-Kivu. En f\u00e9vrier, il contr\u00f4le \u00e9galement Bukavu, ouvrant un second front au Sud-Kivu. Ces gains territoriaux menacent directement les routes commerciales, les corridors miniers, et renforcent l\u2019influence de Kigali dans la r\u00e9gion.<\/p><figure class=\"wp-block-image size-full is-resized\"><img fetchpriority=\"high\" decoding=\"async\" width=\"735\" height=\"450\" src=\"https:\/\/africanova.info\/wp-content\/uploads\/2025\/08\/Felix-Tshisekedi-et-Paul-Kagame-C-1.jpg\" alt=\"\" class=\"wp-image-19630\" style=\"width:780px;height:auto\" srcset=\"https:\/\/africanova.info\/wp-content\/uploads\/2025\/08\/Felix-Tshisekedi-et-Paul-Kagame-C-1.jpg 735w, https:\/\/africanova.info\/wp-content\/uploads\/2025\/08\/Felix-Tshisekedi-et-Paul-Kagame-C-1-300x184.jpg 300w, https:\/\/africanova.info\/wp-content\/uploads\/2025\/08\/Felix-Tshisekedi-et-Paul-Kagame-C-1-585x358.jpg 585w, https:\/\/africanova.info\/wp-content\/uploads\/2025\/08\/Felix-Tshisekedi-et-Paul-Kagame-C-1-600x367.jpg 600w\" sizes=\"(max-width: 735px) 100vw, 735px\" \/><\/figure><p>Les enjeux \u00e9conomiques<\/p><p>Le Nord et Sud-Kivu regorgent de minerais strat\u00e9giques : coltan, or, cobalt. Le contr\u00f4le de ces ressources constitue l\u2019enjeu central du conflit. Les accusations contre le Rwanda portent sur l\u2019exploitation ill\u00e9gale de ces minerais, export\u00e9s via Kigali vers les march\u00e9s mondiaux.<\/p><p>La \u00ab\u00a0pax americana\u00a0\u00bb : objectifs et m\u00e9thodes<\/p><p>Face au risque d\u2019escalade r\u00e9gionale et \u00e0 la menace pour les cha\u00eenes d\u2019approvisionnement mondiales en ressources critiques, les \u00c9tats-Unis prennent les devants.<br>Leur strat\u00e9gie comprend\u202f:<\/p><ul class=\"wp-block-list\"><li>Pressions diplomatiques\u00a0sur Kigali pour r\u00e9duire son soutien au M23.<\/li>\n\n<li>Sanctions cibl\u00e9es\u00a0contre des chefs militaires et financiers des deux c\u00f4t\u00e9s.<\/li>\n\n<li>M\u00e9diation\u00a0\u00e0 travers le Processus de Luanda, sous patronage angolais, mais avec une implication am\u00e9ricaine renforc\u00e9e.<\/li>\n\n<li>Soutien logistique et humanitaire\u00a0pour stabiliser les zones reprises par les FARDC et accueillir les d\u00e9plac\u00e9s.<\/li><\/ul><p>Bilan politique : des avanc\u00e9es, mais un \u00e9quilibre instable<\/p><p>Les points positifs<\/p><ol start=\"1\" class=\"wp-block-list\"><li>Cessez-le-feu partiel\u00a0: depuis juin 2025, les combats directs entre FARDC et M23 ont nettement diminu\u00e9 sur certaines zones.<\/li>\n\n<li>Dialogue amorc\u00e9\u00a0: Kinshasa et Kigali participent, m\u00eame indirectement, \u00e0 des rencontres, un fait rare dans les dix derni\u00e8res ann\u00e9es.<\/li>\n\n<li>Isolement diplomatique du M23\u00a0: la pression internationale freine son approvisionnement ext\u00e9rieur.<\/li><\/ol><p>Les limites<\/p><ul class=\"wp-block-list\"><li>Pr\u00e9sence militaire rwandaise persistante\u00a0et soutien indirect au M23.<\/li>\n\n<li>Groupes arm\u00e9s opportunistes\u00a0(ADF, Ma\u00ef-Ma\u00ef) profitant du vide s\u00e9curitaire.<\/li>\n\n<li>Manque de r\u00e9forme structurelle\u00a0des FARDC et de la gouvernance locale.<\/li>\n\n<li>Absence de d\u00e9sarmement formel\u00a0du M23.<\/li><\/ul><figure class=\"wp-block-image size-large\"><img decoding=\"async\" width=\"1024\" height=\"576\" src=\"https:\/\/africanova.info\/wp-content\/uploads\/2025\/08\/000_36Q72KG-1-1024x576.jpg\" alt=\"\" class=\"wp-image-19629\" srcset=\"https:\/\/africanova.info\/wp-content\/uploads\/2025\/08\/000_36Q72KG-1-1024x576.jpg 1024w, https:\/\/africanova.info\/wp-content\/uploads\/2025\/08\/000_36Q72KG-1-300x169.jpg 300w, https:\/\/africanova.info\/wp-content\/uploads\/2025\/08\/000_36Q72KG-1-768x432.jpg 768w, https:\/\/africanova.info\/wp-content\/uploads\/2025\/08\/000_36Q72KG-1-1170x658.jpg 1170w, https:\/\/africanova.info\/wp-content\/uploads\/2025\/08\/000_36Q72KG-1-585x329.jpg 585w, https:\/\/africanova.info\/wp-content\/uploads\/2025\/08\/000_36Q72KG-1-1200x675.jpg 1200w, https:\/\/africanova.info\/wp-content\/uploads\/2025\/08\/000_36Q72KG-1-600x338.jpg 600w, https:\/\/africanova.info\/wp-content\/uploads\/2025\/08\/000_36Q72KG-1.jpg 1280w\" sizes=\"(max-width: 1024px) 100vw, 1024px\" \/><\/figure><p>Bilan social : un lourd tribut humain<\/p><p>Malgr\u00e9 la baisse relative des combats,&nbsp;plus de 7\u202fmillions de personnes&nbsp;restent d\u00e9plac\u00e9es en RDC, dont pr\u00e8s d\u2019un million r\u00e9fugi\u00e9s dans les pays voisins (Ouganda, Rwanda, Burundi).<br>Les camps sont surpeupl\u00e9s, l\u2019assistance humanitaire insuffisante, et les violences sexuelles utilis\u00e9es comme arme de guerre continuent.<br>Les effets \u00e9conomiques sont d\u00e9sastreux\u202f: agriculture paralys\u00e9e, routes coup\u00e9es, march\u00e9 noir dominant l\u2019\u00e9conomie locale, hausse brutale des prix alimentaires.<\/p><p>Perspectives et recommandations<\/p><p>Pour transformer cette accalmie fragile en paix durable\u202f:<\/p><ol start=\"1\" class=\"wp-block-list\"><li>R\u00e9forme en profondeur des forces de s\u00e9curit\u00e9\u00a0et lutte contre la corruption dans l\u2019arm\u00e9e.<\/li>\n\n<li>D\u00e9sarmement et r\u00e9int\u00e9gration\u00a0supervis\u00e9s par un m\u00e9canisme international neutre.<\/li>\n\n<li>Relance \u00e9conomique locale\u00a0via la r\u00e9habilitation des routes, des \u00e9coles et h\u00f4pitaux.<\/li>\n\n<li>Dialogue r\u00e9gional inclusif\u00a0englobant Ouganda, Burundi, Tanzanie pour s\u00e9curiser les fronti\u00e8res.<\/li><\/ol><p><\/p><hr class=\"wp-block-separator has-alpha-channel-opacity\"\/><p><\/p><div class=\"gsp_post_data\" data-post_type=\"post\" data-cat=\"politique\" data-modified=\"120\" data-title=\"Quel bilan politique et social apr\u00e8s la \u00ab\u00a0pax americana\u00a0\u00bb entre la RDC et le M23 rwandais ?\" data-home=\"https:\/\/africanova.info\"><\/div>","protected":false},"excerpt":{"rendered":"<p>Introduction : une paix fragile dans l\u2019Est congolais La situation dans&nbsp;l\u2019Est de la R\u00e9publique d\u00e9mocratique du Congo (RDC)&nbsp;reste, en 2025, l\u2019une des plus pr\u00e9occupantes crises s\u00e9curitaires d\u2019Afrique. Depuis la reprise&hellip;<\/p>\n","protected":false},"author":1,"featured_media":19632,"comment_status":"open","ping_status":"open","sticky":false,"template":"","format":"standard","meta":{"_bbp_topic_count":0,"_bbp_reply_count":0,"_bbp_total_topic_count":0,"_bbp_total_reply_count":0,"_bbp_voice_count":0,"_bbp_anonymous_reply_count":0,"_bbp_topic_count_hidden":0,"_bbp_reply_count_hidden":0,"_bbp_forum_subforum_count":0,"_lmt_disableupdate":"","_lmt_disable":"","_jetpack_memberships_contains_paid_content":false,"footnotes":""},"categories":[7],"tags":[11565],"class_list":["post-19628","post","type-post","status-publish","format-standard","has-post-thumbnail","hentry","category-politique","tag-mots-cles-seo-rdc-2025-pax-americana-m23-rwanda-conflit-est-congolais-cessez-le-feu-kivu-ressources-minieres-crise-humanitaire"],"jetpack_featured_media_url":"https:\/\/africanova.info\/wp-content\/uploads\/2025\/08\/4cvbDRVq_o.webp","jetpack_sharing_enabled":true,"_links":{"self":[{"href":"https:\/\/africanova.info\/index.php?rest_route=\/wp\/v2\/posts\/19628","targetHints":{"allow":["GET"]}}],"collection":[{"href":"https:\/\/africanova.info\/index.php?rest_route=\/wp\/v2\/posts"}],"about":[{"href":"https:\/\/africanova.info\/index.php?rest_route=\/wp\/v2\/types\/post"}],"author":[{"embeddable":true,"href":"https:\/\/africanova.info\/index.php?rest_route=\/wp\/v2\/users\/1"}],"replies":[{"embeddable":true,"href":"https:\/\/africanova.info\/index.php?rest_route=%2Fwp%2Fv2%2Fcomments&post=19628"}],"version-history":[{"count":1,"href":"https:\/\/africanova.info\/index.php?rest_route=\/wp\/v2\/posts\/19628\/revisions"}],"predecessor-version":[{"id":19633,"href":"https:\/\/africanova.info\/index.php?rest_route=\/wp\/v2\/posts\/19628\/revisions\/19633"}],"wp:featuredmedia":[{"embeddable":true,"href":"https:\/\/africanova.info\/index.php?rest_route=\/wp\/v2\/media\/19632"}],"wp:attachment":[{"href":"https:\/\/africanova.info\/index.php?rest_route=%2Fwp%2Fv2%2Fmedia&parent=19628"}],"wp:term":[{"taxonomy":"category","embeddable":true,"href":"https:\/\/africanova.info\/index.php?rest_route=%2Fwp%2Fv2%2Fcategories&post=19628"},{"taxonomy":"post_tag","embeddable":true,"href":"https:\/\/africanova.info\/index.php?rest_route=%2Fwp%2Fv2%2Ftags&post=19628"}],"curies":[{"name":"wp","href":"https:\/\/api.w.org\/{rel}","templated":true}]}}