
{"id":19623,"date":"2025-08-14T22:55:16","date_gmt":"2025-08-14T20:55:16","guid":{"rendered":"https:\/\/africanova.info\/?p=19623"},"modified":"2025-08-14T22:55:20","modified_gmt":"2025-08-14T20:55:20","slug":"mali-arrestation-de-lex-premier-ministre-pour-detournement-de-fonds-publics-tensions-politiques-renforcees","status":"publish","type":"post","link":"https:\/\/africanova.info\/?p=19623","title":{"rendered":"Mali : arrestation de l\u2019ex-Premier ministre pour d\u00e9tournement de fonds publics, tensions politiques renforc\u00e9es"},"content":{"rendered":"<p>Un choc dans la politique malienne<\/p><p>Le Mali est secou\u00e9 depuis ao\u00fbt 2025 par une affaire politique majeure : l\u2019arrestation de l\u2019ancien Premier ministre&nbsp;Abdoulaye Ma\u00efga pour des accusations de d\u00e9tournement de fonds publics. Cette arrestation survient dans un contexte tendu o\u00f9 la transition politique, entam\u00e9e apr\u00e8s le coup d\u2019\u00c9tat militaire d\u2019ao\u00fbt 2021, peine \u00e0 se stabiliser.<\/p><p>Ce nouvel \u00e9pisode judiciaire aggrave les divisions au sein de la classe politique malienne et suscite des r\u00e9actions contrast\u00e9es \u00e0 la fois sur la sc\u00e8ne nationale et aupr\u00e8s des partenaires internationaux.<\/p><p>D\u00e9tail des accusations<\/p><p>Les autorit\u00e9s maliennes et la justice de transition reprochent \u00e0 Ma\u00efga d\u2019avoir d\u00e9tourn\u00e9 plusieurs milliards de francs CFA destin\u00e9s \u00e0 la gestion des finances publiques, notamment sur des budgets li\u00e9s aux aides internationales et aux projets de d\u00e9veloppement. Les enqu\u00eates r\u00e9v\u00e8lent des surfacturations, des fausses factures et des transferts vers des comptes personnels ou d\u2019alli\u00e9s politiques.<\/p><p>Cette affaire s\u2019inscrit dans une s\u00e9rie d\u2019enqu\u00eates anticorruption lanc\u00e9es ces derni\u00e8res ann\u00e9es pour restaurer la confiance dans une administration fragilis\u00e9e par des scandales r\u00e9p\u00e9t\u00e9s.<\/p><p>R\u00e9actions nationales<\/p><ul class=\"wp-block-list\"><li>Le gouvernement de transition affirme son engagement \u00e0 lutter contre l\u2019impunit\u00e9, renfor\u00e7ant ainsi le message aupr\u00e8s de la communaut\u00e9 internationale.<\/li>\n\n<li>L\u2019opposition, cependant, d\u00e9nonce une justice instrumentalis\u00e9e \u00e0 des fins politiques, visant \u00e0 neutraliser des rivaux.<\/li>\n\n<li>La soci\u00e9t\u00e9 civile reste divis\u00e9e, oscillant entre espoir d\u2019une bonne gouvernance et scepticisme quant \u00e0 la port\u00e9e r\u00e9elle des mesures.<\/li><\/ul><p>Tensions politiques et contexte fragile<\/p><p>Cette arrestation co\u00efncide avec des vell\u00e9it\u00e9s de report des \u00e9lections g\u00e9n\u00e9rales, pr\u00e9vues initialement pour fin 2025, un report qui alimente la m\u00e9fiance des acteurs politiques et des organisations r\u00e9gionales telles que la CEDEAO et l\u2019Union africaine.<\/p><p>Les divisions internes risquent de fragiliser davantage le fragile \u00e9quilibre politique malien, dans un contexte o\u00f9 la s\u00e9curit\u00e9 reste pr\u00e9caire, notamment dans les zones du Sahel o\u00f9 les groupes arm\u00e9s jihadistes maintiennent une forte pr\u00e9sence.<\/p><p>Cons\u00e9quences sur les relations internationales<\/p><p>La communaut\u00e9 internationale suit avec attention cette affaire, qui pourrait conditionner la poursuite des aides financi\u00e8res cruciales pour la transition malienne. Le FMI, la Banque mondiale et les donateurs bilat\u00e9raux ont rappel\u00e9 l\u2019importance d\u2019une gouvernance transparente pour garantir l\u2019efficacit\u00e9 des financements.<\/p><figure class=\"wp-block-image size-full\"><img fetchpriority=\"high\" decoding=\"async\" width=\"836\" height=\"606\" src=\"https:\/\/africanova.info\/wp-content\/uploads\/2025\/08\/Moctar-Ouane-nouveau-premier-ministre-malien-droite-2009_0.webp\" alt=\"\" class=\"wp-image-19624\" srcset=\"https:\/\/africanova.info\/wp-content\/uploads\/2025\/08\/Moctar-Ouane-nouveau-premier-ministre-malien-droite-2009_0.webp 836w, https:\/\/africanova.info\/wp-content\/uploads\/2025\/08\/Moctar-Ouane-nouveau-premier-ministre-malien-droite-2009_0-300x217.webp 300w, https:\/\/africanova.info\/wp-content\/uploads\/2025\/08\/Moctar-Ouane-nouveau-premier-ministre-malien-droite-2009_0-768x557.webp 768w, https:\/\/africanova.info\/wp-content\/uploads\/2025\/08\/Moctar-Ouane-nouveau-premier-ministre-malien-droite-2009_0-585x424.webp 585w, https:\/\/africanova.info\/wp-content\/uploads\/2025\/08\/Moctar-Ouane-nouveau-premier-ministre-malien-droite-2009_0-600x435.webp 600w\" sizes=\"(max-width: 836px) 100vw, 836px\" \/><\/figure><p>R\u00e9formes exig\u00e9es<\/p><p>Pour r\u00e9tablir la confiance, plusieurs mesures sont pr\u00e9conis\u00e9es :<\/p><ul class=\"wp-block-list\"><li>Renforcement de l\u2019ind\u00e9pendance judiciaire.<\/li>\n\n<li>Mise en place d\u2019un contr\u00f4le strict des march\u00e9s publics.<\/li>\n\n<li>Transparence accrue dans la gestion des fonds allou\u00e9s \u00e0 la transition.<\/li><\/ul><p>Conclusion<\/p><p>L\u2019arrestation de l\u2019ex-Premier ministre malien est un r\u00e9v\u00e9lateur des d\u00e9fis profonds auxquels fait face le pays dans sa qu\u00eate de stabilit\u00e9 d\u00e9mocratique. La lutte contre la corruption pourra \u00eatre un levier cl\u00e9 pour la consolidation de la paix, mais elle doit s\u2019accompagner d\u2019un r\u00e9el dialogue politique inclusif.<\/p><p>Mots-cl\u00e9s SEO&nbsp;: Mali Abdoulaye Ma\u00efga d\u00e9tournement de fonds arrestation transition politique lutte anticorruption CEDEAO Afrique Sahel<\/p><p><\/p><p><\/p><div class=\"gsp_post_data\" data-post_type=\"post\" data-cat=\"actualites\" data-modified=\"120\" data-title=\"Mali : arrestation de l\u2019ex-Premier ministre pour d\u00e9tournement de fonds publics, tensions politiques renforc\u00e9es\" data-home=\"https:\/\/africanova.info\"><\/div>","protected":false},"excerpt":{"rendered":"<p>Un choc dans la politique malienne Le Mali est secou\u00e9 depuis ao\u00fbt 2025 par une affaire politique majeure : l\u2019arrestation de l\u2019ancien Premier ministre&nbsp;Abdoulaye Ma\u00efga pour des accusations de d\u00e9tournement&hellip;<\/p>\n","protected":false},"author":1,"featured_media":19626,"comment_status":"open","ping_status":"open","sticky":false,"template":"","format":"standard","meta":{"_bbp_topic_count":0,"_bbp_reply_count":0,"_bbp_total_topic_count":0,"_bbp_total_reply_count":0,"_bbp_voice_count":0,"_bbp_anonymous_reply_count":0,"_bbp_topic_count_hidden":0,"_bbp_reply_count_hidden":0,"_bbp_forum_subforum_count":0,"_lmt_disableupdate":"","_lmt_disable":"","_jetpack_memberships_contains_paid_content":false,"footnotes":""},"categories":[1],"tags":[11564],"class_list":["post-19623","post","type-post","status-publish","format-standard","has-post-thumbnail","hentry","category-actualites","tag-mots-cles-seo-mali-abdoulaye-maiga-detournement-de-fonds-arrestation-transition-politique-lutte-anticorruption-cedeao-afrique-sahel"],"jetpack_featured_media_url":"https:\/\/africanova.info\/wp-content\/uploads\/2025\/08\/900x506_cmsv2_965d844b-9a82-5ac6-b67c-2f697d311a5f-6011662-1.webp","jetpack_sharing_enabled":true,"_links":{"self":[{"href":"https:\/\/africanova.info\/index.php?rest_route=\/wp\/v2\/posts\/19623","targetHints":{"allow":["GET"]}}],"collection":[{"href":"https:\/\/africanova.info\/index.php?rest_route=\/wp\/v2\/posts"}],"about":[{"href":"https:\/\/africanova.info\/index.php?rest_route=\/wp\/v2\/types\/post"}],"author":[{"embeddable":true,"href":"https:\/\/africanova.info\/index.php?rest_route=\/wp\/v2\/users\/1"}],"replies":[{"embeddable":true,"href":"https:\/\/africanova.info\/index.php?rest_route=%2Fwp%2Fv2%2Fcomments&post=19623"}],"version-history":[{"count":1,"href":"https:\/\/africanova.info\/index.php?rest_route=\/wp\/v2\/posts\/19623\/revisions"}],"predecessor-version":[{"id":19627,"href":"https:\/\/africanova.info\/index.php?rest_route=\/wp\/v2\/posts\/19623\/revisions\/19627"}],"wp:featuredmedia":[{"embeddable":true,"href":"https:\/\/africanova.info\/index.php?rest_route=\/wp\/v2\/media\/19626"}],"wp:attachment":[{"href":"https:\/\/africanova.info\/index.php?rest_route=%2Fwp%2Fv2%2Fmedia&parent=19623"}],"wp:term":[{"taxonomy":"category","embeddable":true,"href":"https:\/\/africanova.info\/index.php?rest_route=%2Fwp%2Fv2%2Fcategories&post=19623"},{"taxonomy":"post_tag","embeddable":true,"href":"https:\/\/africanova.info\/index.php?rest_route=%2Fwp%2Fv2%2Ftags&post=19623"}],"curies":[{"name":"wp","href":"https:\/\/api.w.org\/{rel}","templated":true}]}}