
{"id":19597,"date":"2025-08-14T16:30:42","date_gmt":"2025-08-14T14:30:42","guid":{"rendered":"https:\/\/africanova.info\/?p=19597"},"modified":"2025-08-14T16:30:45","modified_gmt":"2025-08-14T14:30:45","slug":"espagne-demande-daide-europeenne-face-aux-incendies-destructeurs-en-castille-et-leon","status":"publish","type":"post","link":"https:\/\/africanova.info\/?p=19597","title":{"rendered":"Espagne : demande d\u2019aide europ\u00e9enne face aux incendies destructeurs en Castille-et-L\u00e9on"},"content":{"rendered":"<p>Une catastrophe environnementale et humaine<\/p><p>Depuis la fin juillet 2025, la r\u00e9gion espagnole de&nbsp;Castille-et-L\u00e9on&nbsp;est en proie \u00e0 une s\u00e9rie d\u2019incendies incontr\u00f4lables. Aliment\u00e9s par une canicule historique et des vents violents venant du sud, les feux ont d\u00e9j\u00e0 d\u00e9truit plus de&nbsp;90\u202f000 hectares&nbsp;de for\u00eats et de terres agricoles, ainsi que plusieurs zones prot\u00e9g\u00e9es faisant partie du r\u00e9seau Natura 2000.<br>Les autorit\u00e9s r\u00e9gionales ont d\u00e9clar\u00e9 l\u2019\u00e9tat d\u2019urgence environnementale, tandis que le gouvernement espagnol a officiellement sollicit\u00e9 l\u2019aide de l\u2019Union europ\u00e9enne via le m\u00e9canisme de protection civile.<\/p><p>Les zones les plus touch\u00e9es<\/p><p>Les provinces de Zamora, Le\u00f3n et \u00c1vila sont les plus gravement affect\u00e9es. Dans certaines localit\u00e9s, les flammes se sont approch\u00e9es \u00e0 moins d\u2019un kilom\u00e8tre des habitations, entra\u00eenant l\u2019\u00e9vacuation de plus de 8\u202f000 personnes. Les pertes pour les exploitations agricoles et d\u2019\u00e9levage sont consid\u00e9rables.<\/p><p>Les incendies menacent \u00e9galement d\u2019importantes r\u00e9serves de biodiversit\u00e9\u202f: for\u00eats de ch\u00eane vert et de pin, habitats d\u2019esp\u00e8ces prot\u00e9g\u00e9es comme le lynx ib\u00e9rique et l\u2019aigle imp\u00e9rial.<\/p><p>Causes aggravantes<\/p><ul class=\"wp-block-list\"><li>S\u00e9cheresse prolong\u00e9e\u202f: l\u2019hiver et le printemps secs ont r\u00e9duit l\u2019humidit\u00e9 des sols et des v\u00e9g\u00e9taux.<\/li>\n\n<li>Abandon rural\u202f: baisse de l\u2019entretien des for\u00eats et des p\u00e2turages en raison de l\u2019exode rural.<\/li>\n\n<li>Changements climatiques\u202f: augmentation des temp\u00e9ratures moyennes et allongement des p\u00e9riodes de risque d\u2019incendie.<\/li><\/ul><p>Les experts soulignent \u00e9galement que la suppression progressive du pastoralisme extensif a contribu\u00e9 \u00e0 l\u2019accumulation de combustible v\u00e9g\u00e9tal.<\/p><p>La r\u00e9ponse espagnole et europ\u00e9enne<\/p><p>Le gouvernement espagnol a d\u00e9ploy\u00e9 plus de&nbsp;3\u202f000 pompiers et militaires de l\u2019UME&nbsp;(Unit\u00e9 militaire d\u2019urgence) pour contenir les flammes. L\u2019aide europ\u00e9enne se mat\u00e9rialise par :<\/p><figure class=\"wp-block-image size-full\"><img fetchpriority=\"high\" decoding=\"async\" width=\"864\" height=\"486\" src=\"https:\/\/africanova.info\/wp-content\/uploads\/2025\/08\/46799534.jpeg\" alt=\"\" class=\"wp-image-19598\" srcset=\"https:\/\/africanova.info\/wp-content\/uploads\/2025\/08\/46799534.jpeg 864w, https:\/\/africanova.info\/wp-content\/uploads\/2025\/08\/46799534-300x169.jpeg 300w, https:\/\/africanova.info\/wp-content\/uploads\/2025\/08\/46799534-768x432.jpeg 768w, https:\/\/africanova.info\/wp-content\/uploads\/2025\/08\/46799534-585x329.jpeg 585w, https:\/\/africanova.info\/wp-content\/uploads\/2025\/08\/46799534-600x338.jpeg 600w\" sizes=\"(max-width: 864px) 100vw, 864px\" \/><\/figure><ul class=\"wp-block-list\"><li>L\u2019envoi d\u2019avions bombardiers d\u2019eau Canadair depuis la France et l\u2019Italie.<\/li>\n\n<li>L\u2019assistance logistique du Centre de coordination de la r\u00e9ponse d\u2019urgence de l\u2019UE.<\/li>\n\n<li>Des experts forestiers pour planifier la pr\u00e9vention \u00e0 long terme.<\/li><\/ul><p>Impacts \u00e9conomiques et sociaux<\/p><p>Au-del\u00e0 des d\u00e9g\u00e2ts mat\u00e9riels, l\u2019impact sur le tourisme rural, moteur \u00e9conomique de la r\u00e9gion, est s\u00e9v\u00e8re. Les pertes agricoles, notamment pour les viticulteurs et les producteurs de c\u00e9r\u00e9ales, se chiffrent d\u00e9j\u00e0 \u00e0 plusieurs dizaines de millions d\u2019euros.<\/p><p>Perspectives et strat\u00e9gies futures<\/p><p>Les autorit\u00e9s \u00e9tudient l\u2019instauration de&nbsp;pare-feux permanents, la r\u00e9introduction de p\u00e2turage contr\u00f4l\u00e9 et des programmes d\u2019\u00e9ducation communautaire sur la pr\u00e9vention des feux.<br>Ces incendies renforcent les appels \u00e0 une&nbsp;politique climatique europ\u00e9enne plus ambitieuse, ax\u00e9e autant sur la r\u00e9duction des risques que sur la r\u00e9ponse d\u2019urgence.<\/p><p><\/p><div class=\"gsp_post_data\" data-post_type=\"post\" data-cat=\"actualites\" data-modified=\"120\" data-title=\"Espagne : demande d\u2019aide europ\u00e9enne face aux incendies destructeurs en Castille-et-L\u00e9on\" data-home=\"https:\/\/africanova.info\"><\/div>","protected":false},"excerpt":{"rendered":"<p>Une catastrophe environnementale et humaine Depuis la fin juillet 2025, la r\u00e9gion espagnole de&nbsp;Castille-et-L\u00e9on&nbsp;est en proie \u00e0 une s\u00e9rie d\u2019incendies incontr\u00f4lables. Aliment\u00e9s par une canicule historique et des vents violents&hellip;<\/p>\n","protected":false},"author":1,"featured_media":19602,"comment_status":"open","ping_status":"open","sticky":false,"template":"","format":"standard","meta":{"_bbp_topic_count":0,"_bbp_reply_count":0,"_bbp_total_topic_count":0,"_bbp_total_reply_count":0,"_bbp_voice_count":0,"_bbp_anonymous_reply_count":0,"_bbp_topic_count_hidden":0,"_bbp_reply_count_hidden":0,"_bbp_forum_subforum_count":0,"_lmt_disableupdate":"","_lmt_disable":"","_jetpack_memberships_contains_paid_content":false,"footnotes":""},"categories":[1],"tags":[11559],"class_list":["post-19597","post","type-post","status-publish","format-standard","has-post-thumbnail","hentry","category-actualites","tag-mots-cles-seo-espagne-incendies-2025-castille-et-leon-aide-europeenne-canicule-changement-climatique-biodiversite"],"jetpack_featured_media_url":"https:\/\/africanova.info\/wp-content\/uploads\/2025\/08\/GV5yufCW8AEE9dl-1.jpeg","jetpack_sharing_enabled":true,"_links":{"self":[{"href":"https:\/\/africanova.info\/index.php?rest_route=\/wp\/v2\/posts\/19597","targetHints":{"allow":["GET"]}}],"collection":[{"href":"https:\/\/africanova.info\/index.php?rest_route=\/wp\/v2\/posts"}],"about":[{"href":"https:\/\/africanova.info\/index.php?rest_route=\/wp\/v2\/types\/post"}],"author":[{"embeddable":true,"href":"https:\/\/africanova.info\/index.php?rest_route=\/wp\/v2\/users\/1"}],"replies":[{"embeddable":true,"href":"https:\/\/africanova.info\/index.php?rest_route=%2Fwp%2Fv2%2Fcomments&post=19597"}],"version-history":[{"count":1,"href":"https:\/\/africanova.info\/index.php?rest_route=\/wp\/v2\/posts\/19597\/revisions"}],"predecessor-version":[{"id":19603,"href":"https:\/\/africanova.info\/index.php?rest_route=\/wp\/v2\/posts\/19597\/revisions\/19603"}],"wp:featuredmedia":[{"embeddable":true,"href":"https:\/\/africanova.info\/index.php?rest_route=\/wp\/v2\/media\/19602"}],"wp:attachment":[{"href":"https:\/\/africanova.info\/index.php?rest_route=%2Fwp%2Fv2%2Fmedia&parent=19597"}],"wp:term":[{"taxonomy":"category","embeddable":true,"href":"https:\/\/africanova.info\/index.php?rest_route=%2Fwp%2Fv2%2Fcategories&post=19597"},{"taxonomy":"post_tag","embeddable":true,"href":"https:\/\/africanova.info\/index.php?rest_route=%2Fwp%2Fv2%2Ftags&post=19597"}],"curies":[{"name":"wp","href":"https:\/\/api.w.org\/{rel}","templated":true}]}}