
{"id":19586,"date":"2025-08-14T16:22:19","date_gmt":"2025-08-14T14:22:19","guid":{"rendered":"https:\/\/africanova.info\/?p=19586"},"modified":"2025-08-14T16:22:47","modified_gmt":"2025-08-14T14:22:47","slug":"canada-feux-de-foret-geants-etat-durgence-et-lecons-climatiques","status":"publish","type":"post","link":"https:\/\/africanova.info\/?p=19586","title":{"rendered":"Canada : feux de for\u00eat g\u00e9ants, \u00e9tat d\u2019urgence et le\u00e7ons climatiques"},"content":{"rendered":"<p>Une saison d\u2019incendies sans pr\u00e9c\u00e9dent<\/p><p>L\u2019\u00e9t\u00e9 2025 restera grav\u00e9 comme l\u2019un des plus destructeurs de l\u2019histoire r\u00e9cente du Canada. Depuis le mois de mai, des&nbsp;feux de for\u00eat d\u2019une intensit\u00e9 exceptionnelle&nbsp;ravagent plusieurs provinces, notamment la Colombie-Britannique, l\u2019Alberta et l\u2019Ontario. Au 10 ao\u00fbt, plus de&nbsp;13 millions d\u2019hectares&nbsp;\u00e9taient d\u00e9j\u00e0 partis en fum\u00e9e, soit une superficie sup\u00e9rieure \u00e0 la Gr\u00e8ce.<\/p><p>Ces incendies, aliment\u00e9s par des vagues de chaleur records et une s\u00e9cheresse persistante, ont forc\u00e9 l\u2019\u00e9vacuation de dizaines de milliers d\u2019habitants et provoqu\u00e9 un&nbsp;\u00e9tat d\u2019urgence&nbsp;dans plusieurs r\u00e9gions.<\/p><p>Les causes de cette intensit\u00e9<\/p><p>Des facteurs multiples expliquent la gravit\u00e9 de la situation :<\/p><ul class=\"wp-block-list\"><li>Vagues de chaleur prolong\u00e9es\u00a0: certaines zones ont connu plus de 20 jours cons\u00e9cutifs de temp\u00e9ratures sup\u00e9rieures \u00e0 35\u202f\u00b0C.<\/li>\n\n<li>S\u00e9cheresse extr\u00eame\u00a0: un d\u00e9ficit hydrique important a rendu les for\u00eats particuli\u00e8rement inflammables.<\/li>\n\n<li>Vents violents\u00a0: ils favorisent la propagation rapide des flammes sur de grandes distances.<\/li>\n\n<li>Accumulation de combustible\u00a0: absence d\u2019entretien et hausse de la densit\u00e9 foresti\u00e8re dans des zones sensibles.<\/li><\/ul><p>Les scientifiques \u00e9tablissent un lien direct entre cette recrudescence d\u2019incendies et le&nbsp;changement climatique, qui accro\u00eet la fr\u00e9quence et l\u2019intensit\u00e9 des ph\u00e9nom\u00e8nes m\u00e9t\u00e9orologiques extr\u00eames.<\/p><p>Une crise humanitaire et sanitaire<\/p><p>Outre les destructions mat\u00e9rielles, les feux de for\u00eat ont des cons\u00e9quences majeures sur la sant\u00e9 publique. La fum\u00e9e \u00e9paisse et les particules fines se propagent sur des milliers de kilom\u00e8tres, affectant la qualit\u00e9 de l\u2019air bien au-del\u00e0 des zones incendi\u00e9es \u2014 jusque dans le nord des \u00c9tats-Unis. Les h\u00f4pitaux rapportent une hausse significative des admissions pour probl\u00e8mes respiratoires et cardiovasculaires.<\/p><p>Plus de&nbsp;80\u202f000 habitants&nbsp;ont d\u00e9j\u00e0 \u00e9t\u00e9 d\u00e9plac\u00e9s, parfois pour plusieurs semaines, et de nombreux foyers restent sans \u00e9lectricit\u00e9 ni acc\u00e8s \u00e0 l\u2019eau potable.<\/p><p>Impact \u00e9conomique et environnemental<\/p><p>Les pertes \u00e9conomiques se comptent d\u00e9j\u00e0 en&nbsp;milliards de dollars, incluant :<\/p><ul class=\"wp-block-list\"><li>Destruction d\u2019habitations et d\u2019infrastructures.<\/li>\n\n<li>Pertes pour l\u2019industrie foresti\u00e8re et touristique.<\/li>\n\n<li>Co\u00fbts li\u00e9s aux op\u00e9rations de lutte contre les incendies.<\/li><\/ul><p>Sur le plan environnemental, les feux lib\u00e8rent d\u2019\u00e9normes quantit\u00e9s de CO\u2082, tout en d\u00e9truisant des habitats essentiels \u00e0 la biodiversit\u00e9. Les sols appauvris mettront plusieurs d\u00e9cennies \u00e0 se r\u00e9g\u00e9n\u00e9rer.<\/p><figure class=\"wp-block-image size-full is-resized\"><img fetchpriority=\"high\" decoding=\"async\" width=\"734\" height=\"490\" src=\"https:\/\/africanova.info\/wp-content\/uploads\/2025\/08\/AP23187827766508.jpg\" alt=\"\" class=\"wp-image-19589\" style=\"width:780px;height:auto\" srcset=\"https:\/\/africanova.info\/wp-content\/uploads\/2025\/08\/AP23187827766508.jpg 734w, https:\/\/africanova.info\/wp-content\/uploads\/2025\/08\/AP23187827766508-300x200.jpg 300w, https:\/\/africanova.info\/wp-content\/uploads\/2025\/08\/AP23187827766508-585x391.jpg 585w, https:\/\/africanova.info\/wp-content\/uploads\/2025\/08\/AP23187827766508-263x175.jpg 263w, https:\/\/africanova.info\/wp-content\/uploads\/2025\/08\/AP23187827766508-600x401.jpg 600w\" sizes=\"(max-width: 734px) 100vw, 734px\" \/><\/figure><p>R\u00e9ponses gouvernementales<\/p><p>Le gouvernement f\u00e9d\u00e9ral a mobilis\u00e9 l\u2019arm\u00e9e pour soutenir les pompiers provinciaux, en plus de recevoir une aide internationale, notamment des \u00e9quipes venues de France, d\u2019Australie et du Mexique. Des programmes d\u2019aide financi\u00e8re d\u2019urgence ont \u00e9t\u00e9 mis en place pour les sinistr\u00e9s.<\/p><p>Les autorit\u00e9s promettent \u00e9galement de renforcer les politiques de pr\u00e9vention\u202f: coupes s\u00e9lectives pour r\u00e9duire le combustible, cr\u00e9ation de zones tampons autour des zones habit\u00e9es, adoption de techniques autochtones traditionnelles de br\u00fblage pr\u00e9ventif.<\/p><p>Le\u00e7ons climatiques pour l\u2019avenir<\/p><p>Ces incendies rappellent l\u2019urgence de l\u2019adaptation face au r\u00e9chauffement climatique. Les experts plaident pour une meilleure int\u00e9gration des risques climatiques dans l\u2019am\u00e9nagement du territoire et pour un&nbsp;accroissement massif des investissements dans la pr\u00e9vention&nbsp;plut\u00f4t que dans la seule gestion de crise.<\/p><p>Conclusion<\/p><p>Le Canada, longtemps per\u00e7u comme une terre de for\u00eats in\u00e9puisables, se retrouve en premi\u00e8re ligne face au d\u00e9fi du climat. Les feux de 2025 constituent un avertissement sur la n\u00e9cessit\u00e9 de concilier exploitation foresti\u00e8re, protection environnementale et r\u00e9silience face aux extr\u00eames climatiques.<\/p><p><\/p><div class=\"gsp_post_data\" data-post_type=\"post\" data-cat=\"actualites\" data-modified=\"120\" data-title=\"Canada : feux de for\u00eat g\u00e9ants, \u00e9tat d\u2019urgence et le\u00e7ons climatiques\" data-home=\"https:\/\/africanova.info\"><\/div>","protected":false},"excerpt":{"rendered":"<p>Une saison d\u2019incendies sans pr\u00e9c\u00e9dent L\u2019\u00e9t\u00e9 2025 restera grav\u00e9 comme l\u2019un des plus destructeurs de l\u2019histoire r\u00e9cente du Canada. Depuis le mois de mai, des&nbsp;feux de for\u00eat d\u2019une intensit\u00e9 exceptionnelle&nbsp;ravagent&hellip;<\/p>\n","protected":false},"author":1,"featured_media":19588,"comment_status":"open","ping_status":"open","sticky":false,"template":"","format":"standard","meta":{"_bbp_topic_count":0,"_bbp_reply_count":0,"_bbp_total_topic_count":0,"_bbp_total_reply_count":0,"_bbp_voice_count":0,"_bbp_anonymous_reply_count":0,"_bbp_topic_count_hidden":0,"_bbp_reply_count_hidden":0,"_bbp_forum_subforum_count":0,"_lmt_disableupdate":"","_lmt_disable":"","_jetpack_memberships_contains_paid_content":false,"footnotes":""},"categories":[1],"tags":[11557],"class_list":["post-19586","post","type-post","status-publish","format-standard","has-post-thumbnail","hentry","category-actualites","tag-mots-cles-seo-canada-feux-de-foret-2025-colombie-britannique-alberta-changement-climatique-evacuations-bilan-economique-biodiversite"],"jetpack_featured_media_url":"https:\/\/africanova.info\/wp-content\/uploads\/2025\/08\/w1024-p16x9-2023-06-04T160436Z_14647162_RC27C1A4JV1C_RTRMADP_3_CANADA-WILDFIRES.jpg","jetpack_sharing_enabled":true,"_links":{"self":[{"href":"https:\/\/africanova.info\/index.php?rest_route=\/wp\/v2\/posts\/19586","targetHints":{"allow":["GET"]}}],"collection":[{"href":"https:\/\/africanova.info\/index.php?rest_route=\/wp\/v2\/posts"}],"about":[{"href":"https:\/\/africanova.info\/index.php?rest_route=\/wp\/v2\/types\/post"}],"author":[{"embeddable":true,"href":"https:\/\/africanova.info\/index.php?rest_route=\/wp\/v2\/users\/1"}],"replies":[{"embeddable":true,"href":"https:\/\/africanova.info\/index.php?rest_route=%2Fwp%2Fv2%2Fcomments&post=19586"}],"version-history":[{"count":1,"href":"https:\/\/africanova.info\/index.php?rest_route=\/wp\/v2\/posts\/19586\/revisions"}],"predecessor-version":[{"id":19590,"href":"https:\/\/africanova.info\/index.php?rest_route=\/wp\/v2\/posts\/19586\/revisions\/19590"}],"wp:featuredmedia":[{"embeddable":true,"href":"https:\/\/africanova.info\/index.php?rest_route=\/wp\/v2\/media\/19588"}],"wp:attachment":[{"href":"https:\/\/africanova.info\/index.php?rest_route=%2Fwp%2Fv2%2Fmedia&parent=19586"}],"wp:term":[{"taxonomy":"category","embeddable":true,"href":"https:\/\/africanova.info\/index.php?rest_route=%2Fwp%2Fv2%2Fcategories&post=19586"},{"taxonomy":"post_tag","embeddable":true,"href":"https:\/\/africanova.info\/index.php?rest_route=%2Fwp%2Fv2%2Ftags&post=19586"}],"curies":[{"name":"wp","href":"https:\/\/api.w.org\/{rel}","templated":true}]}}