
{"id":19555,"date":"2025-08-14T15:07:24","date_gmt":"2025-08-14T13:07:24","guid":{"rendered":"https:\/\/africanova.info\/?p=19555"},"modified":"2025-08-14T15:07:24","modified_gmt":"2025-08-14T13:07:24","slug":"cameroun-tensions-post-electorales-et-solutions-pour-une-reconciliation-nationale","status":"publish","type":"post","link":"https:\/\/africanova.info\/?p=19555","title":{"rendered":"Cameroun : tensions post-\u00e9lectorales et solutions pour une r\u00e9conciliation nationale"},"content":{"rendered":"<p><strong>Un climat politique polaris\u00e9<\/strong><\/p><p>Le&nbsp;Cameroun&nbsp;traverse une phase d\u00e9licate apr\u00e8s les \u00e9lections g\u00e9n\u00e9rales du 5 juillet 2025. Si la Commission nationale \u00e9lectorale a proclam\u00e9 la victoire du pr\u00e9sident sortant&nbsp;Paul Biya&nbsp;avec 54\u202f% des voix, l\u2019opposition d\u00e9nonce des irr\u00e9gularit\u00e9s massives, allant de bourrages d\u2019urnes \u00e0 des manipulations dans les r\u00e9sultats informatiques.<\/p><p>Les principaux challengers,&nbsp;Maurice Kamto&nbsp;et&nbsp;Cabral Libii, ont rejet\u00e9 les r\u00e9sultats et appel\u00e9 au dialogue national, tout en pr\u00e9venant qu\u2019ils ne reconna\u00eetront pas la l\u00e9gitimit\u00e9 du nouveau mandat sans audit ind\u00e9pendant du processus \u00e9lectoral.<\/p><p>Des tensions anciennes raviv\u00e9es<\/p><p>Ces contestations ravivent un contexte d\u00e9j\u00e0 tendu :<\/p><ul class=\"wp-block-list\"><li>Crise anglophone\u00a0dans le Nord-Ouest et Sud-Ouest, o\u00f9 des affrontements entre forces de s\u00e9curit\u00e9 et groupes s\u00e9paratistes persistent.<\/li>\n\n<li>M\u00e9contentement social d\u00fb \u00e0 la vie ch\u00e8re et au ch\u00f4mage des jeunes.<\/li>\n\n<li>Soup\u00e7ons d\u2019\u00e9rosion d\u00e9mocratique\u00a0autour d\u2019un pouvoir en place depuis quatre d\u00e9cennies.<\/li><\/ul><p>R\u00e9actions nationales et internationales<\/p><p>Dans les jours ayant suivi le scrutin, des manifestations ont \u00e9clat\u00e9 \u00e0 Douala, Yaound\u00e9 et Bafoussam, rapidement dispers\u00e9es par les forces de l\u2019ordre.<br>Sur le plan diplomatique, la CEDEAO et l\u2019Union africaine appellent au calme et \u00e0 un dialogue inclusif. L\u2019Union europ\u00e9enne, tout en saluant l\u2019absence de violence g\u00e9n\u00e9ralis\u00e9e, demande une enqu\u00eate ind\u00e9pendante sur certaines anomalies.<\/p><figure class=\"wp-block-image size-large\"><img fetchpriority=\"high\" decoding=\"async\" width=\"1024\" height=\"683\" src=\"https:\/\/africanova.info\/wp-content\/uploads\/2025\/08\/Cameroon-Report-3-December-2020-1024x683.jpg\" alt=\"\" class=\"wp-image-19556\" srcset=\"https:\/\/africanova.info\/wp-content\/uploads\/2025\/08\/Cameroon-Report-3-December-2020-1024x683.jpg 1024w, https:\/\/africanova.info\/wp-content\/uploads\/2025\/08\/Cameroon-Report-3-December-2020-300x200.jpg 300w, https:\/\/africanova.info\/wp-content\/uploads\/2025\/08\/Cameroon-Report-3-December-2020-768x512.jpg 768w, https:\/\/africanova.info\/wp-content\/uploads\/2025\/08\/Cameroon-Report-3-December-2020-585x390.jpg 585w, https:\/\/africanova.info\/wp-content\/uploads\/2025\/08\/Cameroon-Report-3-December-2020-263x175.jpg 263w, https:\/\/africanova.info\/wp-content\/uploads\/2025\/08\/Cameroon-Report-3-December-2020-600x400.jpg 600w, https:\/\/africanova.info\/wp-content\/uploads\/2025\/08\/Cameroon-Report-3-December-2020.jpg 1080w\" sizes=\"(max-width: 1024px) 100vw, 1024px\" \/><\/figure><p>Les voies possibles de r\u00e9conciliation<\/p><p>Pour \u00e9viter que la crise ne d\u00e9g\u00e9n\u00e8re, plusieurs pistes sont avanc\u00e9es\u202f:<\/p><ul class=\"wp-block-list\"><li>Dialogue national renforc\u00e9, incluant opposition, soci\u00e9t\u00e9 civile, chefs traditionnels et religieux.<\/li>\n\n<li>R\u00e9forme du code \u00e9lectoral pour plus de transparence et de participation citoyenne.<\/li>\n\n<li>Lib\u00e9ration des prisonniers politiques arr\u00eat\u00e9s lors des manifestations post-\u00e9lectorales.<\/li>\n\n<li>Acc\u00e9l\u00e9ration des projets de d\u00e9veloppement dans les r\u00e9gions marginalis\u00e9es.<\/li><\/ul><p>Enjeux pour l\u2019avenir<\/p><p>Si aucune solution de compromis n\u2019est trouv\u00e9e, le Cameroun risque de voir s\u2019affaiblir davantage sa stabilit\u00e9 politique et \u00e9conomique, d\u00e9j\u00e0 mise \u00e0 mal par les tensions s\u00e9paratistes et la corruption end\u00e9mique.<\/p><p>Conclusion<\/p><p>La crise post-\u00e9lectorale de 2025 repr\u00e9sente une&nbsp;\u00e9preuve majeure pour l\u2019unit\u00e9 nationale. Seule une volont\u00e9 politique r\u00e9elle de r\u00e9formes et d\u2019inclusion pourra \u00e9viter que le pays ne s\u2019enlise dans un cycle de tensions r\u00e9currentes.<\/p><p><\/p><div class=\"gsp_post_data\" data-post_type=\"post\" data-cat=\"politique\" data-modified=\"120\" data-title=\"Cameroun : tensions post-\u00e9lectorales et solutions pour une r\u00e9conciliation nationale\" data-home=\"https:\/\/africanova.info\"><\/div>","protected":false},"excerpt":{"rendered":"<p>Un climat politique polaris\u00e9 Le&nbsp;Cameroun&nbsp;traverse une phase d\u00e9licate apr\u00e8s les \u00e9lections g\u00e9n\u00e9rales du 5 juillet 2025. Si la Commission nationale \u00e9lectorale a proclam\u00e9 la victoire du pr\u00e9sident sortant&nbsp;Paul Biya&nbsp;avec 54\u202f%&hellip;<\/p>\n","protected":false},"author":1,"featured_media":19557,"comment_status":"open","ping_status":"open","sticky":false,"template":"","format":"standard","meta":{"_bbp_topic_count":0,"_bbp_reply_count":0,"_bbp_total_topic_count":0,"_bbp_total_reply_count":0,"_bbp_voice_count":0,"_bbp_anonymous_reply_count":0,"_bbp_topic_count_hidden":0,"_bbp_reply_count_hidden":0,"_bbp_forum_subforum_count":0,"_lmt_disableupdate":"","_lmt_disable":"","_jetpack_memberships_contains_paid_content":false,"footnotes":""},"categories":[7],"tags":[11552],"class_list":["post-19555","post","type-post","status-publish","format-standard","has-post-thumbnail","hentry","category-politique","tag-mots-cles-seo-cameroun-elections-2025-tensions-post-electorales-paul-biya-maurice-kamto-dialogue-national-crise-anglophone-democratie-afrique-centrale"],"jetpack_featured_media_url":"https:\/\/africanova.info\/wp-content\/uploads\/2025\/08\/cameroonQA-31oct18.jpg","jetpack_sharing_enabled":true,"_links":{"self":[{"href":"https:\/\/africanova.info\/index.php?rest_route=\/wp\/v2\/posts\/19555","targetHints":{"allow":["GET"]}}],"collection":[{"href":"https:\/\/africanova.info\/index.php?rest_route=\/wp\/v2\/posts"}],"about":[{"href":"https:\/\/africanova.info\/index.php?rest_route=\/wp\/v2\/types\/post"}],"author":[{"embeddable":true,"href":"https:\/\/africanova.info\/index.php?rest_route=\/wp\/v2\/users\/1"}],"replies":[{"embeddable":true,"href":"https:\/\/africanova.info\/index.php?rest_route=%2Fwp%2Fv2%2Fcomments&post=19555"}],"version-history":[{"count":1,"href":"https:\/\/africanova.info\/index.php?rest_route=\/wp\/v2\/posts\/19555\/revisions"}],"predecessor-version":[{"id":19558,"href":"https:\/\/africanova.info\/index.php?rest_route=\/wp\/v2\/posts\/19555\/revisions\/19558"}],"wp:featuredmedia":[{"embeddable":true,"href":"https:\/\/africanova.info\/index.php?rest_route=\/wp\/v2\/media\/19557"}],"wp:attachment":[{"href":"https:\/\/africanova.info\/index.php?rest_route=%2Fwp%2Fv2%2Fmedia&parent=19555"}],"wp:term":[{"taxonomy":"category","embeddable":true,"href":"https:\/\/africanova.info\/index.php?rest_route=%2Fwp%2Fv2%2Fcategories&post=19555"},{"taxonomy":"post_tag","embeddable":true,"href":"https:\/\/africanova.info\/index.php?rest_route=%2Fwp%2Fv2%2Ftags&post=19555"}],"curies":[{"name":"wp","href":"https:\/\/api.w.org\/{rel}","templated":true}]}}