
{"id":18754,"date":"2025-08-07T08:32:26","date_gmt":"2025-08-07T06:32:26","guid":{"rendered":"https:\/\/africanova.info\/?p=18754"},"modified":"2025-08-07T08:32:29","modified_gmt":"2025-08-07T06:32:29","slug":"mali-accueille-le-premier-forum-humanitaire-de-laes-a-bamako-enjeux-et-perspectives-cruciales","status":"publish","type":"post","link":"https:\/\/africanova.info\/?p=18754","title":{"rendered":"Mali accueille le premier Forum humanitaire de l\u2019AES \u00e0 Bamako : enjeux et perspectives cruciales"},"content":{"rendered":"<p>Introduction<br>Le Mali vient d\u2019accueillir \u00e0 Bamako le tout premier Forum humanitaire organis\u00e9 par l\u2019Alliance pour l\u2019Entraide Solidaire (AES). Cet \u00e9v\u00e9nement d\u2019envergure internationale r\u00e9unit acteurs humanitaires, institutions gouvernementales, ONG locales et partenaires internationaux autour des d\u00e9fis majeurs auxquels le pays est confront\u00e9, notamment dans un contexte de crise s\u00e9curitaire persistante et de pauvret\u00e9 accentu\u00e9e. Cette premi\u00e8re \u00e9dition marque un tournant pour la collaboration r\u00e9gionale et la coordination des efforts visant \u00e0 r\u00e9pondre efficacement aux besoins des populations vuln\u00e9rables.<\/p><p>Contexte humanitaire au Mali<br>Le Mali fait face \u00e0 une crise multi-dimensionnelle qui combine conflits arm\u00e9s, ins\u00e9curit\u00e9 alimentaire, d\u00e9placements internes massifs et d\u00e9gradation des infrastructures de base. Selon le Bureau de la coordination des affaires humanitaires de l\u2019ONU (OCHA), plus de 7 millions de personnes ont besoin d\u2019aide urgente dans le pays, avec des zones particuli\u00e8rement expos\u00e9es dans le centre et le nord du territoire. La situation s\u00e9curitaire volatile complique l\u2019acc\u00e8s humanitaire et augmente le risque d\u2019exclusion de certaines populations.<\/p><p>Objectifs et enjeux du Forum AES<br>L\u2019Alliance pour l\u2019Entraide Solidaire vise \u00e0 renforcer la synergie entre intervenants humanitaires afin de maximiser l\u2019impact des actions sur le terrain. Le Forum de Bamako a pour objectifs cl\u00e9s :<\/p><ul class=\"wp-block-list\"><li>Favoriser le dialogue entre acteurs locaux, nationaux et internationaux.<\/li>\n\n<li>Promouvoir des strat\u00e9gies int\u00e9gr\u00e9es combinant assistance, protection et d\u00e9veloppement durable.<\/li>\n\n<li>Partager les innovations technologiques et m\u00e9thodologiques pour am\u00e9liorer l\u2019efficacit\u00e9 des interventions.<\/li>\n\n<li>Consolider les m\u00e9canismes de financement et la transparence dans la gestion des ressources.<\/li><\/ul><p>Des tables rondes th\u00e9matiques ont abord\u00e9 des sujets critiques tels que la protection des femmes et des enfants, la r\u00e9silience \u00e9conomique des communaut\u00e9s affect\u00e9es, l\u2019acc\u00e8s \u00e9quitable \u00e0 la sant\u00e9, et la s\u00e9curit\u00e9 alimentaire.<\/p><p>Participation et discours marquants<br>Plusieurs personnalit\u00e9s internationales ont pris la parole, parmi lesquelles la coordinatrice-humanitaire de l\u2019ONU pour le Mali et des repr\u00e9sentants de la Commission de l\u2019Union africaine. Tous ont soulign\u00e9 l\u2019importance d\u2019un engagement accru des \u00c9tats et la n\u00e9cessit\u00e9 de combiner approche s\u00e9curitaire et d\u00e9veloppement. Le gouvernement malien a r\u00e9affirm\u00e9 son engagement en faveur de la paix et du soutien aux populations, tout en appelant \u00e0 une plus grande coop\u00e9ration r\u00e9gionale notamment face aux flux de r\u00e9fugi\u00e9s.<\/p><p>Points forts du Forum et propositions cl\u00e9s<\/p><ul class=\"wp-block-list\"><li>Mise en place d\u2019un r\u00e9seau d\u2019alerte rapide pour les crises \u00e9mergentes.<\/li>\n\n<li>Renforcement des capacit\u00e9s des ONG maliennes, souvent en premi\u00e8re ligne.<\/li>\n\n<li>Promotion de partenariats public-priv\u00e9 pour financer des projets durables.<\/li>\n\n<li>Accent mis sur l\u2019\u00e9ducation et la formation pour mieux pr\u00e9parer les jeunes aux d\u00e9fis futurs.<\/li><\/ul><figure class=\"wp-block-image size-large\"><img fetchpriority=\"high\" decoding=\"async\" width=\"1024\" height=\"683\" src=\"https:\/\/africanova.info\/wp-content\/uploads\/2025\/08\/Premiere-reunion-de-lAES-a-Bamako-1024x683.jpg\" alt=\"\" class=\"wp-image-18755\" srcset=\"https:\/\/africanova.info\/wp-content\/uploads\/2025\/08\/Premiere-reunion-de-lAES-a-Bamako-1024x683.jpg 1024w, https:\/\/africanova.info\/wp-content\/uploads\/2025\/08\/Premiere-reunion-de-lAES-a-Bamako-300x200.jpg 300w, https:\/\/africanova.info\/wp-content\/uploads\/2025\/08\/Premiere-reunion-de-lAES-a-Bamako-768x512.jpg 768w, https:\/\/africanova.info\/wp-content\/uploads\/2025\/08\/Premiere-reunion-de-lAES-a-Bamako-1170x780.jpg 1170w, https:\/\/africanova.info\/wp-content\/uploads\/2025\/08\/Premiere-reunion-de-lAES-a-Bamako-585x390.jpg 585w, https:\/\/africanova.info\/wp-content\/uploads\/2025\/08\/Premiere-reunion-de-lAES-a-Bamako-263x175.jpg 263w, https:\/\/africanova.info\/wp-content\/uploads\/2025\/08\/Premiere-reunion-de-lAES-a-Bamako-600x400.jpg 600w, https:\/\/africanova.info\/wp-content\/uploads\/2025\/08\/Premiere-reunion-de-lAES-a-Bamako.jpg 1200w\" sizes=\"(max-width: 1024px) 100vw, 1024px\" \/><\/figure><p>D\u00e9fis \u00e0 relever<br>Le forum n\u2019a pas \u00e9lud\u00e9 les difficult\u00e9s li\u00e9es \u00e0 la persistance de la violence arm\u00e9e, \u00e0 la fragilit\u00e9 institutionnelle et \u00e0 la faiblesse des infrastructures. La mobilisation financi\u00e8re reste insuffisante face \u00e0 l\u2019ampleur des besoins. Enfin, le d\u00e9fi de la coordination, en \u00e9vitant les doublons et en optimisant la compl\u00e9mentarit\u00e9 des acteurs, demeure crucial.<\/p><p>Perspectives<br>Ce premier Forum humanitaire AES \u00e0 Bamako peut devenir une plateforme p\u00e9renne de dialogue et de coop\u00e9ration pour l\u2019ensemble du Sahel. Le succ\u00e8s d\u00e9pendra de la mise en \u0153uvre rapide des recommandations et de l\u2019assiduit\u00e9 des partenaires. Un suivi rigoureux permettra d\u2019\u00e9valuer les progr\u00e8s et d\u2019ajuster les strat\u00e9gies. Pour le Mali, c\u2019est une opportunit\u00e9 de renforcer son autonomie et d\u2019am\u00e9liorer durablement les conditions de vie de ses populations les plus fragiles.<\/p><p><\/p><div class=\"gsp_post_data\" data-post_type=\"post\" data-cat=\"actualites\" data-modified=\"120\" data-title=\"Mali accueille le premier Forum humanitaire de l\u2019AES \u00e0 Bamako : enjeux et perspectives cruciales\" data-home=\"https:\/\/africanova.info\"><\/div>","protected":false},"excerpt":{"rendered":"<p>IntroductionLe Mali vient d\u2019accueillir \u00e0 Bamako le tout premier Forum humanitaire organis\u00e9 par l\u2019Alliance pour l\u2019Entraide Solidaire (AES). Cet \u00e9v\u00e9nement d\u2019envergure internationale r\u00e9unit acteurs humanitaires, institutions gouvernementales, ONG locales et&hellip;<\/p>\n","protected":false},"author":1,"featured_media":18756,"comment_status":"open","ping_status":"open","sticky":false,"template":"","format":"standard","meta":{"_bbp_topic_count":0,"_bbp_reply_count":0,"_bbp_total_topic_count":0,"_bbp_total_reply_count":0,"_bbp_voice_count":0,"_bbp_anonymous_reply_count":0,"_bbp_topic_count_hidden":0,"_bbp_reply_count_hidden":0,"_bbp_forum_subforum_count":0,"_lmt_disableupdate":"","_lmt_disable":"","_jetpack_memberships_contains_paid_content":false,"footnotes":""},"categories":[1],"tags":[],"class_list":["post-18754","post","type-post","status-publish","format-standard","has-post-thumbnail","hentry","category-actualites"],"jetpack_featured_media_url":"https:\/\/africanova.info\/wp-content\/uploads\/2025\/08\/image_870x_684a92eebe456.jpg","jetpack_sharing_enabled":true,"_links":{"self":[{"href":"https:\/\/africanova.info\/index.php?rest_route=\/wp\/v2\/posts\/18754","targetHints":{"allow":["GET"]}}],"collection":[{"href":"https:\/\/africanova.info\/index.php?rest_route=\/wp\/v2\/posts"}],"about":[{"href":"https:\/\/africanova.info\/index.php?rest_route=\/wp\/v2\/types\/post"}],"author":[{"embeddable":true,"href":"https:\/\/africanova.info\/index.php?rest_route=\/wp\/v2\/users\/1"}],"replies":[{"embeddable":true,"href":"https:\/\/africanova.info\/index.php?rest_route=%2Fwp%2Fv2%2Fcomments&post=18754"}],"version-history":[{"count":1,"href":"https:\/\/africanova.info\/index.php?rest_route=\/wp\/v2\/posts\/18754\/revisions"}],"predecessor-version":[{"id":18757,"href":"https:\/\/africanova.info\/index.php?rest_route=\/wp\/v2\/posts\/18754\/revisions\/18757"}],"wp:featuredmedia":[{"embeddable":true,"href":"https:\/\/africanova.info\/index.php?rest_route=\/wp\/v2\/media\/18756"}],"wp:attachment":[{"href":"https:\/\/africanova.info\/index.php?rest_route=%2Fwp%2Fv2%2Fmedia&parent=18754"}],"wp:term":[{"taxonomy":"category","embeddable":true,"href":"https:\/\/africanova.info\/index.php?rest_route=%2Fwp%2Fv2%2Fcategories&post=18754"},{"taxonomy":"post_tag","embeddable":true,"href":"https:\/\/africanova.info\/index.php?rest_route=%2Fwp%2Fv2%2Ftags&post=18754"}],"curies":[{"name":"wp","href":"https:\/\/api.w.org\/{rel}","templated":true}]}}