
{"id":18685,"date":"2025-08-06T12:18:29","date_gmt":"2025-08-06T10:18:29","guid":{"rendered":"https:\/\/africanova.info\/?p=18685"},"modified":"2025-08-06T12:18:33","modified_gmt":"2025-08-06T10:18:33","slug":"guerre-a-gaza-netanyahou-annonce-la-prise-totale-de-gaza-malgre-la-pression-internationale","status":"publish","type":"post","link":"https:\/\/africanova.info\/?p=18685","title":{"rendered":"Guerre \u00e0 Gaza : Netanyahou annonce la prise totale de Gaza malgr\u00e9 la pression internationale"},"content":{"rendered":"<p>Introduction<br>Le Premier ministre isra\u00e9lien Benjamin Netanyahou a d\u00e9clar\u00e9 le 6 ao\u00fbt 2025 son intention de mener \u00e0 terme une op\u00e9ration militaire visant \u00e0 la \u00ab prise totale \u00bb de la bande de Gaza, malgr\u00e9 une pression croissante de la communaut\u00e9 internationale pour \u00e9viter une escalade. Cette annonce intervient dans un contexte explosif marqu\u00e9 par des affrontements intenses entre les forces isra\u00e9liennes et les groupes arm\u00e9s palestiniens, qui ont d\u00e9j\u00e0 fait plusieurs centaines de victimes civiles.<\/p><p>Contexte g\u00e9n\u00e9ral<br>Depuis plusieurs ann\u00e9es, le conflit isra\u00e9lo-palestinien demeure l\u2019un des plus anciens et les plus complexes au monde. La bande de Gaza, territoire palestinien dens\u00e9ment peupl\u00e9, est soumise \u00e0 un blocus isra\u00e9lo-\u00e9gyptien depuis 2007 apr\u00e8s la prise de contr\u00f4le par le Hamas. En 2025, les tensions ont atteint un nouveau sommet avec une s\u00e9rie d\u2019attentats, de ripostes militaires et de frappes a\u00e9riennes qui ont ruin\u00e9 tout espoir de n\u00e9gociations.<\/p><p>Benjamin Netanyahou justifie cette offensive comme une n\u00e9cessit\u00e9 de s\u00e9curit\u00e9 nationale : \u00ab Nous devons \u00e9radiquer les infrastructures terroristes et mettre fin aux attaques qui visent quotidiennement nos citoyens \u00bb, a-t-il d\u00e9clar\u00e9 \u00e0 la Knesset.<\/p><p>D\u00e9roulement des op\u00e9rations<br>Les premi\u00e8res phases de l\u2019op\u00e9ration ont \u00e9t\u00e9 caract\u00e9ris\u00e9es par des raids a\u00e9riens intenses et des incursions terrestres limit\u00e9es, visant \u00e0 cibler les commandements du Hamas et \u00e0 d\u00e9truire les tunnels utilis\u00e9s pour les attaques transfrontali\u00e8res. Selon l\u2019arm\u00e9e isra\u00e9lienne, la r\u00e9sistance est plus dure que pr\u00e9vu et les combats s\u2019\u00e9tendent dans les zones urbanis\u00e9es, compliquant l\u2019intervention.<\/p><p>Du c\u00f4t\u00e9 palestinien, les groupes arm\u00e9s ont multipli\u00e9 les tirs de roquettes vers Isra\u00ebl, augmentant les pertes civiles dans les deux camps. La population civile de Gaza, majoritairement non arm\u00e9e, souffre particuli\u00e8rement du conflit : coupures d\u2019\u00e9lectricit\u00e9 prolong\u00e9es, p\u00e9nurie d\u2019eau potable, h\u00f4pitaux satur\u00e9s et d\u00e9placements massifs.<\/p><p>R\u00e9actions internationales<br>La communaut\u00e9 internationale, y compris l\u2019ONU, l\u2019Union europ\u00e9enne, et plusieurs pays arabes, appelle \u00e0 un cessez-le-feu imm\u00e9diat, soulignant les risques d\u2019une catastrophe humanitaire majeure. Le secr\u00e9taire g\u00e9n\u00e9ral de l\u2019ONU a exprim\u00e9 son \u00ab extr\u00eame inqui\u00e9tude face \u00e0 la hausse du nombre de victimes civiles \u00bb et \u00e0 l\u2019ampleur des destructions.<\/p><p>Par ailleurs, les \u00c9tats-Unis, traditionnellement alli\u00e9s d\u2019Isra\u00ebl, appellent \u00e0 une d\u00e9sescalade tout en reconnaissant le droit d\u2019Isra\u00ebl \u00e0 se d\u00e9fendre, un \u00e9quilibre d\u00e9licat qui nourrit des d\u00e9bats diplomatiques intenses.<\/p><p>Impacts humanitaires et sociaux<br>L\u2019exacerbation du conflit s\u2019accompagne d\u2019une crise humanitaire sans pr\u00e9c\u00e9dent \u00e0 Gaza. Des milliers de personnes d\u00e9plac\u00e9es vivent dans des conditions pr\u00e9caires dans des camps improvis\u00e9s. L\u2019acc\u00e8s \u00e0 l\u2019aide internationale est limit\u00e9 du fait des difficult\u00e9s logistiques et des restrictions impos\u00e9es par les bellig\u00e9rants.<\/p><figure class=\"wp-block-image size-large\"><img fetchpriority=\"high\" decoding=\"async\" width=\"1024\" height=\"459\" src=\"https:\/\/africanova.info\/wp-content\/uploads\/2025\/08\/GettyImages-2182380031-scaled-e1733253256526-1024x459.jpg\" alt=\"\" class=\"wp-image-18688\" srcset=\"https:\/\/africanova.info\/wp-content\/uploads\/2025\/08\/GettyImages-2182380031-scaled-e1733253256526-1024x459.jpg 1024w, https:\/\/africanova.info\/wp-content\/uploads\/2025\/08\/GettyImages-2182380031-scaled-e1733253256526-300x134.jpg 300w, https:\/\/africanova.info\/wp-content\/uploads\/2025\/08\/GettyImages-2182380031-scaled-e1733253256526-768x344.jpg 768w, https:\/\/africanova.info\/wp-content\/uploads\/2025\/08\/GettyImages-2182380031-scaled-e1733253256526-1536x688.jpg 1536w, https:\/\/africanova.info\/wp-content\/uploads\/2025\/08\/GettyImages-2182380031-scaled-e1733253256526-2048x918.jpg 2048w, https:\/\/africanova.info\/wp-content\/uploads\/2025\/08\/GettyImages-2182380031-scaled-e1733253256526-1920x860.jpg 1920w, https:\/\/africanova.info\/wp-content\/uploads\/2025\/08\/GettyImages-2182380031-scaled-e1733253256526-1170x524.jpg 1170w, https:\/\/africanova.info\/wp-content\/uploads\/2025\/08\/GettyImages-2182380031-scaled-e1733253256526-585x262.jpg 585w, https:\/\/africanova.info\/wp-content\/uploads\/2025\/08\/GettyImages-2182380031-scaled-e1733253256526-1320x591.jpg 1320w, https:\/\/africanova.info\/wp-content\/uploads\/2025\/08\/GettyImages-2182380031-scaled-e1733253256526-600x269.jpg 600w\" sizes=\"(max-width: 1024px) 100vw, 1024px\" \/><\/figure><p>L\u2019Organisation mondiale de la sant\u00e9 alerte sur le risque d\u2019\u00e9pid\u00e9mies dues \u00e0 l\u2019insalubrit\u00e9 et au manque de m\u00e9dicaments. Les femmes, les enfants et les personnes \u00e2g\u00e9es figurent parmi les plus vuln\u00e9rables, victimes collat\u00e9rales d\u2019un conflit qui n\u2019\u00e9pargne aucun secteur de la vie civile.<\/p><p>Perspectives et enjeux politiques<br>Alors que Netanyahu s\u2019engage \u00e0 poursuivre les op\u00e9rations, certains analystes soulignent que la prise militaire totale de Gaza risque d\u2019entrainer une guerre prolong\u00e9e, avec des r\u00e9percussions dans toute la r\u00e9gion, y compris une augmentation du soutien aux groupes extr\u00e9mistes.<\/p><p>Au sein m\u00eame d\u2019Isra\u00ebl, la d\u00e9cision du Premier ministre suscite des divisions politiques, avec des voix appelant \u00e0 la n\u00e9gociation et d&rsquo;autres soutenant l\u2019option militaire \u00e0 outrance. Parmi les Palestiniens, la fragmentation politique et la radicalisation probable compliquent d\u2019autant plus la recherche d\u2019une solution pacifique.<\/p><p>Ce conflit souligne l\u2019impasse dans laquelle restent enferm\u00e9s les processus de paix au Moyen-Orient, malgr\u00e9 des d\u00e9cennies de tentatives diplomatiques.<\/p><p><\/p><div class=\"gsp_post_data\" data-post_type=\"post\" data-cat=\"actualites\" data-modified=\"120\" data-title=\"Guerre \u00e0 Gaza : Netanyahou annonce la prise totale de Gaza malgr\u00e9 la pression internationale\" data-home=\"https:\/\/africanova.info\"><\/div>","protected":false},"excerpt":{"rendered":"<p>IntroductionLe Premier ministre isra\u00e9lien Benjamin Netanyahou a d\u00e9clar\u00e9 le 6 ao\u00fbt 2025 son intention de mener \u00e0 terme une op\u00e9ration militaire visant \u00e0 la \u00ab prise totale \u00bb de la&hellip;<\/p>\n","protected":false},"author":1,"featured_media":18687,"comment_status":"open","ping_status":"open","sticky":false,"template":"","format":"standard","meta":{"_bbp_topic_count":0,"_bbp_reply_count":0,"_bbp_total_topic_count":0,"_bbp_total_reply_count":0,"_bbp_voice_count":0,"_bbp_anonymous_reply_count":0,"_bbp_topic_count_hidden":0,"_bbp_reply_count_hidden":0,"_bbp_forum_subforum_count":0,"_lmt_disableupdate":"","_lmt_disable":"","_jetpack_memberships_contains_paid_content":false,"footnotes":""},"categories":[1],"tags":[10933,10931,2436,10930,10932,10935,10936],"class_list":["post-18685","post","type-post","status-publish","format-standard","has-post-thumbnail","hentry","category-actualites","tag-cessez-le-feu-gaza","tag-conflit-israel-palestine","tag-crise-humanitaire-gaza","tag-netanyahou-gaza","tag-offensive-militaire-israel","tag-riposte-hamas","tag-tension-moyen-orient-2025"],"jetpack_featured_media_url":"https:\/\/africanova.info\/wp-content\/uploads\/2025\/08\/GV7IOMTOHJBZRDXQVHTSUDLTLU-1-scaled.jpg","jetpack_sharing_enabled":true,"_links":{"self":[{"href":"https:\/\/africanova.info\/index.php?rest_route=\/wp\/v2\/posts\/18685","targetHints":{"allow":["GET"]}}],"collection":[{"href":"https:\/\/africanova.info\/index.php?rest_route=\/wp\/v2\/posts"}],"about":[{"href":"https:\/\/africanova.info\/index.php?rest_route=\/wp\/v2\/types\/post"}],"author":[{"embeddable":true,"href":"https:\/\/africanova.info\/index.php?rest_route=\/wp\/v2\/users\/1"}],"replies":[{"embeddable":true,"href":"https:\/\/africanova.info\/index.php?rest_route=%2Fwp%2Fv2%2Fcomments&post=18685"}],"version-history":[{"count":1,"href":"https:\/\/africanova.info\/index.php?rest_route=\/wp\/v2\/posts\/18685\/revisions"}],"predecessor-version":[{"id":18690,"href":"https:\/\/africanova.info\/index.php?rest_route=\/wp\/v2\/posts\/18685\/revisions\/18690"}],"wp:featuredmedia":[{"embeddable":true,"href":"https:\/\/africanova.info\/index.php?rest_route=\/wp\/v2\/media\/18687"}],"wp:attachment":[{"href":"https:\/\/africanova.info\/index.php?rest_route=%2Fwp%2Fv2%2Fmedia&parent=18685"}],"wp:term":[{"taxonomy":"category","embeddable":true,"href":"https:\/\/africanova.info\/index.php?rest_route=%2Fwp%2Fv2%2Fcategories&post=18685"},{"taxonomy":"post_tag","embeddable":true,"href":"https:\/\/africanova.info\/index.php?rest_route=%2Fwp%2Fv2%2Ftags&post=18685"}],"curies":[{"name":"wp","href":"https:\/\/api.w.org\/{rel}","templated":true}]}}