
{"id":18643,"date":"2025-08-06T10:44:24","date_gmt":"2025-08-06T08:44:24","guid":{"rendered":"https:\/\/africanova.info\/?p=18643"},"modified":"2025-08-06T10:44:27","modified_gmt":"2025-08-06T08:44:27","slug":"rdc-nouveaux-affrontements-au-kivu-la-crise-humanitaire-saggrave-dans-lest-du-pays","status":"publish","type":"post","link":"https:\/\/africanova.info\/?p=18643","title":{"rendered":"RDC : Nouveaux affrontements au Kivu \u2013 La crise humanitaire s\u2019aggrave dans l\u2019est du pays"},"content":{"rendered":"<p>Introduction<br>L\u2019Est de la R\u00e9publique d\u00e9mocratique du Congo vient une nouvelle fois de s\u2019embraser. Depuis le 2 ao\u00fbt, des combats intenses opposent divers groupes arm\u00e9s autour des villes de Goma et Bukavu, aggravant une crise humanitaire d\u00e9j\u00e0 dramatique. D\u00e9j\u00e0 meurtrie par des ann\u00e9es de conflits, la population du Kivu se retrouve \u00e0 nouveau prise en \u00e9tau, poussant des milliers de civils sur les routes de l\u2019exil.<\/p><p>Contexte d\u2019une instabilit\u00e9 chronique<br>La r\u00e9gion du Kivu compte parmi les foyers de violences les plus persistants d\u2019Afrique. Plus de 120 groupes arm\u00e9s y op\u00e8rent, motiv\u00e9s par le contr\u00f4le de ressources mini\u00e8res et le r\u00e8glement de conflits ethniques ou fonciers. Depuis juillet, une r\u00e9surgence des hostilit\u00e9s entre le M23 et l\u2019arm\u00e9e congolaise a relanc\u00e9 les violences\u202f: villages incendi\u00e9s, populations d\u00e9plac\u00e9es, attaques contre les forces de maintien de la paix de la MONUSCO.<\/p><p>T\u00e9moignages des d\u00e9plac\u00e9s<br>\u00ab\u202fNous avons d\u00fb fuir en pleine nuit. Tout est parti en fum\u00e9e\u202f\u00bb, d\u00e9clare Jean-Paul, p\u00e8re de cinq enfants r\u00e9fugi\u00e9 dans un camp pr\u00e8s de Goma, o\u00f9 le manque d\u2019eau, de nourriture et de soins sanitaires rend la vie particuli\u00e8rement difficile. Les structures humanitaires sont d\u00e9bord\u00e9es et peinent \u00e0 fournir abris ou m\u00e9dicaments aux familles.<\/p><figure class=\"wp-block-image size-large\"><img fetchpriority=\"high\" decoding=\"async\" width=\"1024\" height=\"464\" src=\"https:\/\/africanova.info\/wp-content\/uploads\/2025\/08\/image1170x530cropped-1024x464.jpg\" alt=\"\" class=\"wp-image-18644\" srcset=\"https:\/\/africanova.info\/wp-content\/uploads\/2025\/08\/image1170x530cropped-1024x464.jpg 1024w, https:\/\/africanova.info\/wp-content\/uploads\/2025\/08\/image1170x530cropped-300x136.jpg 300w, https:\/\/africanova.info\/wp-content\/uploads\/2025\/08\/image1170x530cropped-768x348.jpg 768w, https:\/\/africanova.info\/wp-content\/uploads\/2025\/08\/image1170x530cropped-585x265.jpg 585w, https:\/\/africanova.info\/wp-content\/uploads\/2025\/08\/image1170x530cropped-600x272.jpg 600w, https:\/\/africanova.info\/wp-content\/uploads\/2025\/08\/image1170x530cropped.jpg 1170w\" sizes=\"(max-width: 1024px) 100vw, 1024px\" \/><\/figure><p>Des cons\u00e9quences r\u00e9gionales<br>Cette flamb\u00e9e de violence a provoqu\u00e9 un nouvel afflux de r\u00e9fugi\u00e9s vers l\u2019Ouganda et le Rwanda. Les organisations internationales \u00e9voquent plus de 50\u202f000 nouveaux d\u00e9plac\u00e9s depuis la fin juillet. \u00ab\u202fLe Kivu ne peut plus attendre des solutions temporaires. Il faut une r\u00e9ponse de fond, s\u00e9curitaire et politique,\u202f\u00bb d\u00e9clare la coordinatrice du HCR \u00e0 Kinshasa.<\/p><p>Enjeux politiques et espoirs de paix<br>Le gouvernement congolais appelle le Conseil de s\u00e9curit\u00e9 de l\u2019ONU \u00e0 renforcer la MONUSCO et invite les pays voisins \u00e0 cesser tout soutien aux groupes arm\u00e9s. Mais la peur d\u2019une escalade et la m\u00e9fiance restent vives. Malgr\u00e9 les efforts de m\u00e9diation de l\u2019Union africaine, un r\u00e8glement effectif para\u00eet lointain.<\/p><p><\/p><div class=\"gsp_post_data\" data-post_type=\"post\" data-cat=\"actualites\" data-modified=\"120\" data-title=\"RDC : Nouveaux affrontements au Kivu \u2013 La crise humanitaire s\u2019aggrave dans l\u2019est du pays\" data-home=\"https:\/\/africanova.info\"><\/div>","protected":false},"excerpt":{"rendered":"<p>IntroductionL\u2019Est de la R\u00e9publique d\u00e9mocratique du Congo vient une nouvelle fois de s\u2019embraser. Depuis le 2 ao\u00fbt, des combats intenses opposent divers groupes arm\u00e9s autour des villes de Goma et&hellip;<\/p>\n","protected":false},"author":1,"featured_media":18645,"comment_status":"open","ping_status":"open","sticky":false,"template":"","format":"standard","meta":{"_bbp_topic_count":0,"_bbp_reply_count":0,"_bbp_total_topic_count":0,"_bbp_total_reply_count":0,"_bbp_voice_count":0,"_bbp_anonymous_reply_count":0,"_bbp_topic_count_hidden":0,"_bbp_reply_count_hidden":0,"_bbp_forum_subforum_count":0,"_lmt_disableupdate":"","_lmt_disable":"","_jetpack_memberships_contains_paid_content":false,"footnotes":""},"categories":[1],"tags":[],"class_list":["post-18643","post","type-post","status-publish","format-standard","has-post-thumbnail","hentry","category-actualites"],"jetpack_featured_media_url":"https:\/\/africanova.info\/wp-content\/uploads\/2025\/08\/image1024x768.jpg","jetpack_sharing_enabled":true,"_links":{"self":[{"href":"https:\/\/africanova.info\/index.php?rest_route=\/wp\/v2\/posts\/18643","targetHints":{"allow":["GET"]}}],"collection":[{"href":"https:\/\/africanova.info\/index.php?rest_route=\/wp\/v2\/posts"}],"about":[{"href":"https:\/\/africanova.info\/index.php?rest_route=\/wp\/v2\/types\/post"}],"author":[{"embeddable":true,"href":"https:\/\/africanova.info\/index.php?rest_route=\/wp\/v2\/users\/1"}],"replies":[{"embeddable":true,"href":"https:\/\/africanova.info\/index.php?rest_route=%2Fwp%2Fv2%2Fcomments&post=18643"}],"version-history":[{"count":1,"href":"https:\/\/africanova.info\/index.php?rest_route=\/wp\/v2\/posts\/18643\/revisions"}],"predecessor-version":[{"id":18646,"href":"https:\/\/africanova.info\/index.php?rest_route=\/wp\/v2\/posts\/18643\/revisions\/18646"}],"wp:featuredmedia":[{"embeddable":true,"href":"https:\/\/africanova.info\/index.php?rest_route=\/wp\/v2\/media\/18645"}],"wp:attachment":[{"href":"https:\/\/africanova.info\/index.php?rest_route=%2Fwp%2Fv2%2Fmedia&parent=18643"}],"wp:term":[{"taxonomy":"category","embeddable":true,"href":"https:\/\/africanova.info\/index.php?rest_route=%2Fwp%2Fv2%2Fcategories&post=18643"},{"taxonomy":"post_tag","embeddable":true,"href":"https:\/\/africanova.info\/index.php?rest_route=%2Fwp%2Fv2%2Ftags&post=18643"}],"curies":[{"name":"wp","href":"https:\/\/api.w.org\/{rel}","templated":true}]}}