
{"id":18269,"date":"2025-07-30T03:53:36","date_gmt":"2025-07-30T01:53:36","guid":{"rendered":"https:\/\/africanova.info\/?p=18269"},"modified":"2025-07-30T03:53:39","modified_gmt":"2025-07-30T01:53:39","slug":"france-fo-appelle-a-la-greve-generale-contre-le-budget-2026-a-partir-de-septembre","status":"publish","type":"post","link":"https:\/\/africanova.info\/?p=18269","title":{"rendered":"France \u2013 FO appelle \u00e0 la gr\u00e8ve g\u00e9n\u00e9rale contre le budget 2026 \u00e0 partir de septembre"},"content":{"rendered":"<p><em>Introduction<\/em><br>La F\u00e9d\u00e9ration FO (Force Ouvri\u00e8re), troisi\u00e8me syndicat en France, a lanc\u00e9 un appel \u00e0 la gr\u00e8ve g\u00e9n\u00e9rale d\u00e8s le 1er septembre 2025, en r\u00e9action au projet de loi de finances 2026 pr\u00e9sent\u00e9 par le gouvernement. Cette mobilisation traduit une vive opposition aux mesures jug\u00e9es insuffisamment protectrices des droits sociaux, des services publics, et aggravant les in\u00e9galit\u00e9s, notamment en p\u00e9riode de tensions \u00e9conomiques.<\/p><p>Origines et motifs de la gr\u00e8ve g\u00e9n\u00e9rale annonc\u00e9e<\/p><p>Le projet de budget 2026 pr\u00e9voit plusieurs r\u00e9formes dont certaines sont per\u00e7ues comme des reculs sociaux importants : r\u00e9ductions de d\u00e9penses dans certains secteurs, r\u00e9formes des retraites, gel ou baisse des salaires dans la fonction publique, et restrictions dans les aides sociales.<\/p><p>Pour FO, ces mesures risquent de fragiliser davantage les travailleurs et les familles modestes, d\u2019accentuer la pr\u00e9carit\u00e9, et de d\u00e9grader la qualit\u00e9 des services publics essentiels. L\u2019appel \u00e0 une mobilisation g\u00e9n\u00e9rale vise donc \u00e0 faire pression pour une r\u00e9vision du texte gouvernemental.<\/p><p>Les revendications syndicales et points de tension<\/p><p>Les revendications centrales portent sur :<\/p><ul class=\"wp-block-list\"><li>La d\u00e9fense des droits \u00e0 la retraite et une \u00e9ventuelle revalorisation des pensions.<\/li>\n\n<li>L\u2019am\u00e9lioration des conditions de travail et des salaires dans la fonction publique et le priv\u00e9.<\/li>\n\n<li>Le maintien et le renforcement des services publics, notamment dans la sant\u00e9, l\u2019\u00e9ducation et les transports.<\/li>\n\n<li>La lutte contre les politiques d\u2019aust\u00e9rit\u00e9 qui affectent les plus vuln\u00e9rables.<\/li><\/ul><p>FO demande \u00e9galement une vraie concertation sociale et un dialogue \u00e9largi avec l\u2019ensemble des partenaires sociaux, d\u00e9non\u00e7ant un calendrier l\u00e9gislatif jug\u00e9 pr\u00e9cipit\u00e9.<\/p><p>Pr\u00e9paration et d\u00e9roulement de la mobilisation<\/p><p>FO a d\u00e9pos\u00e9 un pr\u00e9avis de gr\u00e8ve national couvrant toutes les fonctions publiques mais aussi les secteurs priv\u00e9s o\u00f9 le syndicat est implant\u00e9. Des rassemblements, manifestations, et assembl\u00e9es sont pr\u00e9vues pour sensibiliser l\u2019opinion publique et coordonner l\u2019action syndicale.<\/p><p>Cette initiative intervient dans un contexte social d\u00e9j\u00e0 tendu, marqu\u00e9 par des mobilisations sectorielles fr\u00e9quentes et une m\u00e9fiance grandissante vis-\u00e0-vis des r\u00e9formes gouvernementales.<\/p><p>R\u00e9actions politiques et sociales<\/p><p>Le gouvernement a pris acte de l\u2019appel \u00e0 la gr\u00e8ve, tout en affirmant son engagement pour un budget \u00e9quilibr\u00e9 et tourn\u00e9 vers la relance \u00e9conomique. Les ministres concern\u00e9s ont appel\u00e9 au dialogue, tout en restant fermes sur la n\u00e9cessit\u00e9 des r\u00e9formes.<\/p><p>Dans l\u2019opinion publique, les avis sont partag\u00e9s entre ceux qui soutiennent les revendications sociales et ceux qui craignent un paralysie de l\u2019\u00e9conomie et des services publics.<\/p><figure class=\"wp-block-image size-full is-resized\"><img fetchpriority=\"high\" decoding=\"async\" width=\"640\" height=\"480\" src=\"https:\/\/africanova.info\/wp-content\/uploads\/2025\/07\/e7f0e9d574f2b6efa71319d9094c3ad1.jpeg\" alt=\"\" class=\"wp-image-18270\" style=\"width:780px;height:auto\" srcset=\"https:\/\/africanova.info\/wp-content\/uploads\/2025\/07\/e7f0e9d574f2b6efa71319d9094c3ad1.jpeg 640w, https:\/\/africanova.info\/wp-content\/uploads\/2025\/07\/e7f0e9d574f2b6efa71319d9094c3ad1-300x225.jpeg 300w, https:\/\/africanova.info\/wp-content\/uploads\/2025\/07\/e7f0e9d574f2b6efa71319d9094c3ad1-585x439.jpeg 585w, https:\/\/africanova.info\/wp-content\/uploads\/2025\/07\/e7f0e9d574f2b6efa71319d9094c3ad1-600x450.jpeg 600w\" sizes=\"(max-width: 640px) 100vw, 640px\" \/><\/figure><p>Enjeux pour la soci\u00e9t\u00e9 fran\u00e7aise et la p\u00e9riode \u00e0 venir<\/p><p>La gr\u00e8ve g\u00e9n\u00e9rale annonc\u00e9e pourrait marquer un tournant dans le rapport de force social en France, testant la capacit\u00e9 des syndicats \u00e0 f\u00e9d\u00e9rer autour d\u2019un objectif commun face \u00e0 un gouvernement volontaire.<\/p><p>Elle intervient dans un contexte \u00e9conomique incertain, avec des tensions inflationnistes, un march\u00e9 du travail fluctuants, et une opinion publique sensible aux questions de justice sociale.<\/p><p><em>Conclusion<\/em><br>L\u2019appel \u00e0 la gr\u00e8ve g\u00e9n\u00e9rale de FO en France contre le budget 2026 traduit la profonde inqui\u00e9tude des forces syndicales face aux choix politiques actuels. Ce mouvement social, potentiellement massif, devra \u00eatre suivi de pr\u00e8s pour comprendre ses r\u00e9percussions politiques, \u00e9conomiques et sociales \u00e0 court et moyen terme.<\/p><div class=\"gsp_post_data\" data-post_type=\"post\" data-cat=\"actualites\" data-modified=\"120\" data-title=\"France \u2013 FO appelle \u00e0 la gr\u00e8ve g\u00e9n\u00e9rale contre le budget 2026 \u00e0 partir de septembre\" data-home=\"https:\/\/africanova.info\"><\/div>","protected":false},"excerpt":{"rendered":"<p>IntroductionLa F\u00e9d\u00e9ration FO (Force Ouvri\u00e8re), troisi\u00e8me syndicat en France, a lanc\u00e9 un appel \u00e0 la gr\u00e8ve g\u00e9n\u00e9rale d\u00e8s le 1er septembre 2025, en r\u00e9action au projet de loi de finances&hellip;<\/p>\n","protected":false},"author":1,"featured_media":18271,"comment_status":"open","ping_status":"open","sticky":false,"template":"","format":"standard","meta":{"_bbp_topic_count":0,"_bbp_reply_count":0,"_bbp_total_topic_count":0,"_bbp_total_reply_count":0,"_bbp_voice_count":0,"_bbp_anonymous_reply_count":0,"_bbp_topic_count_hidden":0,"_bbp_reply_count_hidden":0,"_bbp_forum_subforum_count":0,"_lmt_disableupdate":"","_lmt_disable":"","_jetpack_memberships_contains_paid_content":false,"footnotes":""},"categories":[1],"tags":[],"class_list":["post-18269","post","type-post","status-publish","format-standard","has-post-thumbnail","hentry","category-actualites"],"jetpack_featured_media_url":"https:\/\/africanova.info\/wp-content\/uploads\/2025\/07\/dec744ee77014e3b0a8abb80a177c6c2.jpeg","jetpack_sharing_enabled":true,"_links":{"self":[{"href":"https:\/\/africanova.info\/index.php?rest_route=\/wp\/v2\/posts\/18269","targetHints":{"allow":["GET"]}}],"collection":[{"href":"https:\/\/africanova.info\/index.php?rest_route=\/wp\/v2\/posts"}],"about":[{"href":"https:\/\/africanova.info\/index.php?rest_route=\/wp\/v2\/types\/post"}],"author":[{"embeddable":true,"href":"https:\/\/africanova.info\/index.php?rest_route=\/wp\/v2\/users\/1"}],"replies":[{"embeddable":true,"href":"https:\/\/africanova.info\/index.php?rest_route=%2Fwp%2Fv2%2Fcomments&post=18269"}],"version-history":[{"count":1,"href":"https:\/\/africanova.info\/index.php?rest_route=\/wp\/v2\/posts\/18269\/revisions"}],"predecessor-version":[{"id":18272,"href":"https:\/\/africanova.info\/index.php?rest_route=\/wp\/v2\/posts\/18269\/revisions\/18272"}],"wp:featuredmedia":[{"embeddable":true,"href":"https:\/\/africanova.info\/index.php?rest_route=\/wp\/v2\/media\/18271"}],"wp:attachment":[{"href":"https:\/\/africanova.info\/index.php?rest_route=%2Fwp%2Fv2%2Fmedia&parent=18269"}],"wp:term":[{"taxonomy":"category","embeddable":true,"href":"https:\/\/africanova.info\/index.php?rest_route=%2Fwp%2Fv2%2Fcategories&post=18269"},{"taxonomy":"post_tag","embeddable":true,"href":"https:\/\/africanova.info\/index.php?rest_route=%2Fwp%2Fv2%2Ftags&post=18269"}],"curies":[{"name":"wp","href":"https:\/\/api.w.org\/{rel}","templated":true}]}}