
{"id":18227,"date":"2025-07-30T03:35:46","date_gmt":"2025-07-30T01:35:46","guid":{"rendered":"https:\/\/africanova.info\/?p=18227"},"modified":"2025-07-30T03:35:50","modified_gmt":"2025-07-30T01:35:50","slug":"pays-bas-deux-ministres-israeliens-dextreme-droite-declares-persona-non-grata","status":"publish","type":"post","link":"https:\/\/africanova.info\/?p=18227","title":{"rendered":"Pays-Bas \u2013 deux ministres isra\u00e9liens d\u2019extr\u00eame droite d\u00e9clar\u00e9s persona non grata"},"content":{"rendered":"<p><em>Introduction<\/em><br>Les autorit\u00e9s n\u00e9erlandaises ont pris une d\u00e9cision diplomatique forte en d\u00e9clarant persona non grata deux ministres isra\u00e9liens d\u2019extr\u00eame droite, provoquant une crise politique au sein des relations entre les Pays-Bas et Isra\u00ebl. Cette mesure, sans pr\u00e9c\u00e9dent, refl\u00e8te les tensions croissantes li\u00e9es aux positions et actions controvers\u00e9es de ces ministres sur la sc\u00e8ne internationale et particuli\u00e8rement dans le contexte du conflit isra\u00e9lo-palestinien.<\/p><p>Contexte diplomatique et politique<\/p><p>Les ministres isra\u00e9liens concern\u00e9s occupent des postes cl\u00e9s au sein du gouvernement et sont connus pour leurs positions radicales, notamment concernant la colonisation en Cisjordanie, les politiques de s\u00e9curit\u00e9 vis-\u00e0-vis des Palestiniens, et leur rh\u00e9torique tr\u00e8s dure. Leur pr\u00e9sence aux Pays-Bas avait suscit\u00e9 d\u00e8s l\u2019annonce des critiques de la part de plusieurs partis politiques, d\u2019associations de d\u00e9fense des droits humains et d\u2019une partie de l\u2019opinion publique n\u00e9erlandaise.<\/p><p>Face \u00e0 cette pression, le gouvernement n\u00e9erlandais a annonc\u00e9 que ces deux ministres ne sont plus les bienvenus sur son territoire, les qualifiant de \u00ab persona non grata \u00bb. Cette mesure signifie qu\u2019ils ne pourront plus participer \u00e0 des visites officielles, \u00e0 des r\u00e9unions diplomatiques ou \u00e0 tout \u00e9v\u00e9nement public organis\u00e9 aux Pays-Bas.<\/p><p>R\u00e9actions en Isra\u00ebl et aux Pays-Bas<\/p><p>Isra\u00ebl a fermement condamn\u00e9 cette d\u00e9cision, d\u00e9non\u00e7ant une atteinte \u00e0 la souverainet\u00e9 nationale et une interpr\u00e9tation biais\u00e9e des actions de ses ministres. Le gouvernement isra\u00e9lien a qualifi\u00e9 cette mesure de geste provocateur qui risque de nuire \u00e0 la coop\u00e9ration bilat\u00e9rale dans divers domaines.<\/p><p>Aux Pays-Bas, la d\u00e9cision a \u00e9t\u00e9 per\u00e7ue comme un signal clair de rejet des politiques d\u2019extr\u00eame droite per\u00e7ues comme mena\u00e7antes pour la paix et la s\u00e9curit\u00e9 r\u00e9gionale. Plusieurs responsables politiques insistent sur le fait que cette mesure s\u2019inscrit dans la d\u00e9fense des valeurs d\u00e9mocratiques, des droits humains et du respect du droit international.<\/p><p>Impact sur les relations bilat\u00e9rales<\/p><p>Cette d\u00e9marche in\u00e9dite risque de compliquer les relations diplomatiques entre les deux pays, qui entretiennent pourtant des liens \u00e9conomiques, culturels et de coop\u00e9ration importants. Des discussions sont attendues pour tenter de r\u00e9duire les tensions, mais les divergences politiques profondes rendent toute r\u00e9conciliation \u00e0 court terme incertaine.<\/p><p>L\u2019incident intervient dans un contexte europ\u00e9en de mont\u00e9e des d\u00e9bats sur les politiques isra\u00e9liennes en territoire occup\u00e9, alimentant la polarisation diplomatique et les mobilisations de la soci\u00e9t\u00e9 civile en Europe.<\/p><figure class=\"wp-block-image size-large\"><img fetchpriority=\"high\" decoding=\"async\" width=\"1024\" height=\"768\" src=\"https:\/\/africanova.info\/wp-content\/uploads\/2025\/07\/8fe295a857aa8543e7e52dc633fae210d41ad9b1-89750067-1024x768.webp\" alt=\"\" class=\"wp-image-18228\" srcset=\"https:\/\/africanova.info\/wp-content\/uploads\/2025\/07\/8fe295a857aa8543e7e52dc633fae210d41ad9b1-89750067-1024x768.webp 1024w, https:\/\/africanova.info\/wp-content\/uploads\/2025\/07\/8fe295a857aa8543e7e52dc633fae210d41ad9b1-89750067-300x225.webp 300w, https:\/\/africanova.info\/wp-content\/uploads\/2025\/07\/8fe295a857aa8543e7e52dc633fae210d41ad9b1-89750067-768x576.webp 768w, https:\/\/africanova.info\/wp-content\/uploads\/2025\/07\/8fe295a857aa8543e7e52dc633fae210d41ad9b1-89750067.webp 1400w\" sizes=\"(max-width: 1024px) 100vw, 1024px\" \/><\/figure><p>Enjeux g\u00e9opolitiques et diplomatiques plus larges<\/p><p>La d\u00e9claration persona non grata de ministres \u00e9trangers est un outil diplomatique rare, qui souligne l\u2019importance des principes sur lesquels se fondent les relations internationales aujourd\u2019hui, notamment le respect des droits humains. Elle refl\u00e8te aussi la mont\u00e9e des voix critiques \u00e0 l\u2019\u00e9gard d\u2019Isra\u00ebl dans certains cercles occidentaux.<\/p><p>Ce fait illustre la complexit\u00e9 des \u00e9quilibres internationaux dans un monde o\u00f9 les valeurs d\u00e9mocratiques et les int\u00e9r\u00eats strat\u00e9giques se confrontent r\u00e9guli\u00e8rement. Alors que certains pays cherchent \u00e0 renforcer leurs partenariats avec Isra\u00ebl, d\u2019autres prennent des positions plus fermes, ce qui fragmente la coh\u00e9rence de l\u2019Union europ\u00e9enne et de ses alli\u00e9s.<\/p><p><em>Conclusion<\/em><br>La d\u00e9claration persona non grata des deux ministres isra\u00e9liens aux Pays-Bas marque un tournant dans la diplomatie europ\u00e9enne concernant Isra\u00ebl. Ce geste traduit une condamnation symbolique forte qui pourrait avoir des r\u00e9percussions durables sur les relations bilat\u00e9rales et la sc\u00e8ne politique europ\u00e9enne. Le suivi de cette affaire sera crucial pour observer les cons\u00e9quences sur la paix en r\u00e9gion et la diplomatie continentale.<\/p><div class=\"gsp_post_data\" data-post_type=\"post\" data-cat=\"actualites\" data-modified=\"120\" data-title=\"Pays-Bas \u2013 deux ministres isra\u00e9liens d\u2019extr\u00eame droite d\u00e9clar\u00e9s persona non grata\" data-home=\"https:\/\/africanova.info\"><\/div>","protected":false},"excerpt":{"rendered":"<p>IntroductionLes autorit\u00e9s n\u00e9erlandaises ont pris une d\u00e9cision diplomatique forte en d\u00e9clarant persona non grata deux ministres isra\u00e9liens d\u2019extr\u00eame droite, provoquant une crise politique au sein des relations entre les Pays-Bas&hellip;<\/p>\n","protected":false},"author":1,"featured_media":18229,"comment_status":"open","ping_status":"open","sticky":false,"template":"","format":"standard","meta":{"_bbp_topic_count":0,"_bbp_reply_count":0,"_bbp_total_topic_count":0,"_bbp_total_reply_count":0,"_bbp_voice_count":0,"_bbp_anonymous_reply_count":0,"_bbp_topic_count_hidden":0,"_bbp_reply_count_hidden":0,"_bbp_forum_subforum_count":0,"_lmt_disableupdate":"","_lmt_disable":"","_jetpack_memberships_contains_paid_content":false,"footnotes":""},"categories":[1],"tags":[],"class_list":["post-18227","post","type-post","status-publish","format-standard","has-post-thumbnail","hentry","category-actualites"],"jetpack_featured_media_url":"https:\/\/africanova.info\/wp-content\/uploads\/2025\/07\/medias_287801.webp","jetpack_sharing_enabled":true,"_links":{"self":[{"href":"https:\/\/africanova.info\/index.php?rest_route=\/wp\/v2\/posts\/18227","targetHints":{"allow":["GET"]}}],"collection":[{"href":"https:\/\/africanova.info\/index.php?rest_route=\/wp\/v2\/posts"}],"about":[{"href":"https:\/\/africanova.info\/index.php?rest_route=\/wp\/v2\/types\/post"}],"author":[{"embeddable":true,"href":"https:\/\/africanova.info\/index.php?rest_route=\/wp\/v2\/users\/1"}],"replies":[{"embeddable":true,"href":"https:\/\/africanova.info\/index.php?rest_route=%2Fwp%2Fv2%2Fcomments&post=18227"}],"version-history":[{"count":1,"href":"https:\/\/africanova.info\/index.php?rest_route=\/wp\/v2\/posts\/18227\/revisions"}],"predecessor-version":[{"id":18231,"href":"https:\/\/africanova.info\/index.php?rest_route=\/wp\/v2\/posts\/18227\/revisions\/18231"}],"wp:featuredmedia":[{"embeddable":true,"href":"https:\/\/africanova.info\/index.php?rest_route=\/wp\/v2\/media\/18229"}],"wp:attachment":[{"href":"https:\/\/africanova.info\/index.php?rest_route=%2Fwp%2Fv2%2Fmedia&parent=18227"}],"wp:term":[{"taxonomy":"category","embeddable":true,"href":"https:\/\/africanova.info\/index.php?rest_route=%2Fwp%2Fv2%2Fcategories&post=18227"},{"taxonomy":"post_tag","embeddable":true,"href":"https:\/\/africanova.info\/index.php?rest_route=%2Fwp%2Fv2%2Ftags&post=18227"}],"curies":[{"name":"wp","href":"https:\/\/api.w.org\/{rel}","templated":true}]}}