
{"id":18218,"date":"2025-07-30T03:31:33","date_gmt":"2025-07-30T01:31:33","guid":{"rendered":"https:\/\/africanova.info\/?p=18218"},"modified":"2025-07-30T03:31:33","modified_gmt":"2025-07-30T01:31:33","slug":"paris-qualifie-les-violences-des-colons-israeliens-en-cisjordanie-dactes-de-terrorisme","status":"publish","type":"post","link":"https:\/\/africanova.info\/?p=18218","title":{"rendered":"Paris qualifie les violences des colons isra\u00e9liens en Cisjordanie \u00ab d\u2019actes de terrorisme \u00bb"},"content":{"rendered":"<p><em>Introduction<\/em><br>La position ferme de la France sur le conflit isra\u00e9lo-palestinien s\u2019est exprim\u00e9e de fa\u00e7on marquante le 29 juillet 2025, avec la qualification par Paris des violences perp\u00e9tr\u00e9es par des colons isra\u00e9liens en Cisjordanie comme des \u00ab actes de terrorisme \u00bb. Cette d\u00e9claration intervient dans un contexte d\u2019exacerbation des hostilit\u00e9s et soul\u00e8ve de nouvelles tensions diplomatiques \u00e0 l\u2019\u00e9chelle internationale.<\/p><p>Contexte des violences en Cisjordanie<\/p><p>La Cisjordanie est depuis des d\u00e9cennies un territoire marqu\u00e9 par des tensions entre colons isra\u00e9liens et populations palestiniennes. R\u00e9cemment, des groupes extr\u00e9mistes parmi les colons ont multipli\u00e9 les attaques contre des civils palestiniens, des propri\u00e9t\u00e9s et des lieux de culte, aggravant un climat d\u00e9j\u00e0 fragile. Ces actes sont souvent suivis de repr\u00e9sailles, creusant davantage le cycle de violence.<\/p><p>La r\u00e9action fran\u00e7aise et son impact diplomatique<\/p><p>Le minist\u00e8re fran\u00e7ais des affaires \u00e9trang\u00e8res a condamn\u00e9 ces violences en les qualifiant d\u2019\u00ab actes de terrorisme \u00bb, un terme fort qui souligne le caract\u00e8re d\u00e9lib\u00e9r\u00e9 et cibl\u00e9 de ces agressions. Cette prise de position vise \u00e0 alerter la communaut\u00e9 internationale et appelle \u00e0 la responsabilit\u00e9 d\u2019Isra\u00ebl dans la protection de toutes les populations sous son contr\u00f4le.<\/p><p>Cette d\u00e9claration a suscit\u00e9 des r\u00e9actions contrast\u00e9es : un soutien des pays arabes et de certains \u00c9tats occidentaux appelant \u00e0 plus de pression pour la paix, mais aussi une protestation isra\u00e9lienne d\u00e9non\u00e7ant une ing\u00e9rence dans ses affaires int\u00e9rieures et une interpr\u00e9tation partiale des faits.<\/p><figure class=\"wp-block-image size-full\"><img fetchpriority=\"high\" decoding=\"async\" width=\"800\" height=\"551\" src=\"https:\/\/africanova.info\/wp-content\/uploads\/2025\/07\/REA11318119_pr.webp\" alt=\"\" class=\"wp-image-18219\" srcset=\"https:\/\/africanova.info\/wp-content\/uploads\/2025\/07\/REA11318119_pr.webp 800w, https:\/\/africanova.info\/wp-content\/uploads\/2025\/07\/REA11318119_pr-300x207.webp 300w, https:\/\/africanova.info\/wp-content\/uploads\/2025\/07\/REA11318119_pr-768x529.webp 768w, https:\/\/africanova.info\/wp-content\/uploads\/2025\/07\/REA11318119_pr-585x403.webp 585w, https:\/\/africanova.info\/wp-content\/uploads\/2025\/07\/REA11318119_pr-600x413.webp 600w\" sizes=\"(max-width: 800px) 100vw, 800px\" \/><\/figure><p>Enjeux pour le processus de paix<\/p><p>La mont\u00e9e des violences remet en question les avanc\u00e9es esp\u00e9r\u00e9es dans le processus de paix. Les appels \u00e0 un dialogue renouvel\u00e9 et \u00e0 la reprise des n\u00e9gociations diplomatiques se multiplient, notamment de la part des Nations unies et de l\u2019Union europ\u00e9enne. La France, par sa position, tente de jouer un r\u00f4le d\u2019\u00e9quilibriste entre pression sur Isra\u00ebl et soutien \u00e0 une solution bas\u00e9e sur deux \u00c9tats.<\/p><p>Cons\u00e9quences humanitaires et sociales<\/p><p>Sur le terrain, les populations palestiniennes subissent des d\u00e9placements forc\u00e9s, des pertes mat\u00e9rielles et un sentiment d\u2019ins\u00e9curit\u00e9 croissant. L\u2019impact psychologique est consid\u00e9rable, en particulier sur les jeunes g\u00e9n\u00e9rations. De nombreuses ONG d\u00e9noncent l\u2019absence de r\u00e9ponses efficaces et appellent \u00e0 une protection renforc\u00e9e des droits humains.<\/p><p><em>Perspectives<\/em><br>La qualification fran\u00e7aise des violences comme terroristes accentue la pression internationale sur Isra\u00ebl, mais aussi sur la communaut\u00e9 palestinienne pour mod\u00e9rer ses r\u00e9actions. La paix appara\u00eet plus que jamais suspendue \u00e0 une r\u00e9solution politique rapide et \u00e9quitable, condition essentielle \u00e0 la stabilit\u00e9 r\u00e9gionale.<\/p><div class=\"gsp_post_data\" data-post_type=\"post\" data-cat=\"actualites\" data-modified=\"120\" data-title=\"Paris qualifie les violences des colons isra\u00e9liens en Cisjordanie \u00ab d\u2019actes de terrorisme \u00bb\" data-home=\"https:\/\/africanova.info\"><\/div>","protected":false},"excerpt":{"rendered":"<p>IntroductionLa position ferme de la France sur le conflit isra\u00e9lo-palestinien s\u2019est exprim\u00e9e de fa\u00e7on marquante le 29 juillet 2025, avec la qualification par Paris des violences perp\u00e9tr\u00e9es par des colons&hellip;<\/p>\n","protected":false},"author":1,"featured_media":18220,"comment_status":"open","ping_status":"open","sticky":false,"template":"","format":"standard","meta":{"_bbp_topic_count":0,"_bbp_reply_count":0,"_bbp_total_topic_count":0,"_bbp_total_reply_count":0,"_bbp_voice_count":0,"_bbp_anonymous_reply_count":0,"_bbp_topic_count_hidden":0,"_bbp_reply_count_hidden":0,"_bbp_forum_subforum_count":0,"_lmt_disableupdate":"","_lmt_disable":"","_jetpack_memberships_contains_paid_content":false,"footnotes":""},"categories":[1],"tags":[],"class_list":["post-18218","post","type-post","status-publish","format-standard","has-post-thumbnail","hentry","category-actualites"],"jetpack_featured_media_url":"https:\/\/africanova.info\/wp-content\/uploads\/2025\/07\/78132414-56737167.jpg","jetpack_sharing_enabled":true,"_links":{"self":[{"href":"https:\/\/africanova.info\/index.php?rest_route=\/wp\/v2\/posts\/18218","targetHints":{"allow":["GET"]}}],"collection":[{"href":"https:\/\/africanova.info\/index.php?rest_route=\/wp\/v2\/posts"}],"about":[{"href":"https:\/\/africanova.info\/index.php?rest_route=\/wp\/v2\/types\/post"}],"author":[{"embeddable":true,"href":"https:\/\/africanova.info\/index.php?rest_route=\/wp\/v2\/users\/1"}],"replies":[{"embeddable":true,"href":"https:\/\/africanova.info\/index.php?rest_route=%2Fwp%2Fv2%2Fcomments&post=18218"}],"version-history":[{"count":1,"href":"https:\/\/africanova.info\/index.php?rest_route=\/wp\/v2\/posts\/18218\/revisions"}],"predecessor-version":[{"id":18221,"href":"https:\/\/africanova.info\/index.php?rest_route=\/wp\/v2\/posts\/18218\/revisions\/18221"}],"wp:featuredmedia":[{"embeddable":true,"href":"https:\/\/africanova.info\/index.php?rest_route=\/wp\/v2\/media\/18220"}],"wp:attachment":[{"href":"https:\/\/africanova.info\/index.php?rest_route=%2Fwp%2Fv2%2Fmedia&parent=18218"}],"wp:term":[{"taxonomy":"category","embeddable":true,"href":"https:\/\/africanova.info\/index.php?rest_route=%2Fwp%2Fv2%2Fcategories&post=18218"},{"taxonomy":"post_tag","embeddable":true,"href":"https:\/\/africanova.info\/index.php?rest_route=%2Fwp%2Fv2%2Ftags&post=18218"}],"curies":[{"name":"wp","href":"https:\/\/api.w.org\/{rel}","templated":true}]}}